{"id":241492,"date":"2023-06-02T09:45:17","date_gmt":"2023-06-02T13:45:17","guid":{"rendered":"https:\/\/www.ocorreionews.com.br\/acervo-correio\/?p=241492"},"modified":"2023-06-02T09:45:17","modified_gmt":"2023-06-02T13:45:17","slug":"vale-mais-a-popularidade-ou-a-credibilidade","status":"publish","type":"post","link":"https:\/\/www.ocorreionews.com.br\/acervo-correio\/?p=241492","title":{"rendered":"Vale mais a popularidade ou a credibilidade?"},"content":{"rendered":"<p><strong><u>DECISIVA:<\/u><\/strong>\u00a0 Na avalia\u00e7\u00e3o de candidaturas, entre a popularidade e a credibilidade deve prevalecer o \u00faltimo fator. Popularidade n\u00e3o representa capacidade. Apesar de simp\u00e1tica \u00e9 fruto da demagogia e posturas d\u00fabias. Quanto a credibilidade \u00e9 alicer\u00e7ada em outros valores, independe de apar\u00eancias. \u00c9 resultado de uma boa conduta, chancelada pela opini\u00e3o p\u00fablica.<\/p>\n<p><strong><u>CALMA!\u00a0<\/u><\/strong> Nada contra a popularidade. Mas o ideal \u00e9 que ela venha acompanhada da credibilidade necess\u00e1ria para fazer frente aos desafios que o cargo exige, seja ele qual for. Imagine se os popular\u00edssimos Moacir Franco, Sergio Reis e Agnaldo Tim\u00f3teo\u00a0tivessem bom n\u00edvel de preparo para a fun\u00e7\u00e3o de deputado federal. Teriam sido espetaculares.<\/p>\n<div id=\"taboola-mid-article\" class=\"d-print-none my-3\"><\/div>\n<p><strong><u>TRUQUES:\u00a0<\/u><\/strong> O termo \u00e9 antigo mas v\u00e1lido. Hoje existem recursos para melhorar, maquiar, mudar, trabalhar e popularizar a imagem do pol\u00edtico. Fonaudiologia, implante capilar, regime alimentar, implante dent\u00e1rio, aulas de orat\u00f3ria, lentes de contato e vestu\u00e1rio. A ex-presidente Dilma Roussef (PT) pode atestar a validade desta f\u00f3rmula.<\/p>\n<p><strong><u>MUDAN\u00c7AS: <\/u><\/strong>V\u00e3o al\u00e9m. Gra\u00e7as aos marqueteiros os candidatos passam por uma reciclagem comportamental. Ganham maior intimidade com as c\u00e2meras, microfones e celulares, frequentam ambientes antes improv\u00e1veis e passam a demonstrar interesse e opinam sobre assuntos do dia a dia. Enfim, vale tudo para chegar ao poder.<\/p>\n<p><strong><u>SACANAGEM:\u00a0<\/u><\/strong> O perfil era 10. Ant\u00f4nio Erm\u00edrio de Morais gerava 60 mil empregos, entusiasta pelo pa\u00eds, escritor com bom tr\u00e2nsito na m\u00eddia. Todas essas qualidades foram insuficientes para popularizar sua imagem e perdeu as elei\u00e7\u00f5es ao\u00a0 governo de S\u00e3o Paulo para Orestes Qu\u00e9rcia (1986). Ali o populismo demagogo venceu a credibilidade.<\/p>\n<p><strong><u>INC\u00d3GNITA:<\/u><\/strong> Aquela derrota gerou conclus\u00f5es ir\u00f4nicas sobre a postura do eleitor brasileiro. Ele rejeita verdades duras e prefere mentiras leves. N\u00e3o quer fazer sacrif\u00edcios para o bem comum. No fundo \u00e9 compar\u00e1vel ao eleitor portenho pichando num muro de Buenos Aires: \u201cArgentinos: chega de realidades! Agora n\u00f3s queremos promessas! \u201d.<\/p>\n<p><strong><u>OS IGUAIS:\u00a0<\/u><\/strong>\u00a0\u201cJogadores de futebol e pol\u00edticos s\u00e3o parecid\u00edssimos. Ambos rejeitam a ideia de parar devido ao fator idade\u201d. A compara\u00e7\u00e3o \u00e9 do estrategista pol\u00edtico Sergio de Paula, que responde pelo escrit\u00f3rio de MS em Bras\u00edlia. Os in\u00fameros atletas veteranos em nossos gramados e outros tantos de pol\u00edticos \u00a0ainda na ativa comprovam isso.<\/p>\n<p><strong><u>DO LEITOR:\u00a0<\/u><\/strong>\u201c\u00c9 preciso reconhecer os bons pol\u00edticos, sem idolatr\u00e1-los. N\u00e3o brigue por causa deles. N\u00e3o vale a pena. Na hora do voto n\u00e3o vote pela simpatia, mas pelo curr\u00edculo e capacidade comprovada. Gra\u00e7as aos pol\u00edticos a conta n\u00e3o fecha. De todo o PIB sobra apenas 10% no m\u00e1ximo para sa\u00fade, infra-estrutura e educa\u00e7\u00e3o. Pense nisso\u201d.<\/p>\n<p><strong><u>A PROP\u00d3SITO:<\/u><\/strong> O leitor diz bem. Aproveito para complementar: os pol\u00edticos seriam realmente transparentes nas suas a\u00e7\u00f5es ao longo do mandato? Ser\u00e1 que o eleitor se sente \u00a0efetivamente representado pelos pol\u00edticos que levaram seu voto (de confian\u00e7a)? Essa postura passiva (do eleitor) acaba tendo v\u00ednculos de cumplicidade. <strong>Quem cala&#8230;<\/strong><\/p>\n<p><strong><u>\u00a0<\/u><\/strong><\/p>\n<p><strong><u>FOLCLORE:\u00a0<\/u><\/strong> O escritor Graciliano Ramos foi prefeito de Palmeira dos \u00cdndios (AL) e marcou pelos seus relat\u00f3rios ao Governador. Um deles: \u201cPensei em construir um novo cemit\u00e9rio, pois o que temos dentro em pouco ser\u00e1 insuficiente, mas os trabalhos a que me aventurei, necess\u00e1rios aos vivos, n\u00e3o me permitiram a execu\u00e7\u00e3o de uma obra, embora \u00fatil, prorrog\u00e1vel. <strong>Os mortos esperar\u00e3o mais algum tempo. S\u00e3o os mun\u00edcipes que n\u00e3o reclamam. \u201d<\/strong><\/p>\n<p><strong><u>OLHAR CL\u00cdNICO:\u00a0<\/u><\/strong>\u00a0Sobre o \u2018del\u00edrio\u2019 de se tentar cidade por cidade a escolha do candidato a prefeito que atenda os interesses do PSDB e MDB, a deputada Mara Caseiro (PSDB) com a habitual \u2018finesse\u2019 antecipa: \u201c n\u00e3o h\u00e1 clima para acordo na grande maioria das cidades. \u201d Convenhamos; Mara tem conhecimento da mat\u00e9ria.<\/p>\n<p><strong><u>AUTORIDADE:\u00a0<\/u><\/strong> Mara aprendeu que n\u00e3o se pode acomodar em campanha e n\u00e3o por acaso foi votada (49.512) em todos os munic\u00edpios. Nestes encontros com as lideran\u00e7as\u00a0 locais faz a leitura do quadro pol\u00edtico em todos os n\u00edveis. Portanto sua vis\u00e3o sobre os perfis dos protagonistas municipais antecipa o resultados deste projeto de acordo.<\/p>\n<p><strong><u>CONCORD\u00c2NCIA:<\/u><\/strong> Tamb\u00e9m calejado em elei\u00e7\u00f5es o deputado Jr. Mochi (MDB) confessa n\u00e3o se iludir por teses ing\u00eanuas de entendimento pol\u00edtico f\u00e1cil. Ele observa que os obst\u00e1culos maiores est\u00e3o justamente nas chamadas bases eleitorais, onde interesses comuns dividem as lideran\u00e7as e por consequ\u00eancia a popula\u00e7\u00e3o.<\/p>\n<p><strong><u>APAR\u00caNCIAS:<\/u><\/strong> Ap\u00f3s deparar com a foto do ex-governador Azambuja (PSDB) com Paulo Duarte, presidente do PSB \u2013 estou convencido de que o vereador Carl\u00e3o (PSB) (presidente da C\u00e2mara Municipal) ser\u00e1 o companheiro do deputado Beto Pereira (PSDB) no pleito municipal da capital. Os indicativos levam a essa conclus\u00e3o.<\/p>\n<p><strong><u>\u00c9 CEDO:<\/u><\/strong>\u00a0 Observadores preferem esperar mais um pouco para aferir os efeitos da uni\u00e3o da prefeita Adriane Lopes e do marido deputado L\u00eddio Lopes com a senadora Tereza Cristina (PP).\u00a0 O PP, al\u00e9m da senadora, conta com o vice governador Jos\u00e9 C. Barbosa, o prefeito de Dourados Alan Guedes, o presidente da Assembleia deputado Gerson Claro e os deputados Londres Machado e Luiz Ovando. Bom time.<\/p>\n<p><strong><u>LEITE &amp; POL\u00cdTICA:<\/u><\/strong> 60 latic\u00ednios e 20 mil produtores no MS. Ca\u00edmos de 1 milh\u00e3o de litros di\u00e1rios para 500 mil. Os deputados Gerson Claro (PP) e Renato C\u00e2mara (MDB) querem reverter o quadro com incentivos fiscais do Governo Estadual. O Brasil tem o 2\u00ba rebanho leiteiro do mundo, a \u00cdndia l\u00eddera. Os americanos bebem 327 litros\/ano e os brasileiros apenas 172 litros.<\/p>\n<p><strong><u>JR. MOCHI:\u00a0<\/u><\/strong>N\u00e3o quer polemizar, tirar ou mudar o nome do MS. Apenas acrescentar o slogan <strong>\u201cO Estado do Pantanal\u201d<\/strong> ao logotipo do Governo do Estado do Mato Grosso do Sul. \u00c9 a apropria\u00e7\u00e3o do Pantanal como grife da regi\u00e3o, para atrair investimentos, eventos e parcerias ligados ao meio ambiente inclusive.\u00a0 O projeto difere dos anteriores e j\u00e1 ganhou a simpatia de todos na Assembleia.<\/p>\n<p><strong><u>QUEST\u00d5ES:\u00a0<\/u> <\/strong>Papo antip\u00e1tico ao clima de euforia gerado pelas florestas. Mas ser\u00e1 que n\u00e3o haveria cr\u00edticas \u00e0 invas\u00e3o dos eucaliptos? Em Tr\u00eas Lagoas h\u00e1 despovoamento do campo e isso \u00e9 constatado pela diminui\u00e7\u00e3o brutal de alunos nas escolas rurais na regi\u00e3o onde trabalhavam os seus pa\u00eds. Claro que o progresso cobra um pre\u00e7o. \u00c0s vezes impag\u00e1vel.<\/p>\n<p><strong><u>\u00a0<\/u><\/strong><\/p>\n<p><strong><u>RUMO CERTO:\u00a0<\/u><\/strong>\u00a0Deputado federal precisa defender uma causa. \u00c9 o que faz Rodolfo Nogueira (PL), coerente com suas propostas de palanque para n\u00e3o decepcionar a classe ruralista. Rodolfo aprende r\u00e1pido de que o parlamentar em Bras\u00edlia n\u00e3o pode ficar fora de seu grupo. Ganha maturidade pol\u00edtica marcando espa\u00e7o no universo ruralista.<\/p>\n<p><strong><u>AN\u00c1LISE: <\/u><\/strong>\u201c&#8230;Lula venceu porque uma boa fatia dos eleitores centristas preferiu seu nome ao de Bolsonaro. Mas, no parlamento, foi a direita, n\u00e3o a esquerda, que avan\u00e7ou. E temos hoje um legislativo muito mais forte do que era 20 anos atr\u00e1s. Mesmo assim, penso que o governo est\u00e1 sofrendo mais que o necess\u00e1rio, e parte grande da responsabilidade cabe a Lula&#8230;\u201d\u00a0 <strong>(Helio Schwartsman<\/strong>, na FSP)<\/p>\n<p>&nbsp;<\/p>\n<p><strong><u>PILULA\u00a0 AMARGA:<\/u><\/strong><\/p>\n<p><strong>\u201cCollor caiu nessa m\u00e1quina de moer quem perde o poder\u201d &#8211; (Elio Gaspari)<\/strong><\/p>\n","protected":false},"excerpt":{"rendered":"<p>DECISIVA:\u00a0 Na avalia\u00e7\u00e3o de candidaturas, entre a popularidade e a credibilidade deve prevalecer o \u00faltimo fator. Popularidade n\u00e3o representa capacidade. Apesar de simp\u00e1tica \u00e9 fruto da demagogia e posturas d\u00fabias. Quanto a credibilidade \u00e9 alicer\u00e7ada em outros valores, independe de apar\u00eancias. \u00c9 resultado de uma boa conduta, chancelada pela opini\u00e3o p\u00fablica. CALMA!\u00a0 Nada contra a [&hellip;]<\/p>\n","protected":false},"author":4,"featured_media":172463,"comment_status":"closed","ping_status":"closed","sticky":false,"template":"","format":"standard","meta":{"footnotes":""},"categories":[37],"tags":[],"class_list":["post-241492","post","type-post","status-publish","format-standard","has-post-thumbnail","hentry","category-politica"],"_links":{"self":[{"href":"https:\/\/www.ocorreionews.com.br\/acervo-correio\/index.php?rest_route=\/wp\/v2\/posts\/241492","targetHints":{"allow":["GET"]}}],"collection":[{"href":"https:\/\/www.ocorreionews.com.br\/acervo-correio\/index.php?rest_route=\/wp\/v2\/posts"}],"about":[{"href":"https:\/\/www.ocorreionews.com.br\/acervo-correio\/index.php?rest_route=\/wp\/v2\/types\/post"}],"author":[{"embeddable":true,"href":"https:\/\/www.ocorreionews.com.br\/acervo-correio\/index.php?rest_route=\/wp\/v2\/users\/4"}],"replies":[{"embeddable":true,"href":"https:\/\/www.ocorreionews.com.br\/acervo-correio\/index.php?rest_route=%2Fwp%2Fv2%2Fcomments&post=241492"}],"version-history":[{"count":1,"href":"https:\/\/www.ocorreionews.com.br\/acervo-correio\/index.php?rest_route=\/wp\/v2\/posts\/241492\/revisions"}],"predecessor-version":[{"id":241493,"href":"https:\/\/www.ocorreionews.com.br\/acervo-correio\/index.php?rest_route=\/wp\/v2\/posts\/241492\/revisions\/241493"}],"wp:featuredmedia":[{"embeddable":true,"href":"https:\/\/www.ocorreionews.com.br\/acervo-correio\/index.php?rest_route=\/wp\/v2\/media\/172463"}],"wp:attachment":[{"href":"https:\/\/www.ocorreionews.com.br\/acervo-correio\/index.php?rest_route=%2Fwp%2Fv2%2Fmedia&parent=241492"}],"wp:term":[{"taxonomy":"category","embeddable":true,"href":"https:\/\/www.ocorreionews.com.br\/acervo-correio\/index.php?rest_route=%2Fwp%2Fv2%2Fcategories&post=241492"},{"taxonomy":"post_tag","embeddable":true,"href":"https:\/\/www.ocorreionews.com.br\/acervo-correio\/index.php?rest_route=%2Fwp%2Fv2%2Ftags&post=241492"}],"curies":[{"name":"wp","href":"https:\/\/api.w.org\/{rel}","templated":true}]}}