{"id":241501,"date":"2023-06-02T12:49:41","date_gmt":"2023-06-02T16:49:41","guid":{"rendered":"https:\/\/www.ocorreionews.com.br\/acervo-correio\/?p=241501"},"modified":"2023-06-02T12:49:41","modified_gmt":"2023-06-02T16:49:41","slug":"legislativo-de-alcinopolis-divulga-pauta-prevista-para-a-proxima-sessao-ordinaria-3","status":"publish","type":"post","link":"https:\/\/www.ocorreionews.com.br\/acervo-correio\/?p=241501","title":{"rendered":"Legislativo de Alcin\u00f3polis divulga pauta prevista para a pr\u00f3xima Sess\u00e3o Ordin\u00e1ria"},"content":{"rendered":"<p class=\"x_MsoNormal\">A pr\u00f3xima Sess\u00e3o Ordin\u00e1ria est\u00e1 programada para acontecer no dia 05 de junho, no Plen\u00e1rio \u201cAdolfo Alves Carneiro&#8221;.<\/p>\n<p class=\"x_MsoNormal\">Para esta Sess\u00e3o est\u00e1 prevista a apresenta\u00e7\u00e3o do Projeto de Lei n\u00ba 12\/23, que autoriza o Poder Executivo construir ou reformar cal\u00e7adas para adequa\u00e7\u00f5es dos passeios dos im\u00f3veis urbanos \u00e0s normas legais e institui o Programa \u201cPasseio Seguro\u201d; e do Projeto de Lei Complementar n\u00ba 11\/23, que disp\u00f5e sobre a altera\u00e7\u00e3o da Lei Complementar Municipal n\u00ba 88\/23.<\/p>\n<p class=\"x_MsoNormal\">Um destaque para a pr\u00f3xima sess\u00e3o ser\u00e1 a vota\u00e7\u00e3o de tr\u00eas Projetos de Lei: o de n\u00ba 9\/23, que autoriza o Poder Executivo a firmar conv\u00eanio com entidades sem fins lucrativos visando a realiza\u00e7\u00e3o de consultas m\u00e9dicas, bem como exames laboratoriais de baixa e m\u00e9dia complexidades; o de n\u00ba 10\/23, que altera a reda\u00e7\u00e3o do inciso III do artigo 6\u00ba da Lei n\u00ba 502\/21; e o Complementar n\u00ba 6\/23, que revoga a Lei Complementar n\u00ba 31, de 22 de dezembro de 2010; acrescenta, altera e revoga dispositivos na Lei Complementar n\u00ba 43, de 24 de dezembro de 2013, que institui o C\u00f3digo Tribut\u00e1rio de munic\u00edpio de Alcin\u00f3polis.<\/p>\n<p class=\"x_MsoNormal\">Oriundos do Legislativo Municipal est\u00e3o a apresenta\u00e7\u00e3o das indica\u00e7\u00f5es: a de n\u00ba 59\/23, de autoria do vereador Ga\u00facho da Relojoaria (PMDB), solicitando a celebra\u00e7\u00e3o de conv\u00eanio com o Tribunal de Justi\u00e7a de Mato Grosso do Sul para a implanta\u00e7\u00e3o\u00a0 do \u201cLar Legal\u201d a fim de regularizar terrenos urbanos e propriedades rurais de pequeno porte; e a de n\u00ba 60\/23, de autoria da vereadora Onilza Matias (PL), solicitando a instala\u00e7\u00e3o de dois mata-burros na estrada que d\u00e1 acesso \u00e0 ch\u00e1cara Irm\u00e3os Benevides e do sr. \u00c9riston, sendo esta, linha de transporte escolar.<\/p>\n<p class=\"x_MsoNormal\">A Sess\u00e3o est\u00e1 prevista para iniciar \u00e0s 09h00 e ser\u00e1 transmitida pelas m\u00eddias sociais oficiais do Poder Legislativo Municipal, atrav\u00e9s de Live, e pela R\u00e1dio Educativa FM.<\/p>\n<p class=\"x_MsoNormal\" style=\"text-align: center;\"><i>C\u00e2mara Municipal de Alcin\u00f3polis \u2013 MS<\/i><\/p>\n<p>&nbsp;<\/p>\n<p>&nbsp;<\/p>\n<p class=\"x_MsoNormal\"><i>*Assessoria de Comunica\u00e7\u00e3o \u2013 ASCOM <\/i><i>Jornalista Bruna Souza<\/i><\/p>\n","protected":false},"excerpt":{"rendered":"<p>A pr\u00f3xima Sess\u00e3o Ordin\u00e1ria est\u00e1 programada para acontecer no dia 05 de junho, no Plen\u00e1rio \u201cAdolfo Alves Carneiro&#8221;. Para esta Sess\u00e3o est\u00e1 prevista a apresenta\u00e7\u00e3o do Projeto de Lei n\u00ba 12\/23, que autoriza o Poder Executivo construir ou reformar cal\u00e7adas para adequa\u00e7\u00f5es dos passeios dos im\u00f3veis urbanos \u00e0s normas legais e institui o Programa \u201cPasseio [&hellip;]<\/p>\n","protected":false},"author":5,"featured_media":239952,"comment_status":"closed","ping_status":"closed","sticky":false,"template":"","format":"standard","meta":{"footnotes":""},"categories":[18,20],"tags":[],"class_list":["post-241501","post","type-post","status-publish","format-standard","has-post-thumbnail","hentry","category-alcinopolis","category-camara-municipal"],"_links":{"self":[{"href":"https:\/\/www.ocorreionews.com.br\/acervo-correio\/index.php?rest_route=\/wp\/v2\/posts\/241501","targetHints":{"allow":["GET"]}}],"collection":[{"href":"https:\/\/www.ocorreionews.com.br\/acervo-correio\/index.php?rest_route=\/wp\/v2\/posts"}],"about":[{"href":"https:\/\/www.ocorreionews.com.br\/acervo-correio\/index.php?rest_route=\/wp\/v2\/types\/post"}],"author":[{"embeddable":true,"href":"https:\/\/www.ocorreionews.com.br\/acervo-correio\/index.php?rest_route=\/wp\/v2\/users\/5"}],"replies":[{"embeddable":true,"href":"https:\/\/www.ocorreionews.com.br\/acervo-correio\/index.php?rest_route=%2Fwp%2Fv2%2Fcomments&post=241501"}],"version-history":[{"count":1,"href":"https:\/\/www.ocorreionews.com.br\/acervo-correio\/index.php?rest_route=\/wp\/v2\/posts\/241501\/revisions"}],"predecessor-version":[{"id":241503,"href":"https:\/\/www.ocorreionews.com.br\/acervo-correio\/index.php?rest_route=\/wp\/v2\/posts\/241501\/revisions\/241503"}],"wp:featuredmedia":[{"embeddable":true,"href":"https:\/\/www.ocorreionews.com.br\/acervo-correio\/index.php?rest_route=\/wp\/v2\/media\/239952"}],"wp:attachment":[{"href":"https:\/\/www.ocorreionews.com.br\/acervo-correio\/index.php?rest_route=%2Fwp%2Fv2%2Fmedia&parent=241501"}],"wp:term":[{"taxonomy":"category","embeddable":true,"href":"https:\/\/www.ocorreionews.com.br\/acervo-correio\/index.php?rest_route=%2Fwp%2Fv2%2Fcategories&post=241501"},{"taxonomy":"post_tag","embeddable":true,"href":"https:\/\/www.ocorreionews.com.br\/acervo-correio\/index.php?rest_route=%2Fwp%2Fv2%2Ftags&post=241501"}],"curies":[{"name":"wp","href":"https:\/\/api.w.org\/{rel}","templated":true}]}}