{"id":241502,"date":"2023-06-02T13:12:27","date_gmt":"2023-06-02T17:12:27","guid":{"rendered":"https:\/\/www.ocorreionews.com.br\/acervo-correio\/?p=241502"},"modified":"2023-06-02T13:12:27","modified_gmt":"2023-06-02T17:12:27","slug":"pensando-em-inclusao-pela-primeira-vez-a-exposul-contara-com-area-para-cadeirantes","status":"publish","type":"post","link":"https:\/\/www.ocorreionews.com.br\/acervo-correio\/?p=241502","title":{"rendered":"Pensando em inclus\u00e3o pela primeira vez a Exposul contar\u00e1 com \u00e1rea para cadeirantes"},"content":{"rendered":"<p>O Sindicato Rural de Chapad\u00e3o do Sul pensando em uma festa para todos, pela primeira vez o recinto contar\u00e1 com uma \u00e1rea exclusiva para os cadeirantes curtir o rodeio e os shows da Exposul.<\/p>\n<p>Al\u00e9m das grandes novidades para este ano a diretoria do Sindicato n\u00e3o deixou de fora as pessoas que precisam de necessidades especiais e contara com um espa\u00e7o onde todos possam desfrutar dos rodeios e shows na arena com conforto e seguran\u00e7a<\/p>\n<p>Agnaldo, cadeirante, vivencia a emo\u00e7\u00e3o de um espa\u00e7o totalmente acess\u00edvel para cadeirantes na feira, assim como ele, todos que compartilham dessa conquista.<\/p>\n<p>A 29\u00aa Exposul sem d\u00favida marcar\u00e1 uma nova era. A festa come\u00e7a na pr\u00f3xima quarta-feira (07) e vai at\u00e9 o dia 11 de junho.<\/p>\n<div style=\"width: 480px;\" class=\"wp-video\"><!--[if lt IE 9]><script>document.createElement('video');<\/script><![endif]-->\n<video class=\"wp-video-shortcode\" id=\"video-241502-1\" width=\"480\" height=\"848\" preload=\"metadata\" controls=\"controls\"><source type=\"video\/mp4\" src=\"https:\/\/www.ocorreionews.com.br\/acervo-correio\/wp-content\/uploads\/2023\/06\/WhatsApp-Video-2023-06-02-at-12.26.11.mp4?_=1\" \/><a href=\"https:\/\/www.ocorreionews.com.br\/acervo-correio\/wp-content\/uploads\/2023\/06\/WhatsApp-Video-2023-06-02-at-12.26.11.mp4\">https:\/\/www.ocorreionews.com.br\/acervo-correio\/wp-content\/uploads\/2023\/06\/WhatsApp-Video-2023-06-02-at-12.26.11.mp4<\/a><\/video><\/div>\n<p><a href=\"https:\/\/www.ocorreionews.com.br\/acervo-correio\/wp-content\/uploads\/2023\/04\/Cartaz-Oficia-29a-Exposul.jpg\"><img loading=\"lazy\" decoding=\"async\" class=\"alignnone  wp-image-238852\" src=\"https:\/\/www.ocorreionews.com.br\/acervo-correio\/wp-content\/uploads\/2023\/04\/Cartaz-Oficia-29a-Exposul.jpg\" alt=\"\" width=\"601\" height=\"814\" srcset=\"https:\/\/www.ocorreionews.com.br\/acervo-correio\/wp-content\/uploads\/2023\/04\/Cartaz-Oficia-29a-Exposul.jpg 1181w, https:\/\/www.ocorreionews.com.br\/acervo-correio\/wp-content\/uploads\/2023\/04\/Cartaz-Oficia-29a-Exposul-221x300.jpg 221w, https:\/\/www.ocorreionews.com.br\/acervo-correio\/wp-content\/uploads\/2023\/04\/Cartaz-Oficia-29a-Exposul-756x1024.jpg 756w, https:\/\/www.ocorreionews.com.br\/acervo-correio\/wp-content\/uploads\/2023\/04\/Cartaz-Oficia-29a-Exposul-768x1040.jpg 768w, https:\/\/www.ocorreionews.com.br\/acervo-correio\/wp-content\/uploads\/2023\/04\/Cartaz-Oficia-29a-Exposul-1134x1536.jpg 1134w\" sizes=\"auto, (max-width: 601px) 100vw, 601px\" \/><\/a><\/p>\n<p>&nbsp;<\/p>\n<p>&nbsp;<\/p>\n<p>&nbsp;<\/p>\n","protected":false},"excerpt":{"rendered":"<p>O Sindicato Rural de Chapad\u00e3o do Sul pensando em uma festa para todos, pela primeira vez o recinto contar\u00e1 com uma \u00e1rea exclusiva para os cadeirantes curtir o rodeio e os shows da Exposul. Al\u00e9m das grandes novidades para este ano a diretoria do Sindicato n\u00e3o deixou de fora as pessoas que precisam de necessidades [&hellip;]<\/p>\n","protected":false},"author":5,"featured_media":241504,"comment_status":"closed","ping_status":"closed","sticky":false,"template":"","format":"standard","meta":{"footnotes":""},"categories":[23,41],"tags":[],"class_list":["post-241502","post","type-post","status-publish","format-standard","has-post-thumbnail","hentry","category-chapadao-do-sul","category-destaque"],"_links":{"self":[{"href":"https:\/\/www.ocorreionews.com.br\/acervo-correio\/index.php?rest_route=\/wp\/v2\/posts\/241502","targetHints":{"allow":["GET"]}}],"collection":[{"href":"https:\/\/www.ocorreionews.com.br\/acervo-correio\/index.php?rest_route=\/wp\/v2\/posts"}],"about":[{"href":"https:\/\/www.ocorreionews.com.br\/acervo-correio\/index.php?rest_route=\/wp\/v2\/types\/post"}],"author":[{"embeddable":true,"href":"https:\/\/www.ocorreionews.com.br\/acervo-correio\/index.php?rest_route=\/wp\/v2\/users\/5"}],"replies":[{"embeddable":true,"href":"https:\/\/www.ocorreionews.com.br\/acervo-correio\/index.php?rest_route=%2Fwp%2Fv2%2Fcomments&post=241502"}],"version-history":[{"count":1,"href":"https:\/\/www.ocorreionews.com.br\/acervo-correio\/index.php?rest_route=\/wp\/v2\/posts\/241502\/revisions"}],"predecessor-version":[{"id":241507,"href":"https:\/\/www.ocorreionews.com.br\/acervo-correio\/index.php?rest_route=\/wp\/v2\/posts\/241502\/revisions\/241507"}],"wp:featuredmedia":[{"embeddable":true,"href":"https:\/\/www.ocorreionews.com.br\/acervo-correio\/index.php?rest_route=\/wp\/v2\/media\/241504"}],"wp:attachment":[{"href":"https:\/\/www.ocorreionews.com.br\/acervo-correio\/index.php?rest_route=%2Fwp%2Fv2%2Fmedia&parent=241502"}],"wp:term":[{"taxonomy":"category","embeddable":true,"href":"https:\/\/www.ocorreionews.com.br\/acervo-correio\/index.php?rest_route=%2Fwp%2Fv2%2Fcategories&post=241502"},{"taxonomy":"post_tag","embeddable":true,"href":"https:\/\/www.ocorreionews.com.br\/acervo-correio\/index.php?rest_route=%2Fwp%2Fv2%2Ftags&post=241502"}],"curies":[{"name":"wp","href":"https:\/\/api.w.org\/{rel}","templated":true}]}}