{"id":241509,"date":"2023-06-02T13:27:20","date_gmt":"2023-06-02T17:27:20","guid":{"rendered":"https:\/\/www.ocorreionews.com.br\/acervo-correio\/?p=241509"},"modified":"2023-06-02T13:27:20","modified_gmt":"2023-06-02T17:27:20","slug":"sicredi-celeiro-promove-palestra-sobre-insumos-agricolas-e-mercado-financeiro-na-expo-sonora-2023","status":"publish","type":"post","link":"https:\/\/www.ocorreionews.com.br\/acervo-correio\/?p=241509","title":{"rendered":"Sicredi Celeiro promove palestra sobre insumos agr\u00edcolas e mercado financeiro na Expo Sonora 2023"},"content":{"rendered":"<p>Entender o mercado agr\u00edcola e o porqu\u00ea da queda de pre\u00e7o recente de produtos como soja, milho e boi, foram alguns dos assuntos que a Cooperativa Sicredi Celeiro Centro Oeste abordou durante a Expo Sonora 2023.\u00a0 A institui\u00e7\u00e3o financeira promoveu nesta quinta-feira (1) a palestra \u201cCommodities Agr\u00edcolas: Mercado Econ\u00f4mico Atual, Perspectivas Futuras e Cr\u00e9dito Rural\u201d.<\/p>\n<p>A palestra foi ministrada no Clube do La\u00e7o Kansas, em Sonora, pelo engenheiro agr\u00f4nomo e analista econ\u00f4mico, especializado em agroneg\u00f3cios, do Banco Cooperativo Sicredi, Filipe Kalikoski. Al\u00e9m dos mercados atuais, ele abordou temas como trading de commodities agr\u00edcolas, fertilizantes e barter.<\/p>\n<p><a href=\"https:\/\/www.ocorreionews.com.br\/acervo-correio\/wp-content\/uploads\/2023\/06\/Sicredi-Celeiro-promove-palestra-sobre-insumos-agricolas-e-mercado-financeiro-na-Expo-Sonora-20232.jpg\"><img loading=\"lazy\" decoding=\"async\" class=\"alignnone size-full wp-image-241513\" src=\"https:\/\/www.ocorreionews.com.br\/acervo-correio\/wp-content\/uploads\/2023\/06\/Sicredi-Celeiro-promove-palestra-sobre-insumos-agricolas-e-mercado-financeiro-na-Expo-Sonora-20232.jpg\" alt=\"\" width=\"1600\" height=\"1200\" srcset=\"https:\/\/www.ocorreionews.com.br\/acervo-correio\/wp-content\/uploads\/2023\/06\/Sicredi-Celeiro-promove-palestra-sobre-insumos-agricolas-e-mercado-financeiro-na-Expo-Sonora-20232.jpg 1600w, https:\/\/www.ocorreionews.com.br\/acervo-correio\/wp-content\/uploads\/2023\/06\/Sicredi-Celeiro-promove-palestra-sobre-insumos-agricolas-e-mercado-financeiro-na-Expo-Sonora-20232-300x225.jpg 300w, https:\/\/www.ocorreionews.com.br\/acervo-correio\/wp-content\/uploads\/2023\/06\/Sicredi-Celeiro-promove-palestra-sobre-insumos-agricolas-e-mercado-financeiro-na-Expo-Sonora-20232-1024x768.jpg 1024w, https:\/\/www.ocorreionews.com.br\/acervo-correio\/wp-content\/uploads\/2023\/06\/Sicredi-Celeiro-promove-palestra-sobre-insumos-agricolas-e-mercado-financeiro-na-Expo-Sonora-20232-768x576.jpg 768w, https:\/\/www.ocorreionews.com.br\/acervo-correio\/wp-content\/uploads\/2023\/06\/Sicredi-Celeiro-promove-palestra-sobre-insumos-agricolas-e-mercado-financeiro-na-Expo-Sonora-20232-1536x1152.jpg 1536w, https:\/\/www.ocorreionews.com.br\/acervo-correio\/wp-content\/uploads\/2023\/06\/Sicredi-Celeiro-promove-palestra-sobre-insumos-agricolas-e-mercado-financeiro-na-Expo-Sonora-20232-86x64.jpg 86w\" sizes=\"auto, (max-width: 1600px) 100vw, 1600px\" \/><\/a><\/p>\n<p>\u201cAbordamos assuntos de extrema relev\u00e2ncia e que geram bastante discuss\u00e3o como a queda recente do pre\u00e7o de produtos. O objetivo foi explicar se o valor pode recuperar ou n\u00e3o, al\u00e9m de tend\u00eancias, perspectivas de mercado, de gr\u00e3os de pecu\u00e1ria, de fertilizantes e insumos na Safra 2023\/24\u201d, explicou Filipe.<\/p>\n<p>Com uma trajet\u00f3ria de fomento ao agroneg\u00f3cio e forte atua\u00e7\u00e3o nos estados de Mato Grosso do Sul e Goi\u00e1s, a Sicredi Celeiro Centro Oeste est\u00e1 na Exposi\u00e7\u00e3o de Tecnologia e Inova\u00e7\u00e3o do Agroneg\u00f3cio \u2013 Expo Sonora 2023. A Ag\u00eancia de Sonora est\u00e1 com uma Unidade M\u00f3vel de Atendimento no local, oferecendo solu\u00e7\u00f5es financeiras e servi\u00e7os como contrata\u00e7\u00f5es de produtos, al\u00e9m de esclarecer d\u00favidas dos associados.<\/p>\n<p>De acordo com o gerente da ag\u00eancia, Bruno Coutinho, a ag\u00eancia m\u00f3vel ficar\u00e1 no local entre os dias 1 e 3 de junho. \u201cA exposi\u00e7\u00e3o \u00e9 voltada ao agroneg\u00f3cio e faz parte das a\u00e7\u00f5es de celebra\u00e7\u00e3o dos 35 anos de Sonora. O Filipe contribuiu muito trazendo esse cen\u00e1rio do mercado atual, al\u00e9m de perspectivas futuras do setor e sobre o cr\u00e9dito rural. Agora nossa equipe segue na exposi\u00e7\u00e3o para atendimento dos associados e de todos que queiram saber mais sobre cooperativismo e sobre o Sicredi\u201d, complementou.<\/p>\n<p><a href=\"https:\/\/www.ocorreionews.com.br\/acervo-correio\/wp-content\/uploads\/2023\/06\/Sicredi-Celeiro-promove-palestra-sobre-insumos-agricolas-e-mercado-financeiro-na-Expo-Sonora-20233.jpg\"><img loading=\"lazy\" decoding=\"async\" class=\"alignnone size-full wp-image-241512\" src=\"https:\/\/www.ocorreionews.com.br\/acervo-correio\/wp-content\/uploads\/2023\/06\/Sicredi-Celeiro-promove-palestra-sobre-insumos-agricolas-e-mercado-financeiro-na-Expo-Sonora-20233.jpg\" alt=\"\" width=\"1024\" height=\"768\" srcset=\"https:\/\/www.ocorreionews.com.br\/acervo-correio\/wp-content\/uploads\/2023\/06\/Sicredi-Celeiro-promove-palestra-sobre-insumos-agricolas-e-mercado-financeiro-na-Expo-Sonora-20233.jpg 1024w, https:\/\/www.ocorreionews.com.br\/acervo-correio\/wp-content\/uploads\/2023\/06\/Sicredi-Celeiro-promove-palestra-sobre-insumos-agricolas-e-mercado-financeiro-na-Expo-Sonora-20233-300x225.jpg 300w, https:\/\/www.ocorreionews.com.br\/acervo-correio\/wp-content\/uploads\/2023\/06\/Sicredi-Celeiro-promove-palestra-sobre-insumos-agricolas-e-mercado-financeiro-na-Expo-Sonora-20233-768x576.jpg 768w, https:\/\/www.ocorreionews.com.br\/acervo-correio\/wp-content\/uploads\/2023\/06\/Sicredi-Celeiro-promove-palestra-sobre-insumos-agricolas-e-mercado-financeiro-na-Expo-Sonora-20233-86x64.jpg 86w\" sizes=\"auto, (max-width: 1024px) 100vw, 1024px\" \/><\/a><\/p>\n<p>Sobre o Sicredi<\/p>\n<p class=\"x_xvisr\"><em>O Sicredi \u00e9 uma institui\u00e7\u00e3o financeira cooperativa comprometida com o crescimento de seus associados e com o desenvolvimento das regi\u00f5es onde atua. Possui um modelo de gest\u00e3o que valoriza a participa\u00e7\u00e3o dos mais de 6 milh\u00f5es de associados, que exercem o papel de donos do neg\u00f3cio. Com mais de 2.400 ag\u00eancias, o Sicredi est\u00e1 presente fisicamente em todos os estados brasileiros e no Distrito Federal, disponibilizando mais de 300 produtos e servi\u00e7os financeiros.<\/em><\/p>\n<p>&nbsp;<\/p>\n","protected":false},"excerpt":{"rendered":"<p>Entender o mercado agr\u00edcola e o porqu\u00ea da queda de pre\u00e7o recente de produtos como soja, milho e boi, foram alguns dos assuntos que a Cooperativa Sicredi Celeiro Centro Oeste abordou durante a Expo Sonora 2023.\u00a0 A institui\u00e7\u00e3o financeira promoveu nesta quinta-feira (1) a palestra \u201cCommodities Agr\u00edcolas: Mercado Econ\u00f4mico Atual, Perspectivas Futuras e Cr\u00e9dito Rural\u201d. [&hellip;]<\/p>\n","protected":false},"author":5,"featured_media":241510,"comment_status":"closed","ping_status":"closed","sticky":false,"template":"","format":"standard","meta":{"footnotes":""},"categories":[26],"tags":[],"class_list":["post-241509","post","type-post","status-publish","format-standard","has-post-thumbnail","hentry","category-economia"],"_links":{"self":[{"href":"https:\/\/www.ocorreionews.com.br\/acervo-correio\/index.php?rest_route=\/wp\/v2\/posts\/241509","targetHints":{"allow":["GET"]}}],"collection":[{"href":"https:\/\/www.ocorreionews.com.br\/acervo-correio\/index.php?rest_route=\/wp\/v2\/posts"}],"about":[{"href":"https:\/\/www.ocorreionews.com.br\/acervo-correio\/index.php?rest_route=\/wp\/v2\/types\/post"}],"author":[{"embeddable":true,"href":"https:\/\/www.ocorreionews.com.br\/acervo-correio\/index.php?rest_route=\/wp\/v2\/users\/5"}],"replies":[{"embeddable":true,"href":"https:\/\/www.ocorreionews.com.br\/acervo-correio\/index.php?rest_route=%2Fwp%2Fv2%2Fcomments&post=241509"}],"version-history":[{"count":1,"href":"https:\/\/www.ocorreionews.com.br\/acervo-correio\/index.php?rest_route=\/wp\/v2\/posts\/241509\/revisions"}],"predecessor-version":[{"id":241514,"href":"https:\/\/www.ocorreionews.com.br\/acervo-correio\/index.php?rest_route=\/wp\/v2\/posts\/241509\/revisions\/241514"}],"wp:featuredmedia":[{"embeddable":true,"href":"https:\/\/www.ocorreionews.com.br\/acervo-correio\/index.php?rest_route=\/wp\/v2\/media\/241510"}],"wp:attachment":[{"href":"https:\/\/www.ocorreionews.com.br\/acervo-correio\/index.php?rest_route=%2Fwp%2Fv2%2Fmedia&parent=241509"}],"wp:term":[{"taxonomy":"category","embeddable":true,"href":"https:\/\/www.ocorreionews.com.br\/acervo-correio\/index.php?rest_route=%2Fwp%2Fv2%2Fcategories&post=241509"},{"taxonomy":"post_tag","embeddable":true,"href":"https:\/\/www.ocorreionews.com.br\/acervo-correio\/index.php?rest_route=%2Fwp%2Fv2%2Ftags&post=241509"}],"curies":[{"name":"wp","href":"https:\/\/api.w.org\/{rel}","templated":true}]}}