{"id":241515,"date":"2023-06-02T13:47:10","date_gmt":"2023-06-02T17:47:10","guid":{"rendered":"https:\/\/www.ocorreionews.com.br\/acervo-correio\/?p=241515"},"modified":"2023-06-02T13:47:10","modified_gmt":"2023-06-02T17:47:10","slug":"mulher-pede-ajuda-apos-contar-ao-namorado-que-estava-gravida-de-trigemeos-e-ele-sumir-ninguem-acha","status":"publish","type":"post","link":"https:\/\/www.ocorreionews.com.br\/acervo-correio\/?p=241515","title":{"rendered":"Mulher pede ajuda ap\u00f3s contar ao namorado que estava gr\u00e1vida de trig\u00eameos e ele sumir: &#8216;Ningu\u00e9m acha&#8217;"},"content":{"rendered":"<p>Desempregada e futura m\u00e3e de trig\u00eameos, al\u00e9m dos dois filhos que j\u00e1 possui. \u00c9 nesta situa\u00e7\u00e3o que se encontrou Ver\u00f4nica Rivarola Leite, de 33 anos, ap\u00f3s contar ao namorado que estava gr\u00e1vida. Sozinha, a jardinense veio para Campo Grande e aqui teve os beb\u00eas, que nasceram na Santa Casa. Em seguida, foram transferidos para o HR-MS (Hospital Regional) e l\u00e1 permanecem na UTI (Unidade de Terapia Intensiva).<\/p>\n<p>&#8220;Eles est\u00e3o muito magrinhos. J\u00e1 est\u00e3o sem os aparelhos, gra\u00e7as a Deus, mas, ainda na UTI. E agora sou m\u00e3e solo, porque o pai, quando descobriu que eram tr\u00eas, sumiu. Foi quando eu descobri a gravidez, contei e ele sumiu. Ningu\u00e9m sabe o paradeiro dele&#8221;, afirmou Ver\u00f4nica.<\/p>\n<p>Nas \u00faltimas duas semanas, ela esteve em Campo Grande acompanhando a evolu\u00e7\u00e3o dos trig\u00eameos, que nasceram com 32 semanas. Mait\u00ea com 1.335kg, 41 cent\u00edmetros, Elo\u00e1 1.290kg, 38 cent\u00edmetros e Gabriel 1.650kg e 39 cent\u00edmetros.<\/p>\n<p>&#8220;Agora eu vim aqui para Jardim, no F\u00f3rum, para ver o que pode ser feito. Por enquanto estou precisando de ajuda com fraldas, roupas e no financeiro. Das minhas outras duas crian\u00e7as n\u00e3o tenho problemas. O pai ajuda, \u00e9 presente. S\u00f3 que esta foi uma gravidez de risco. Tive press\u00e3o alta, anemia, diabetes e deu pr\u00e9-ecl\u00e2mpsia&#8221;, ressaltou.<\/p>\n<p>Atualmente, Veronica diz que mora com as duas filhas, de 6 e 11 anos. Al\u00e9m da pens\u00e3o do pai delas, a av\u00f3 das crian\u00e7as ajuda, fazendo di\u00e1rias. &#8220;Foi bem dif\u00edcil. Era era meu namorado. Depois que a gente estava junto descobri ele era casado, s\u00f3 que ele me falava que era solteiro&#8221;, lamentou.<\/p>\n<h2 id=\"h-drama-familiar\">Drama familiar<\/h2>\n<p>Os beb\u00eas est\u00e3o na UTI Neonatal desde o dia 16 de maio. O pai, que trabalhava como operador de m\u00e1quinas, sumiu. J\u00e1 as filhas mais velhas, do um relacionamento anterior de Ver\u00f4nica, ficaram com &#8220;uma conhecida&#8221; em Jardim.<\/p>\n<p>Mesmo com toda dificuldade, Veronica fala com alegria da turminha. \u201cEu fiquei muito feliz, apesar de saber que n\u00e3o ia ser f\u00e1cil nossa vida, amo meus filhos s\u00e3o tudo que eu tenho\u201d, disse, aos prantos.<\/p>\n<p>Quem puder ajudar a fam\u00edlia com doa\u00e7\u00f5es de roupinhas, cobertores, fraldas de todos os tamanhos principalmente RN (rec\u00e9m nascido), al\u00e9m de produtos de higiene pessoal para os beb\u00eas como, len\u00e7o umedecido, sabonete neutro, shampoo neutro entre outros produtos para rec\u00e9m nascidos, pode entrar em contato pelo telefone (67) 99836-9587, e falar diretamente com Ver\u00f4nica.<\/p>\n<p>&nbsp;<\/p>\n<p>Midiamax, Graziela Rezende<\/p>\n<div class=\"elementor-element elementor-element-ec9eab2 elementor-widget__width-auto elementor-widget elementor-widget-text-editor\" data-id=\"ec9eab2\" data-element_type=\"widget\" data-widget_type=\"text-editor.default\">\n<div class=\"elementor-widget-container\"><\/div>\n<\/div>\n","protected":false},"excerpt":{"rendered":"<p>Desempregada e futura m\u00e3e de trig\u00eameos, al\u00e9m dos dois filhos que j\u00e1 possui. \u00c9 nesta situa\u00e7\u00e3o que se encontrou Ver\u00f4nica Rivarola Leite, de 33 anos, ap\u00f3s contar ao namorado que estava gr\u00e1vida. Sozinha, a jardinense veio para Campo Grande e aqui teve os beb\u00eas, que nasceram na Santa Casa. Em seguida, foram transferidos para o [&hellip;]<\/p>\n","protected":false},"author":5,"featured_media":241516,"comment_status":"closed","ping_status":"closed","sticky":false,"template":"","format":"standard","meta":{"footnotes":""},"categories":[31],"tags":[],"class_list":["post-241515","post","type-post","status-publish","format-standard","has-post-thumbnail","hentry","category-geral"],"_links":{"self":[{"href":"https:\/\/www.ocorreionews.com.br\/acervo-correio\/index.php?rest_route=\/wp\/v2\/posts\/241515","targetHints":{"allow":["GET"]}}],"collection":[{"href":"https:\/\/www.ocorreionews.com.br\/acervo-correio\/index.php?rest_route=\/wp\/v2\/posts"}],"about":[{"href":"https:\/\/www.ocorreionews.com.br\/acervo-correio\/index.php?rest_route=\/wp\/v2\/types\/post"}],"author":[{"embeddable":true,"href":"https:\/\/www.ocorreionews.com.br\/acervo-correio\/index.php?rest_route=\/wp\/v2\/users\/5"}],"replies":[{"embeddable":true,"href":"https:\/\/www.ocorreionews.com.br\/acervo-correio\/index.php?rest_route=%2Fwp%2Fv2%2Fcomments&post=241515"}],"version-history":[{"count":1,"href":"https:\/\/www.ocorreionews.com.br\/acervo-correio\/index.php?rest_route=\/wp\/v2\/posts\/241515\/revisions"}],"predecessor-version":[{"id":241517,"href":"https:\/\/www.ocorreionews.com.br\/acervo-correio\/index.php?rest_route=\/wp\/v2\/posts\/241515\/revisions\/241517"}],"wp:featuredmedia":[{"embeddable":true,"href":"https:\/\/www.ocorreionews.com.br\/acervo-correio\/index.php?rest_route=\/wp\/v2\/media\/241516"}],"wp:attachment":[{"href":"https:\/\/www.ocorreionews.com.br\/acervo-correio\/index.php?rest_route=%2Fwp%2Fv2%2Fmedia&parent=241515"}],"wp:term":[{"taxonomy":"category","embeddable":true,"href":"https:\/\/www.ocorreionews.com.br\/acervo-correio\/index.php?rest_route=%2Fwp%2Fv2%2Fcategories&post=241515"},{"taxonomy":"post_tag","embeddable":true,"href":"https:\/\/www.ocorreionews.com.br\/acervo-correio\/index.php?rest_route=%2Fwp%2Fv2%2Ftags&post=241515"}],"curies":[{"name":"wp","href":"https:\/\/api.w.org\/{rel}","templated":true}]}}