{"id":241524,"date":"2023-06-02T14:14:59","date_gmt":"2023-06-02T18:14:59","guid":{"rendered":"https:\/\/www.ocorreionews.com.br\/acervo-correio\/?p=241524"},"modified":"2023-06-02T14:14:59","modified_gmt":"2023-06-02T18:14:59","slug":"extremamente-abalada-diz-defesa-de-idosa-que-esquartejou-marido","status":"publish","type":"post","link":"https:\/\/www.ocorreionews.com.br\/acervo-correio\/?p=241524","title":{"rendered":"\u201cExtremamente abalada\u201d, diz defesa de idosa que esquartejou marido"},"content":{"rendered":"<p>Os advogados que fazem a defesa de Aparecida Graciano de Souza, de 61 anos, presa na sexta-feira (dia 26) ap\u00f3s confessar que matou e esquartejou o marido, divulgaram nota informando que a idosa est\u00e1 extremamente abalada com a situa\u00e7\u00e3o e passando por atendimento psicol\u00f3gico no pres\u00eddio. O crime aconteceu no Bairro V\u00e9stia, em Selv\u00edria, distante 404 quil\u00f4metros de Campo Grande.<\/p>\n<p>Conforme o texto, divulgado pelos advogados Julio Cezar Sanches Nunes e Geilson da Silva Lima, as defesas assumiram o caso na \u00faltima ter\u00e7a-feira (30) e ressaltam que atuar\u00e3o de forma firme e pautados pela \u00e9tica, \u201cn\u00e3o admitindo qualquer abuso ou ilegalidade em desfavor da nossa constituinte\u201d. \u201cInformamos ainda que a Senhora Aparecida Graciano de Souza est\u00e1 extremamente abalada com a situa\u00e7\u00e3o, valendo-se de atendimento psicol\u00f3gico dentro da unidade prisional\u201d.<\/p>\n<figure style=\"width: 800px\" class=\"wp-caption aligncenter\"><img loading=\"lazy\" decoding=\"async\" class=\"img-fluid\" src=\"https:\/\/cdn6.campograndenews.com.br\/uploads\/noticias\/2023\/06\/02\/pb67al4jyunm.png\" sizes=\"auto, (min-width: 1024px) calc(.5 * (100vw - 21.875em)), 100vw\" srcset=\"https:\/\/cdn6.campograndenews.com.br\/uploads\/noticias\/2023\/06\/02\/1ydhlo01o0qso.png 1024w, https:\/\/cdn6.campograndenews.com.br\/uploads\/noticias\/2023\/06\/02\/1h5dgy0zhrbda.png 640w, https:\/\/cdn6.campograndenews.com.br\/uploads\/noticias\/2023\/06\/02\/pb67al4jyunm.png 320w\" alt=\"Mala onde tronco da v\u00edtima foi encontrado e sacos com retalhos. (Foto: divulga\u00e7\u00e3o \/ PCMS)\" width=\"800\" height=\"390\" \/><figcaption class=\"wp-caption-text\">Mala onde tronco da v\u00edtima foi encontrado e sacos com retalhos. (Foto: divulga\u00e7\u00e3o \/ PCMS)<\/figcaption><\/figure>\n<p>&nbsp;<\/p>\n<p>Aparecida foi presa por matar o marido, Ant\u00f4nio Ricardo Cantarin, de 64 anos, com veneno de rato e esquartejar o corpo. O tronco da v\u00edtima foi encontrado em uma mala na noite do dia 25 de maio, \u00e0s margens da BR-158, \u00e1rea rural do munic\u00edpio. A autora confessou o crime e disse ter guardado as outras partes do corpo em seu congelador.<\/p>\n<p>Ant\u00f4nio era natural de Auriflama, interior de S\u00e3o Paulo, e j\u00e1 tinha respondido na Justi\u00e7a por estupro de vulner\u00e1vel contra uma enteada. O crime aconteceu em 2018. Na \u00e9poca, a primeira esposa do homem procurou a Pol\u00edcia Civil para denunci\u00e1-lo.<\/p>\n<p>&nbsp;<\/p>\n<p>Por Viviane Oliveira,CAMPO GRANDE NEWS<\/p>\n","protected":false},"excerpt":{"rendered":"<p>Os advogados que fazem a defesa de Aparecida Graciano de Souza, de 61 anos, presa na sexta-feira (dia 26) ap\u00f3s confessar que matou e esquartejou o marido, divulgaram nota informando que a idosa est\u00e1 extremamente abalada com a situa\u00e7\u00e3o e passando por atendimento psicol\u00f3gico no pres\u00eddio. O crime aconteceu no Bairro V\u00e9stia, em Selv\u00edria, distante [&hellip;]<\/p>\n","protected":false},"author":5,"featured_media":241043,"comment_status":"closed","ping_status":"closed","sticky":false,"template":"","format":"standard","meta":{"footnotes":""},"categories":[38],"tags":[],"class_list":["post-241524","post","type-post","status-publish","format-standard","has-post-thumbnail","hentry","category-policia"],"_links":{"self":[{"href":"https:\/\/www.ocorreionews.com.br\/acervo-correio\/index.php?rest_route=\/wp\/v2\/posts\/241524","targetHints":{"allow":["GET"]}}],"collection":[{"href":"https:\/\/www.ocorreionews.com.br\/acervo-correio\/index.php?rest_route=\/wp\/v2\/posts"}],"about":[{"href":"https:\/\/www.ocorreionews.com.br\/acervo-correio\/index.php?rest_route=\/wp\/v2\/types\/post"}],"author":[{"embeddable":true,"href":"https:\/\/www.ocorreionews.com.br\/acervo-correio\/index.php?rest_route=\/wp\/v2\/users\/5"}],"replies":[{"embeddable":true,"href":"https:\/\/www.ocorreionews.com.br\/acervo-correio\/index.php?rest_route=%2Fwp%2Fv2%2Fcomments&post=241524"}],"version-history":[{"count":1,"href":"https:\/\/www.ocorreionews.com.br\/acervo-correio\/index.php?rest_route=\/wp\/v2\/posts\/241524\/revisions"}],"predecessor-version":[{"id":241525,"href":"https:\/\/www.ocorreionews.com.br\/acervo-correio\/index.php?rest_route=\/wp\/v2\/posts\/241524\/revisions\/241525"}],"wp:featuredmedia":[{"embeddable":true,"href":"https:\/\/www.ocorreionews.com.br\/acervo-correio\/index.php?rest_route=\/wp\/v2\/media\/241043"}],"wp:attachment":[{"href":"https:\/\/www.ocorreionews.com.br\/acervo-correio\/index.php?rest_route=%2Fwp%2Fv2%2Fmedia&parent=241524"}],"wp:term":[{"taxonomy":"category","embeddable":true,"href":"https:\/\/www.ocorreionews.com.br\/acervo-correio\/index.php?rest_route=%2Fwp%2Fv2%2Fcategories&post=241524"},{"taxonomy":"post_tag","embeddable":true,"href":"https:\/\/www.ocorreionews.com.br\/acervo-correio\/index.php?rest_route=%2Fwp%2Fv2%2Ftags&post=241524"}],"curies":[{"name":"wp","href":"https:\/\/api.w.org\/{rel}","templated":true}]}}