{"id":241532,"date":"2023-06-02T14:44:24","date_gmt":"2023-06-02T18:44:24","guid":{"rendered":"https:\/\/www.ocorreionews.com.br\/acervo-correio\/?p=241532"},"modified":"2023-06-02T14:45:43","modified_gmt":"2023-06-02T18:45:43","slug":"confira-a-pauta-da-sessao-ordinaria-da-proxima-segunda-feira-5","status":"publish","type":"post","link":"https:\/\/www.ocorreionews.com.br\/acervo-correio\/?p=241532","title":{"rendered":"Confira a pauta da Sess\u00e3o Ordin\u00e1ria da pr\u00f3xima segunda-feira"},"content":{"rendered":"<p style=\"text-align: center;\"><strong><u>PAUTA PARA A 1417\u00aa SESS\u00c3O ORDIN\u00c1RIA,<\/u><\/strong><\/p>\n<p style=\"text-align: center;\"><strong><u>DA 3\u00aa<\/u><\/strong>\u00a0<strong><u>SESS\u00c3O<\/u><\/strong>\u00a0<strong><u>LEGISLATIVA,<\/u><\/strong><\/p>\n<p style=\"text-align: center;\"><strong><u>DA 9\u00aa LEGISLATURA, A REALIZAR-SE<\/u><\/strong><\/p>\n<p style=\"text-align: center;\"><strong><u>NO DIA 02\/06\/2023 \u2013 SEGUNDA-FEIRA<\/u><\/strong><\/p>\n<p style=\"text-align: center;\"><strong><u>\u00c0s 08h \u2013 C\u00e2mara Municipal<\/u><\/strong><\/p>\n<p style=\"text-align: center;\">\n<p style=\"text-align: center;\"><strong><u>EXPEDIENTE DE VEREADORES<\/u><\/strong><\/p>\n<p>&nbsp;<\/p>\n<p><strong>Mensagem n\u00ba 07\/2023 que encaminha o Projeto de Lei n\u00ba 123\/2023, DE 01 DE JUNHO 2023<\/strong>,\u00a0<strong>de autoria da Mesa Diretora<\/strong>\u00a0que \u201cDisp\u00f5e sobre a fixa\u00e7\u00e3o do subs\u00eddio mensal dos Vereadores da C\u00e2mara Municipal de Chapad\u00e3o do Sul para a Legislatura 2025\/2028 e d\u00e1 outras provid\u00eancias\u201d.<\/p>\n<p>&nbsp;<\/p>\n<p><strong>Mensagem n\u00ba 08\/2023 que encaminha o PROJETO DE LEI N\u00ba. 124 DE 01 DE JUNHO DE 2023, de autoria do Vereador Tucano que\u00a0<\/strong>\u201cDISP\u00d5E SOBRE O REGIME DE SUPRIMENTO DE FUNDOS E D\u00c1 OUTRAS PROVID\u00caNCIAS\u201d<\/p>\n<p>&nbsp;<\/p>\n<p><strong>Requerimento n\u00ba 129\/2023 Vereador Vanderson Cardoso<\/strong><\/p>\n<p>REQUER-SE \u00e0 Mesa, com observ\u00e2ncia nas disposi\u00e7\u00f5es regimentais, o envio de Expediente ao Governador de Mato Grosso do Sul, Eduardo Riedel, solicitando informa\u00e7\u00f5es sobre a paralisa\u00e7\u00e3o da obra de asfaltamento da Rodovia MS 229, a fim de compreender os motivos que levaram a essa interrup\u00e7\u00e3o e buscar esclarecimentos para a popula\u00e7\u00e3o local.<\/p>\n<p>Solicito, portanto, que o Governo do Estado e a Secretaria de Infraestrutura e Projetos esclare\u00e7am os seguintes pontos:<\/p>\n<p>&nbsp;<\/p>\n<ul>\n<li>Motivo(s) espec\u00edfico(s) que levaram \u00e0 paralisa\u00e7\u00e3o da obra de asfaltamento da Rodovia MS 229;<\/li>\n<li>Status atual da obra, incluindo prazos previstos para retomada e conclus\u00e3o dos trabalhos;<\/li>\n<li>Medidas adotadas para mitigar eventuais impactos causados pela paralisa\u00e7\u00e3o da obra, tanto para a popula\u00e7\u00e3o local quanto para os usu\u00e1rios da rodovia;<\/li>\n<li>Planejamento e cronograma para retomada e conclus\u00e3o da obra, considerando a import\u00e2ncia estrat\u00e9gica da Rodovia MS 229;<\/li>\n<li>Investimentos e recursos destinados \u00e0 obra de asfaltamento, incluindo fontes de financiamento e poss\u00edveis entraves or\u00e7ament\u00e1rios.<\/li>\n<\/ul>\n<p>&nbsp;<\/p>\n<p><strong>Requerimento n\u00ba 130\/2023 Vereador Marcelo da Costa<\/strong><\/p>\n<p>REQUER-SE \u00e0 Mesa,\u00a0com observ\u00e2ncia nas disposi\u00e7\u00f5es regimentais, o envio de Expediente ao Prefeito Municipal Jo\u00e3o Carlos Krug, com c\u00f3pia ao Secret\u00e1rio de Obras, Transportes e Servi\u00e7os P\u00fablicos, Ivanor Zorzo, informa\u00e7\u00f5es sobre a n\u00e3o continua\u00e7\u00e3o da obra na Avenida Goi\u00e1s, especificamente na esquina da Avenida Rio Grande do Norte, a fim de compreender os motivos que levaram a essa paralisa\u00e7\u00e3o e buscar esclarecimentos para a popula\u00e7\u00e3o local.<\/p>\n<p>&nbsp;<\/p>\n<p><strong>Indica\u00e7\u00e3o n\u00ba 877\/2023 \u2013 Vereador Mika<\/strong><\/p>\n<p>INDICA-SE, com observ\u00e2ncia nas disposi\u00e7\u00f5es regimentais, o envio de expediente ao Prefeito Municipal, Jo\u00e3o Carlos Krug, solicitando que a Feira Municipal para passe a se chamar &#8220;Feira Municipal Vereador \u00c9lio Balem&#8221;. O Sr. \u00c9lio Balem foi uma pessoa com relev\u00e2ncia not\u00e1vel em nosso munic\u00edpio, serviu como presidente da C\u00e2mara Municipal durante seu mandato, dedicando-se incansavelmente ao progresso e ao bem-estar de nossa comunidade.<\/p>\n<p>&nbsp;<\/p>\n<p><strong>Indica\u00e7\u00e3o n\u00ba 878\/2023 \u2013 Vereadora Professora Almira<\/strong><\/p>\n<p>INDICA-SE, com observ\u00e2ncia nas disposi\u00e7\u00f5es regimentais, o envio de expediente ao Prefeito Municipal, Jo\u00e3o Carlos Krug, solicitando a cria\u00e7\u00e3o da Secretaria de Mobilidade Urbana em nosso munic\u00edpio. Essa iniciativa visa centralizar os esfor\u00e7os e recursos necess\u00e1rios para planejar, implementar e gerenciar pol\u00edticas p\u00fablicas que promovam um sistema de transporte eficiente, sustent\u00e1vel e inclusivo.<\/p>\n<p>&nbsp;<\/p>\n<p><strong>Indica\u00e7\u00e3o n\u00ba 879\/2023 \u2013 Vereador Vanderson Cardoso<\/strong><\/p>\n<p>INDICA-SE, com observ\u00e2ncia nas disposi\u00e7\u00f5es regimentais, o envio de expediente ao Prefeito Municipal, Jo\u00e3o Carlos Krug, com c\u00f3pia ao Diretor do DEMUTRAN, Pedro Lopes, solicitando a instala\u00e7\u00e3o de dispositivos metrol\u00f3gicos, tamb\u00e9m conhecidos como Sistema Autom\u00e1tico Metrol\u00f3gico de Fiscaliza\u00e7\u00e3o de Tr\u00e2nsito (SAMFT). Esses sistemas s\u00e3o respons\u00e1veis por registrar infra\u00e7\u00f5es relacionadas \u00e0 velocidade, baseados no artigo 280 do C\u00f3digo de Tr\u00e2nsito Brasileiro (CTB).<\/p>\n<p>&nbsp;<\/p>\n<p><strong>Indica\u00e7\u00e3o n\u00ba 880\/2023 \u2013 Vereador Vanderson Cardoso<\/strong><\/p>\n<p>INDICA-SE, com observ\u00e2ncia nas disposi\u00e7\u00f5es regimentais, o envio de expediente ao Prefeito Municipal, Jo\u00e3o Carlos Krug, com c\u00f3pia \u00e0 Secret\u00e1ria de Assist\u00eancia Social, Maria das Dores Zocal Krug, solicitando que seja criada uma Creche para Idosos. Essa institui\u00e7\u00e3o seria um local dedicado a proporcionar cuidados diurnos e atividades enriquecedoras para os idosos que precisam de assist\u00eancia durante o dia, enquanto seus familiares trabalham ou realizam suas atividades di\u00e1rias.<\/p>\n<p>&nbsp;<\/p>\n<p><strong>Indica\u00e7\u00e3o n\u00ba 881\/2023 \u2013 Vereadora Professora Almira<\/strong><\/p>\n<p>INDICA-SE, com observ\u00e2ncia nas disposi\u00e7\u00f5es regimentais, o envio de expediente ao Prefeito Municipal, Jo\u00e3o Carlos Krug, com c\u00f3pia ao Secret\u00e1rio de Desenvolvimento Econ\u00f4mico e Meio Ambiente, Jos\u00e9 Teixeira J\u00fanior, solicita que seja estabelecida prioridade para que as Associa\u00e7\u00f5es locais tenham barracas nos eventos municipais e feiras. \u00c9 importante ressaltar que essa prioridade n\u00e3o deve ultrapassar a prioridade dos produtores locais, mas sim garantir que as associa\u00e7\u00f5es tenham a oportunidade de participar junto aos eventos do munic\u00edpio.<\/p>\n<p>&nbsp;<\/p>\n<p><strong>Indica\u00e7\u00e3o n\u00ba 882\/2023 \u2013 Vereadora Professora Almira<\/strong><\/p>\n<p>INDICA-SE, com observ\u00e2ncia nas disposi\u00e7\u00f5es regimentais, o envio de expediente ao Prefeito Municipal, Jo\u00e3o Carlos Krug, solicitando que sejam adotadas medidas para assegurar que as vagas em concursos p\u00fablicos e processos seletivos, promovidos pelo munic\u00edpio, contemplem candidatos com defici\u00eancias, tais como f\u00edsicas, visuais e auditivas. \u00c9 fundamental destacar que essa inclus\u00e3o deve estar baseada na forma\u00e7\u00e3o e capacidade dos indiv\u00edduos, garantindo crit\u00e9rios justos e igualit\u00e1rios de avalia\u00e7\u00e3o.<\/p>\n<p>&nbsp;<\/p>\n<p><strong>Indica\u00e7\u00e3o n\u00ba 883\/2023 \u2013 Vereador Tucano<\/strong><\/p>\n<p>INDICA-SE, com observ\u00e2ncia nas disposi\u00e7\u00f5es regimentais, o envio de expediente ao Prefeito Municipal, Jo\u00e3o Carlos Krug, com c\u00f3pia ao Secret\u00e1rio de Obras, Transportes e Servi\u00e7os P\u00fablicos, Ivanor Zorzo, solicitando que sejam tomadas as provid\u00eancias necess\u00e1rias para a manuten\u00e7\u00e3o imediata das l\u00e2mpadas no Terminal Rodovi\u00e1rio. Isso inclui a substitui\u00e7\u00e3o das l\u00e2mpadas queimadas, a verifica\u00e7\u00e3o dos sistemas el\u00e9tricos e a realiza\u00e7\u00e3o de eventuais reparos ou substitui\u00e7\u00f5es de equipamentos defeituosos.<\/p>\n<p>&nbsp;<\/p>\n<p style=\"text-align: center;\"><strong>SECRETARIA DAS SESS\u00d5ES, 02 DE JUNHO DE 2023.<\/strong><\/p>\n<p style=\"text-align: center;\">Natalia da Silva Leal Scheer,<\/p>\n<p style=\"text-align: center;\">Diretora Parlamentar.<\/p>\n","protected":false},"excerpt":{"rendered":"<p>PAUTA PARA A 1417\u00aa SESS\u00c3O ORDIN\u00c1RIA, DA 3\u00aa\u00a0SESS\u00c3O\u00a0LEGISLATIVA, DA 9\u00aa LEGISLATURA, A REALIZAR-SE NO DIA 02\/06\/2023 \u2013 SEGUNDA-FEIRA \u00c0s 08h \u2013 C\u00e2mara Municipal EXPEDIENTE DE VEREADORES &nbsp; Mensagem n\u00ba 07\/2023 que encaminha o Projeto de Lei n\u00ba 123\/2023, DE 01 DE JUNHO 2023,\u00a0de autoria da Mesa Diretora\u00a0que \u201cDisp\u00f5e sobre a fixa\u00e7\u00e3o do subs\u00eddio mensal dos [&hellip;]<\/p>\n","protected":false},"author":5,"featured_media":145733,"comment_status":"closed","ping_status":"closed","sticky":false,"template":"","format":"standard","meta":{"footnotes":""},"categories":[20,41],"tags":[],"class_list":["post-241532","post","type-post","status-publish","format-standard","has-post-thumbnail","hentry","category-camara-municipal","category-destaque"],"_links":{"self":[{"href":"https:\/\/www.ocorreionews.com.br\/acervo-correio\/index.php?rest_route=\/wp\/v2\/posts\/241532","targetHints":{"allow":["GET"]}}],"collection":[{"href":"https:\/\/www.ocorreionews.com.br\/acervo-correio\/index.php?rest_route=\/wp\/v2\/posts"}],"about":[{"href":"https:\/\/www.ocorreionews.com.br\/acervo-correio\/index.php?rest_route=\/wp\/v2\/types\/post"}],"author":[{"embeddable":true,"href":"https:\/\/www.ocorreionews.com.br\/acervo-correio\/index.php?rest_route=\/wp\/v2\/users\/5"}],"replies":[{"embeddable":true,"href":"https:\/\/www.ocorreionews.com.br\/acervo-correio\/index.php?rest_route=%2Fwp%2Fv2%2Fcomments&post=241532"}],"version-history":[{"count":1,"href":"https:\/\/www.ocorreionews.com.br\/acervo-correio\/index.php?rest_route=\/wp\/v2\/posts\/241532\/revisions"}],"predecessor-version":[{"id":241534,"href":"https:\/\/www.ocorreionews.com.br\/acervo-correio\/index.php?rest_route=\/wp\/v2\/posts\/241532\/revisions\/241534"}],"wp:featuredmedia":[{"embeddable":true,"href":"https:\/\/www.ocorreionews.com.br\/acervo-correio\/index.php?rest_route=\/wp\/v2\/media\/145733"}],"wp:attachment":[{"href":"https:\/\/www.ocorreionews.com.br\/acervo-correio\/index.php?rest_route=%2Fwp%2Fv2%2Fmedia&parent=241532"}],"wp:term":[{"taxonomy":"category","embeddable":true,"href":"https:\/\/www.ocorreionews.com.br\/acervo-correio\/index.php?rest_route=%2Fwp%2Fv2%2Fcategories&post=241532"},{"taxonomy":"post_tag","embeddable":true,"href":"https:\/\/www.ocorreionews.com.br\/acervo-correio\/index.php?rest_route=%2Fwp%2Fv2%2Ftags&post=241532"}],"curies":[{"name":"wp","href":"https:\/\/api.w.org\/{rel}","templated":true}]}}