{"id":241551,"date":"2023-06-03T05:56:15","date_gmt":"2023-06-03T09:56:15","guid":{"rendered":"https:\/\/www.ocorreionews.com.br\/acervo-correio\/?p=241551"},"modified":"2023-06-03T08:01:45","modified_gmt":"2023-06-03T12:01:45","slug":"confira-a-programacao-completa-da-29a-exposul-que-comeca-nesta-quarta-feira","status":"publish","type":"post","link":"https:\/\/www.ocorreionews.com.br\/acervo-correio\/?p=241551","title":{"rendered":"Confira a programa\u00e7\u00e3o completa da 29\u00aa Exposul que come\u00e7a nesta quarta-feira"},"content":{"rendered":"<p>Come\u00e7a nesta quarta-feira (07) a 29\u00aa Exposul \u2013 Exposi\u00e7\u00e3o Agropecu\u00e1ria e Industrial de Chapad\u00e3o do Sul umas das principais festas do pa\u00eds.<\/p>\n<p>A 29\u00aa Exposul ser\u00e1 nos dias 07 a 11 de junho de 2023, marcar\u00e1 um novo marco para festa, como vem sendo chamada a NOVA EXPOSUL, pois o recinto de exposi\u00e7\u00e3o est\u00e1 recebendo grandes mudan\u00e7as e moderniza\u00e7\u00e3o na sua infraestrutura.<\/p>\n<p>As principais novidades s\u00e3o:<\/p>\n<ul>\n<li>Arena rodeio-show, onde o espectador vai poder assistir aos shows e o rodeio nos mesmo local;<\/li>\n<li>Foi constru\u00edda uma nova entrada pela Avenida Goi\u00e1s que facilitar\u00e1 o acesso ao parque de exposi\u00e7\u00e3o acabando com as grandes filas;<\/li>\n<li>Foi constru\u00eddo um novo portal na entrada principal da festa que fica na Rua Brasil;<\/li>\n<li>Foi montada uma nova pra\u00e7a de alimenta\u00e7\u00e3o,<\/li>\n<li>Constru\u00e7\u00e3o de um novo banheiro masculino\/feminino e que agora contar\u00e1 com um frald\u00e1rio para as mam\u00e3es poderem trocar as fraldas dos seus filhos;<\/li>\n<li>Uma grande amplia\u00e7\u00e3o do pr\u00e9dio da boate oficial da festa;<\/li>\n<li>Os camarotes da festa v\u00e3o ter novidades, como um camarote universit\u00e1rio e tamb\u00e9m um\u00a0<em>premium<\/em><\/li>\n<li>Um local para os pequenos comerciantes locais, onde eles poder\u00e3o expor e comercializar seus produtos, s\u00e3o algumas das mudan\u00e7as que o participante da EXPOSUL, ira ver esse ano.<\/li>\n<\/ul>\n<p><strong>PROGRAMA\u00c7\u00c3O OFICIAL DA 29\u00aa EXPOSUL<\/strong><\/p>\n<p>QUARTA-FEIRA 07 DE JUNHO<\/p>\n<ul>\n<li>17 horas \u2013 abertura oficial da 29\u00aa Exposul, com a presen\u00e7a dos diretores do e associados do Sindicato Rural, Governador do Estado, autoridades pol\u00edticas locais, estadual e federal<\/li>\n<li>17h30min \u2013 visita ao Parque de Exposi\u00e7\u00e3o<\/li>\n<li>18h30min \u2013 in\u00edcio do Rodeio Profissional<\/li>\n<li>22h30min \u2013 in\u00edcio do show da dupla Guilherme &amp; Benuto<\/li>\n<\/ul>\n<p>Ingressos: R$60,00 e Camarote Universit\u00e1rio R$120,00 (limitado).<\/p>\n<p>QUINTA-FEIRA 08 DE JUNHO<\/p>\n<ul>\n<li>08 horas \u2013 abertura da feira;<\/li>\n<li>9 horas \u2013 palestra com a Senadora e ex Ministra da Agricultura Tereza Cristina;<\/li>\n<li>9h30min \u2013 palestra comentarista e apresentador Caio Coppolla;<\/li>\n<li>13 horas \u2013 leil\u00e3o gado de corte;<\/li>\n<li>18h30min \u2013 Rodeio Profissional<\/li>\n<li>22h30min \u2013 in\u00edcio do show da dupla Israel &amp; Rodolffo<\/li>\n<\/ul>\n<p>Ingressos: R$50,00 e Camarote Universit\u00e1rio R$100,00 (limitado).<\/p>\n<p>SEXTA-FEIRA 09 DE JUNHO<\/p>\n<ul>\n<li>08 horas \u2013 abertura da feira;<\/li>\n<li>8 horas: Vitrine Tecnol\u00f3gica \u2013 ATeG Horticultura \u2013 Senar\/MS;<\/li>\n<li>8 horas: Vitrine Tecnol\u00f3gica \u2013 ATeG Ovinocultura \u2013 Senar\/MS<\/li>\n<li>13 horas \u2013 leil\u00e3o gado de corte;<\/li>\n<li>18 horas \u2013 in\u00edcio do rodeio em carneiros;<\/li>\n<li>19 horas \u2013 Rodeio Profissional e Abertura Oficial<\/li>\n<li>22h30min \u2013 in\u00edcio do show da dupla Fernando &amp; Sorocaba<\/li>\n<\/ul>\n<p>Ingressos: R$60,00 e Camarote Universit\u00e1rio R$120,00 (limitado).<\/p>\n<p>S\u00c1BADO 10 DE JUNHO<\/p>\n<ul>\n<li>08 horas \u2013 abertura da feira;<\/li>\n<li>08 horas \u2013 Vitrine Tecnol\u00f3gica \u2013 ATeG Agroind\u00fastria e Circuito de Treinamento \u2013 Senar\/MS e Agro BB;<\/li>\n<li>9 horas \u2013 Vitrine Tecnol\u00f3gica \u2013 ATeG Bovinocultura de Corte \u2013 Senar\/MS<\/li>\n<li>13 horas \u2013 leil\u00e3o gado de corte;<\/li>\n<li>17 horas \u2013 rodeio em carneiros;<\/li>\n<li>18h30min \u2013 Rodeio Profissional e coroa\u00e7\u00e3o da Rainha da 29\u00aa Exposul<\/li>\n<li>22h30min \u2013 in\u00edcio do show do projeto Boate Azul, com os cantores Gian &amp; Giovani e Edson &amp; Hudson.<\/li>\n<\/ul>\n<p>Ingressos: R$70,00 e Camarote Universit\u00e1rio R$120,00 (limitado).<\/p>\n<p>DOMINGO 11 DE JUNHO<\/p>\n<ul>\n<li>08 horas \u2013 abertura da feira;<\/li>\n<li>13h30min \u2013 16\u00aa Expodog<\/li>\n<li>14 horas \u2013 rodeio em carneiros;<\/li>\n<li>17 horas \u2013 Show de Motos dentro da arena com Joaninha;<\/li>\n<li>19h30min \u2013 Final do Rodeio Profissional e Queima de Fogos.<\/li>\n<\/ul>\n<p>Ingressos: R$20,00 e Camarote Universit\u00e1rio R$80,00 (limitado).<\/p>\n<p><em>*Hor\u00e1rio MS e entrada gratuita para as palestras e vitrine tecnol\u00f3gica.<\/em><\/p>\n<p><strong>CREDENCIAIS<\/strong><\/p>\n<p>As credenciais para a festa ainda est\u00e3o sendo vendidas R$250,00 (2\u00b0lote) como tamb\u00e9m a do Camarote Universit\u00e1rio para todos os cinco dias R$500,00.<\/p>\n<p>PONTOS DE VENDA DAS CREDENCIAS E INGRESSOS INDIVIDUAIS:<\/p>\n<ul>\n<li>Sindicato Rural de Chapad\u00e3o do Sul (Rua Brasil Leste, n\u00ba 853, Bairro Flamboyant)<\/li>\n<li>Drogaria Chapad\u00e3o (Rua Curi\u00f3s, N\u00ba 267, Bairro Flamboyant)<\/li>\n<li>Fast Compras (Av. Oito, N\u00ba 918, Centro)<\/li>\n<li>Loggi Cell (Av. Goi\u00e1s, N\u00ba 719, Sibipiruna)<\/li>\n<li>Minas Farma (Av. Oito, N\u00ba 761, Centro e Av. Mato Grosso do Sul, N\u00ba 831.<\/li>\n<\/ul>\n<p><strong>PREMIA\u00c7\u00c3O DO RODEIO E CANDIDATAS A RAINHA<\/strong><\/p>\n<p>RODEIO<\/p>\n<p>Com uma premia\u00e7\u00e3o de mais de R$100 mil, o rodeio da 29\u00aa Exposul promete ser uma das maiores competi\u00e7\u00f5es de rodeio do pa\u00eds, onde as principais boiadas e tropas estar\u00e3o presentes no evento. A narra\u00e7\u00e3o ser\u00e1 de Helinho Para\u00edso e Luciano Lenes.<\/p>\n<p>A premia\u00e7\u00e3o do rodeio em Touros:<\/p>\n<ul>\n<li>1\u00b0 Colocado \u2013 R$25.000,00<\/li>\n<li>2\u00b0 Colocado \u2013 R$12.500,00<\/li>\n<li>3\u00b0 Colocado \u2013 R$8.000,00<\/li>\n<li>4\u00b0 Colocado \u2013 R$6.500,00<\/li>\n<li>5\u00b0 Colocado \u2013 R$5.000,00<\/li>\n<\/ul>\n<p>A premia\u00e7\u00e3o do rodeio em Cavalos:<\/p>\n<ul>\n<li>1\u00b0 Colocado \u2013 R$22.000,00<\/li>\n<li>2\u00b0 Colocado \u2013 R$11.500,00<\/li>\n<li>3\u00b0 Colocado \u2013 R$7.000,00<\/li>\n<li>4\u00b0 Colocado \u2013 R$6.000,00<\/li>\n<li>5\u00b0 Colocado \u2013 R$5.000,00<\/li>\n<\/ul>\n<p><strong>CANDIDATAS A RAINHA DA 29<\/strong><strong>\u00aa<\/strong><strong> EXPOSUL<\/strong><\/p>\n<p>A Rede Feminina de Combate ao C\u00e2ncer \u00e9 a entidade respons\u00e1vel e beneficiada com o Concurso da Rainha da EXPOSUL. S\u00e3o tr\u00eas garotas que disputar\u00e3o o cargo. Aquela que conseguir vender maior n\u00famero de votos receber\u00e1 a faixa de rainha da festa. Em segundo lugar ser\u00e1 a Princesa e a terceira colocada a 2\u00aa Princesa.<\/p>\n<p>Veja abaixo a ficha e o motivo de cada uma das candidatas em participar do concurso:<\/p>\n<p><strong>Emanoelly Kristium Moraes, 15 anos.<\/strong><\/p>\n<figure class=\"wp-block-image size-large is-resized\"><img loading=\"lazy\" decoding=\"async\" class=\"wp-image-40300\" src=\"https:\/\/jovemsulnews.com.br\/wp-content\/uploads\/2023\/04\/EMANOELLY.jpg\" sizes=\"auto, (max-width: 250px) 100vw, 250px\" srcset=\"https:\/\/jovemsulnews.com.br\/wp-content\/uploads\/2023\/04\/EMANOELLY.jpg 533w, https:\/\/jovemsulnews.com.br\/wp-content\/uploads\/2023\/04\/EMANOELLY-200x300.jpg 200w, https:\/\/jovemsulnews.com.br\/wp-content\/uploads\/2023\/04\/EMANOELLY-153x229.jpg 153w, https:\/\/jovemsulnews.com.br\/wp-content\/uploads\/2023\/04\/EMANOELLY-193x290.jpg 193w\" alt=\"\" width=\"250\" height=\"375\" \/><\/figure>\n<p>Filha de: Clovis Jairo Moraes e de Debora Regina Kristium.<br \/>\nEstuda na Escola Jorge Amado.<br \/>\nPadrinhos: Gilmar Oliveira e Daiane Kristium.<br \/>\nParticipa do concurso para ajudar a causa da Rede Feminina de Combate ao C\u00e2ncer.<\/p>\n<p><strong>Let\u00edcia de Oliveira Machado, 16 anos.<\/strong><\/p>\n<figure class=\"wp-block-image size-large is-resized\"><img loading=\"lazy\" decoding=\"async\" class=\"wp-image-40301\" src=\"https:\/\/jovemsulnews.com.br\/wp-content\/uploads\/2023\/04\/LETICIA.jpg\" sizes=\"auto, (max-width: 254px) 100vw, 254px\" srcset=\"https:\/\/jovemsulnews.com.br\/wp-content\/uploads\/2023\/04\/LETICIA.jpg 533w, https:\/\/jovemsulnews.com.br\/wp-content\/uploads\/2023\/04\/LETICIA-200x300.jpg 200w, https:\/\/jovemsulnews.com.br\/wp-content\/uploads\/2023\/04\/LETICIA-153x229.jpg 153w, https:\/\/jovemsulnews.com.br\/wp-content\/uploads\/2023\/04\/LETICIA-193x290.jpg 193w\" alt=\"\" width=\"254\" height=\"381\" \/><\/figure>\n<p>Filha de: Leandro Marcelo Machado e de Lucia Auto de Oliveira.<br \/>\nEstuda na Escola Jorge Amado.<br \/>\nPadrinhos -Nathan da Silva Feitosa e Lorena da Silva Abreu<br \/>\nParticipa do concurso porque gosto muito do mundo country, sempre foi um sonho ser candidata e poss\u00edvel Rainha. Sem contar que ajudar \u00e9 sempre bom. Quero concorrer para estar ajudando na causa da Rede Feminina de Combate ao C\u00e2ncer.<\/p>\n<p><strong>Laiza Eduarda Loureiro Martins Friz\u00e3o, 17 anos.<\/strong><\/p>\n<figure class=\"wp-block-image size-large is-resized\"><img loading=\"lazy\" decoding=\"async\" class=\"wp-image-40302\" src=\"https:\/\/jovemsulnews.com.br\/wp-content\/uploads\/2023\/04\/LAIZA.jpg\" sizes=\"auto, (max-width: 269px) 100vw, 269px\" srcset=\"https:\/\/jovemsulnews.com.br\/wp-content\/uploads\/2023\/04\/LAIZA.jpg 533w, https:\/\/jovemsulnews.com.br\/wp-content\/uploads\/2023\/04\/LAIZA-200x300.jpg 200w, https:\/\/jovemsulnews.com.br\/wp-content\/uploads\/2023\/04\/LAIZA-153x229.jpg 153w, https:\/\/jovemsulnews.com.br\/wp-content\/uploads\/2023\/04\/LAIZA-193x290.jpg 193w\" alt=\"\" width=\"269\" height=\"404\" \/><\/figure>\n<p>Filha de: Valmor Friz\u00e3o e Cristiane Jardim Loureiro.<br \/>\nEstuda na Escola Jorge Amado.<br \/>\nPadrinhos: Ronaldo Jos\u00e9 Wosnei e Edna Loureiro.<br \/>\nParticipo do concurso porque gosto muito do mundo country e sempre foi um sonho ser candidata e poss\u00edvel rainha. Sem contar que ajudar \u00e9 sempre bom, quero concorrer para estar ajudando na causa da Rede Feminina de Combate ao C\u00e2ncer.<\/p>\n<p><strong><em>A 29\u00aa Exposul \u00e9 uma realiza\u00e7\u00e3o do Sindicato Rural de Chapad\u00e3o do Sul, patroc\u00ednio SENAR\/MS, apoio de: SICREDI, Aprosoja, Governo de Mato Grosso do Sul, Prefeitura de Chapad\u00e3o do Sul, Ampasul, Famasul e Funda\u00e7\u00e3o Chapad\u00e3o.<\/em><\/strong><\/p>\n<p><a href=\"https:\/\/www.ocorreionews.com.br\/acervo-correio\/wp-content\/uploads\/2023\/04\/Cartaz-Oficia-29a-Exposul.jpg\"><img loading=\"lazy\" decoding=\"async\" class=\"alignnone size-full wp-image-238852\" src=\"https:\/\/www.ocorreionews.com.br\/acervo-correio\/wp-content\/uploads\/2023\/04\/Cartaz-Oficia-29a-Exposul.jpg\" alt=\"\" width=\"1181\" height=\"1600\" srcset=\"https:\/\/www.ocorreionews.com.br\/acervo-correio\/wp-content\/uploads\/2023\/04\/Cartaz-Oficia-29a-Exposul.jpg 1181w, https:\/\/www.ocorreionews.com.br\/acervo-correio\/wp-content\/uploads\/2023\/04\/Cartaz-Oficia-29a-Exposul-221x300.jpg 221w, https:\/\/www.ocorreionews.com.br\/acervo-correio\/wp-content\/uploads\/2023\/04\/Cartaz-Oficia-29a-Exposul-756x1024.jpg 756w, https:\/\/www.ocorreionews.com.br\/acervo-correio\/wp-content\/uploads\/2023\/04\/Cartaz-Oficia-29a-Exposul-768x1040.jpg 768w, https:\/\/www.ocorreionews.com.br\/acervo-correio\/wp-content\/uploads\/2023\/04\/Cartaz-Oficia-29a-Exposul-1134x1536.jpg 1134w\" sizes=\"auto, (max-width: 1181px) 100vw, 1181px\" \/><\/a><\/p>\n","protected":false},"excerpt":{"rendered":"<p>Come\u00e7a nesta quarta-feira (07) a 29\u00aa Exposul \u2013 Exposi\u00e7\u00e3o Agropecu\u00e1ria e Industrial de Chapad\u00e3o do Sul umas das principais festas do pa\u00eds. A 29\u00aa Exposul ser\u00e1 nos dias 07 a 11 de junho de 2023, marcar\u00e1 um novo marco para festa, como vem sendo chamada a NOVA EXPOSUL, pois o recinto de exposi\u00e7\u00e3o est\u00e1 recebendo [&hellip;]<\/p>\n","protected":false},"author":5,"featured_media":238851,"comment_status":"closed","ping_status":"closed","sticky":false,"template":"","format":"standard","meta":{"footnotes":""},"categories":[23,41],"tags":[],"class_list":["post-241551","post","type-post","status-publish","format-standard","has-post-thumbnail","hentry","category-chapadao-do-sul","category-destaque"],"_links":{"self":[{"href":"https:\/\/www.ocorreionews.com.br\/acervo-correio\/index.php?rest_route=\/wp\/v2\/posts\/241551","targetHints":{"allow":["GET"]}}],"collection":[{"href":"https:\/\/www.ocorreionews.com.br\/acervo-correio\/index.php?rest_route=\/wp\/v2\/posts"}],"about":[{"href":"https:\/\/www.ocorreionews.com.br\/acervo-correio\/index.php?rest_route=\/wp\/v2\/types\/post"}],"author":[{"embeddable":true,"href":"https:\/\/www.ocorreionews.com.br\/acervo-correio\/index.php?rest_route=\/wp\/v2\/users\/5"}],"replies":[{"embeddable":true,"href":"https:\/\/www.ocorreionews.com.br\/acervo-correio\/index.php?rest_route=%2Fwp%2Fv2%2Fcomments&post=241551"}],"version-history":[{"count":1,"href":"https:\/\/www.ocorreionews.com.br\/acervo-correio\/index.php?rest_route=\/wp\/v2\/posts\/241551\/revisions"}],"predecessor-version":[{"id":241565,"href":"https:\/\/www.ocorreionews.com.br\/acervo-correio\/index.php?rest_route=\/wp\/v2\/posts\/241551\/revisions\/241565"}],"wp:featuredmedia":[{"embeddable":true,"href":"https:\/\/www.ocorreionews.com.br\/acervo-correio\/index.php?rest_route=\/wp\/v2\/media\/238851"}],"wp:attachment":[{"href":"https:\/\/www.ocorreionews.com.br\/acervo-correio\/index.php?rest_route=%2Fwp%2Fv2%2Fmedia&parent=241551"}],"wp:term":[{"taxonomy":"category","embeddable":true,"href":"https:\/\/www.ocorreionews.com.br\/acervo-correio\/index.php?rest_route=%2Fwp%2Fv2%2Fcategories&post=241551"},{"taxonomy":"post_tag","embeddable":true,"href":"https:\/\/www.ocorreionews.com.br\/acervo-correio\/index.php?rest_route=%2Fwp%2Fv2%2Ftags&post=241551"}],"curies":[{"name":"wp","href":"https:\/\/api.w.org\/{rel}","templated":true}]}}