{"id":241590,"date":"2023-06-04T15:28:38","date_gmt":"2023-06-04T19:28:38","guid":{"rendered":"https:\/\/www.ocorreionews.com.br\/acervo-correio\/?p=241590"},"modified":"2023-06-04T15:28:38","modified_gmt":"2023-06-04T19:28:38","slug":"assaltante-de-banco-e-capturado-apos-agredir-esposa-e-filho-em-aparecida-do-taboado","status":"publish","type":"post","link":"https:\/\/www.ocorreionews.com.br\/acervo-correio\/?p=241590","title":{"rendered":"Assaltante de banco \u00e9 capturado ap\u00f3s agredir esposa e filho em Aparecida do Taboado"},"content":{"rendered":"<p>Com dois mandados de pris\u00e3o em aberto, Paulo Vitor Lopes, 27 anos, acabou sendo preso na noite desta sexta-feira (2), ap\u00f3s agredir a esposa e o filho com microcefalia. O caso aconteceu em Aparecida do Taboado &#8211; MS. O rapaz \u00e9 chegou a ser detido em 2018 por assalto a banco em Miranda e responde por dois furtos na cidade de Parana\u00edba.<\/p>\n<p>De acordo com o boletim de ocorr\u00eancia, equipe da Pol\u00edcia Militar foi acionada pela v\u00edtima de 19 anos que relatou ter sido agredida pela esposa. Ela contou ainda que no momento, ela estava com o filho no colo, beb\u00ea com microcefalia que acabou sofrendo uma convuls\u00e3o por conta das agress\u00f5es. Quando os policiais chegaram, o autor havia sa\u00eddo de carro.<\/p>\n<p>Ap\u00f3s a sa\u00edda dos policiais, o homem ent\u00e3o voltou para a casa e passou a amea\u00e7ar a esposa. A equipe ent\u00e3o foi novamente chamada e ao retornarem para o local, conseguiram abordar Paulo que apresentou um documento em nome de outra pessoa. Os militares desconfiaram e ent\u00e3o questionaram a identidade do suspeito.<\/p>\n<p>Os policiais ent\u00e3o descobriram, atrav\u00e9s da certid\u00e3o de nascimento da crian\u00e7a, que ele estaria usando documento falso e que se tratava de Paulo Vitor. O rapaz ent\u00e3o contou que usou outro nome por estar com mandado de pris\u00e3o em aberto por conta de furtos em cofres e caixas eletr\u00f4nicos.<\/p>\n<p>Paulo ent\u00e3o recebeu voz de pris\u00e3o e foi levado para a Delegacia de Pol\u00edcia civil de Aparecida do Taboado, onde foi constatado que contra ele havia dois mandados de pris\u00e3o em aberto, um de maio de 2022 e outro de abril de 2023, ambos de pris\u00e3o preventiva. No carro dele tamb\u00e9m foi encontrada por\u00e7\u00e3o de maconha. O caso foi registrado como viol\u00eancia dom\u00e9stica, portar drogas para consumo pessoal e uso de documento falso.<\/p>\n<figure id=\"attachment_241591\" aria-describedby=\"caption-attachment-241591\" style=\"width: 1024px\" class=\"wp-caption alignnone\"><a href=\"https:\/\/www.ocorreionews.com.br\/acervo-correio\/wp-content\/uploads\/2023\/06\/2rt8qdubnv280.webp\"><img loading=\"lazy\" decoding=\"async\" class=\"size-full wp-image-241591\" src=\"https:\/\/www.ocorreionews.com.br\/acervo-correio\/wp-content\/uploads\/2023\/06\/2rt8qdubnv280.webp\" alt=\"\" width=\"1024\" height=\"768\" srcset=\"https:\/\/www.ocorreionews.com.br\/acervo-correio\/wp-content\/uploads\/2023\/06\/2rt8qdubnv280.webp 1024w, https:\/\/www.ocorreionews.com.br\/acervo-correio\/wp-content\/uploads\/2023\/06\/2rt8qdubnv280-300x225.webp 300w, https:\/\/www.ocorreionews.com.br\/acervo-correio\/wp-content\/uploads\/2023\/06\/2rt8qdubnv280-768x576.webp 768w, https:\/\/www.ocorreionews.com.br\/acervo-correio\/wp-content\/uploads\/2023\/06\/2rt8qdubnv280-86x64.webp 86w\" sizes=\"auto, (max-width: 1024px) 100vw, 1024px\" \/><\/a><figcaption id=\"caption-attachment-241591\" class=\"wp-caption-text\">Ferramentas usadas para arrombar ag\u00eancia banc\u00e1ria em Miranda.<\/figcaption><\/figure>\n<p><strong>Assaltos<\/strong> \u2013 Em julho de 2018, Paulo Vitor chegou a ser preso com outras seis pessoas ap\u00f3s invas\u00e3o a uma ag\u00eancia banc\u00e1ria na cidade de Miranda, a 208 quil\u00f4metros de Campo Grande. Durante as investiga\u00e7\u00f5es, o rapaz foi apontado como um dos respons\u00e1veis pelo arrombamento das ag\u00eancias, desativa\u00e7\u00e3o do alarme e furto do dinheiro. Ele acabou tendo o alvar\u00e1 de soltura expedido pelo juiz Alysson Kneip Duque, da comarca de Miranda.<\/p>\n<p>J\u00e1 em 6 de abril de 2022, segundo den\u00fancia do MPMS (Minist\u00e9rio P\u00fablico de Mato Grosso do Sul), Paulo a companhia de outras seis pessoas invadiram uma loja de eletrodom\u00e9sticos em Parana\u00edba, para tentar novo furto. Eles foram denunciados pelo crime e por integrar organiza\u00e7\u00e3o criminosa.<\/p>\n<p>Paulo na ocasi\u00e3o foi o respons\u00e1vel por desarmar o alarme da loja, ap\u00f3s informa\u00e7\u00f5es repassadas por um funcion\u00e1rio. Cinco dias depois, o rapaz tentou furtar ainda um supermercado na mesma cidade. O grupo tamb\u00e9m foi denunciado pelo MP. E o acusado passou a ser considerado foragido ap\u00f3s a pris\u00e3o preventiva ser decretada e os mandados serem expedidos.<\/p>\n<p>&nbsp;<\/p>\n<p>Por Ana Paula Chuva &#8211; CAMPO GRANDE NEWS<\/p>\n","protected":false},"excerpt":{"rendered":"<p>Com dois mandados de pris\u00e3o em aberto, Paulo Vitor Lopes, 27 anos, acabou sendo preso na noite desta sexta-feira (2), ap\u00f3s agredir a esposa e o filho com microcefalia. O caso aconteceu em Aparecida do Taboado &#8211; MS. O rapaz \u00e9 chegou a ser detido em 2018 por assalto a banco em Miranda e responde [&hellip;]<\/p>\n","protected":false},"author":5,"featured_media":241592,"comment_status":"closed","ping_status":"closed","sticky":false,"template":"","format":"standard","meta":{"footnotes":""},"categories":[38],"tags":[],"class_list":["post-241590","post","type-post","status-publish","format-standard","has-post-thumbnail","hentry","category-policia"],"_links":{"self":[{"href":"https:\/\/www.ocorreionews.com.br\/acervo-correio\/index.php?rest_route=\/wp\/v2\/posts\/241590","targetHints":{"allow":["GET"]}}],"collection":[{"href":"https:\/\/www.ocorreionews.com.br\/acervo-correio\/index.php?rest_route=\/wp\/v2\/posts"}],"about":[{"href":"https:\/\/www.ocorreionews.com.br\/acervo-correio\/index.php?rest_route=\/wp\/v2\/types\/post"}],"author":[{"embeddable":true,"href":"https:\/\/www.ocorreionews.com.br\/acervo-correio\/index.php?rest_route=\/wp\/v2\/users\/5"}],"replies":[{"embeddable":true,"href":"https:\/\/www.ocorreionews.com.br\/acervo-correio\/index.php?rest_route=%2Fwp%2Fv2%2Fcomments&post=241590"}],"version-history":[{"count":1,"href":"https:\/\/www.ocorreionews.com.br\/acervo-correio\/index.php?rest_route=\/wp\/v2\/posts\/241590\/revisions"}],"predecessor-version":[{"id":241593,"href":"https:\/\/www.ocorreionews.com.br\/acervo-correio\/index.php?rest_route=\/wp\/v2\/posts\/241590\/revisions\/241593"}],"wp:featuredmedia":[{"embeddable":true,"href":"https:\/\/www.ocorreionews.com.br\/acervo-correio\/index.php?rest_route=\/wp\/v2\/media\/241592"}],"wp:attachment":[{"href":"https:\/\/www.ocorreionews.com.br\/acervo-correio\/index.php?rest_route=%2Fwp%2Fv2%2Fmedia&parent=241590"}],"wp:term":[{"taxonomy":"category","embeddable":true,"href":"https:\/\/www.ocorreionews.com.br\/acervo-correio\/index.php?rest_route=%2Fwp%2Fv2%2Fcategories&post=241590"},{"taxonomy":"post_tag","embeddable":true,"href":"https:\/\/www.ocorreionews.com.br\/acervo-correio\/index.php?rest_route=%2Fwp%2Fv2%2Ftags&post=241590"}],"curies":[{"name":"wp","href":"https:\/\/api.w.org\/{rel}","templated":true}]}}