{"id":241600,"date":"2023-06-04T16:08:31","date_gmt":"2023-06-04T20:08:31","guid":{"rendered":"https:\/\/www.ocorreionews.com.br\/acervo-correio\/?p=241600"},"modified":"2023-06-04T16:08:31","modified_gmt":"2023-06-04T20:08:31","slug":"programa-mulher-segura-da-policia-militar-realiza-1o-encontro-estadual-de-capacitacao-em-costa-rica","status":"publish","type":"post","link":"https:\/\/www.ocorreionews.com.br\/acervo-correio\/?p=241600","title":{"rendered":"Programa Mulher Segura da Pol\u00edcia Militar realiza 1\u00ba Encontro Estadual de Capacita\u00e7\u00e3o em Costa Rica"},"content":{"rendered":"<p>&nbsp;<\/p>\n<p>A Secretaria Municipal de Pol\u00edticas P\u00fablicas para as Mulheres de Costa Rica, realizou entre os dias 29 de maio e 02 de junho, o 1\u00ba Encontro Estadual de Capacita\u00e7\u00e3o do PROMUSE (Programa Mulher Segura) da Pol\u00edcia Militar. O evento, realizado no audit\u00f3rio da SEMED, contou com uma programa\u00e7\u00e3o intensa e variada, com palestras, estudos de casos e a\u00e7\u00f5es pr\u00e1ticas. A carga hor\u00e1ria total foi de 32 horas. Estiveram presentes al\u00e9m da anfitri\u00e3, as cidades de Coxim, Caarap\u00f3, Navira\u00ed, Campo Grande e Dourados.<\/p>\n<p>De acordo com o diretor da Pol\u00edcia Comunit\u00e1ria e Direitos Humanos da PMMS (Pol\u00edcia Militar de Mato Grosso do Sul), coronel Alexandre Rosa Ferreira, o objetivo foi promover o enfrentamento \u00e0 viol\u00eancia dom\u00e9stica contra mulheres, por meio de a\u00e7\u00f5es de preven\u00e7\u00e3o, visitas t\u00e9cnicas, conversas com v\u00edtimas, familiares e at\u00e9 mesmo com os agressores, fazendo os encaminhamentos pertinentes aos \u00f3rg\u00e3os da rede municipal de atendimento \u00e0 mulher em situa\u00e7\u00e3o de viol\u00eancia.<\/p>\n<p>Para a secret\u00e1ria municipal de Pol\u00edticas P\u00fablicas para as Mulheres, M\u00e1rcia Alves, &#8220;o encontro foi fundamental para capacitar e aprimorar as a\u00e7\u00f5es da rede de prote\u00e7\u00e3o \u00e0 mulher em situa\u00e7\u00e3o de viol\u00eancia dom\u00e9stica e familiar em nosso munic\u00edpio. \u00c9 importante destacar a participa\u00e7\u00e3o ativa de todos os profissionais envolvidos, que se empenharam em debater e buscar solu\u00e7\u00f5es para garantir a seguran\u00e7a e a prote\u00e7\u00e3o das mulheres de Costa Rica&#8221;.<\/p>\n<div class=\"ntc_cont_descricao_noticia sw_txteditor\">No primeiro dia do encontro, a abertura oficial contou com a presen\u00e7a do prefeito da cidade, delegado Cleverson Alves dos Santos, que ministrou a palestra magna sobre a perspectiva hist\u00f3rica da Lei Maria da Penha no Brasil e os direitos humanos das mulheres. A promotora de justi\u00e7a da Comarca de Chapad\u00e3o do Sul, Fernanda Proen\u00e7a de Azambuja, apresentou os princ\u00edpios da Rede de Prote\u00e7\u00e3o \u00e0 Mulher em Situa\u00e7\u00e3o de Viol\u00eancia Dom\u00e9stica e Familiar, e foram debatidas as rela\u00e7\u00f5es interpessoais na Rede de enfrentamento \u00e0 Viol\u00eancia Dom\u00e9stica e Familiar.<\/p>\n<p>No segundo dia, a defensora p\u00fablica da Comarca de Costa Rica, Katherine Alzira Avellan Neves, ministrou palestra sobre a Lei Maria da Penha, enquanto o juiz de direito da 1\u00aa Vara C\u00edvel e Criminal da Comarca de Costa Rica, Francisco Soliman, falou sobre Medidas Protetivas de Urg\u00eancia. A coordenadora estadual do PROMUSE em MS, capit\u00e3 Bruna Carla Sanches Rodrigues, palestrou sobre as ferramentas e instrumentos de controle, preven\u00e7\u00e3o e enfrentamento \u00e0 viol\u00eancia dom\u00e9stica e familiar.<\/p><\/div>\n<div class=\"ntc_cont_descricao_noticia sw_txteditor\"><a href=\"https:\/\/www.ocorreionews.com.br\/acervo-correio\/wp-content\/uploads\/2023\/06\/38d9d711b1dc2a7fd692eb598768ee93.jpg\"><img loading=\"lazy\" decoding=\"async\" class=\"alignnone size-full wp-image-241603\" src=\"https:\/\/www.ocorreionews.com.br\/acervo-correio\/wp-content\/uploads\/2023\/06\/38d9d711b1dc2a7fd692eb598768ee93.jpg\" alt=\"\" width=\"800\" height=\"600\" srcset=\"https:\/\/www.ocorreionews.com.br\/acervo-correio\/wp-content\/uploads\/2023\/06\/38d9d711b1dc2a7fd692eb598768ee93.jpg 800w, https:\/\/www.ocorreionews.com.br\/acervo-correio\/wp-content\/uploads\/2023\/06\/38d9d711b1dc2a7fd692eb598768ee93-300x225.jpg 300w, https:\/\/www.ocorreionews.com.br\/acervo-correio\/wp-content\/uploads\/2023\/06\/38d9d711b1dc2a7fd692eb598768ee93-768x576.jpg 768w, https:\/\/www.ocorreionews.com.br\/acervo-correio\/wp-content\/uploads\/2023\/06\/38d9d711b1dc2a7fd692eb598768ee93-86x64.jpg 86w\" sizes=\"auto, (max-width: 800px) 100vw, 800px\" \/><\/a><\/p>\n<p>No terceiro dia, o integrante da equipe t\u00e9cnica do PROMUSE, 3\u00ba Sargento Adelino Schibilski, palestrou sobre a import\u00e2ncia de reinventar a masculinidade, enquanto o 3\u00ba sargento Eliciel Freire de Salles ministrou a palestra sobre a rela\u00e7\u00e3o de g\u00eanero e viol\u00eancia contra a mulher do componente masculino. Os palestrantes sargentos Gizele Guedes, Aline Furtado e Denis Lianz Denner Penha da equipe t\u00e9cnica do PROMUSE apresentaram o PROMUSE Protocolo e o Diferencial no Atendimento.<\/p>\n<p>No quarto dia, foi apresentada a minuta do Plano Municipal Decenal de Pol\u00edticas para Mulheres 2023-2033 pela assistente social t\u00e9cnica de refer\u00eancia da SPPM\/CR, Soliane R. Anacleto Ulian. Foram formados grupos de trabalhos que apresentaram a\u00e7\u00f5es e orienta\u00e7\u00f5es para visitas t\u00e9cnicas. No \u00faltimo dia do encontro, foram realizadas visitas t\u00e9cnicas operacionais do PROMUSE e o painel de respostas e solu\u00e7\u00f5es com a rede &#8211; estudos de caso &#8211; e por fim, apresentou-se os estudos de caso.\n<\/p><\/div>\n<div class=\"ntc_cont_descricao_noticia sw_txteditor\"><a href=\"https:\/\/www.ocorreionews.com.br\/acervo-correio\/wp-content\/uploads\/2023\/06\/c52f17f4a7dfee95e4c76d4ab75addce.jpg\"><img loading=\"lazy\" decoding=\"async\" class=\"alignnone size-full wp-image-241604\" src=\"https:\/\/www.ocorreionews.com.br\/acervo-correio\/wp-content\/uploads\/2023\/06\/c52f17f4a7dfee95e4c76d4ab75addce.jpg\" alt=\"\" width=\"800\" height=\"600\" srcset=\"https:\/\/www.ocorreionews.com.br\/acervo-correio\/wp-content\/uploads\/2023\/06\/c52f17f4a7dfee95e4c76d4ab75addce.jpg 800w, https:\/\/www.ocorreionews.com.br\/acervo-correio\/wp-content\/uploads\/2023\/06\/c52f17f4a7dfee95e4c76d4ab75addce-300x225.jpg 300w, https:\/\/www.ocorreionews.com.br\/acervo-correio\/wp-content\/uploads\/2023\/06\/c52f17f4a7dfee95e4c76d4ab75addce-768x576.jpg 768w, https:\/\/www.ocorreionews.com.br\/acervo-correio\/wp-content\/uploads\/2023\/06\/c52f17f4a7dfee95e4c76d4ab75addce-86x64.jpg 86w\" sizes=\"auto, (max-width: 800px) 100vw, 800px\" \/><\/a><br \/>\nA capit\u00e3 da Pol\u00edcia Militar de MS, Bruna Carla Sanches Rodrigues, resumiu a 1\u00aa capacita\u00e7\u00e3o do programa Mulher Segura em Costa Rica, onde formou e capacitou mais de 50 servidores, incluindo policiais militares, pessoal da rede e das secretarias de sa\u00fade, educa\u00e7\u00e3o e seguran\u00e7a p\u00fablica. \u201cFoi uma experi\u00eancia gratificante, com muitas propostas positivas para o munic\u00edpio. Aprendemos muito sobre a realidade das mulheres que sofrem viol\u00eancia dom\u00e9stica e a import\u00e2ncia de reconhecer diferentes tipos de viol\u00eancia, como a moral, psicol\u00f3gica e patrimonial. Com a participa\u00e7\u00e3o de todo o munic\u00edpio, agora podemos oferecer um atendimento mais profissional e humano para essas mulheres vulner\u00e1veis. Agradecemos o apoio e a participa\u00e7\u00e3o de todos os servidores e a certeza de que devolvemos para o munic\u00edpio pessoas mais sens\u00edveis e preparadas para lidar com a viol\u00eancia contra as mulheres\u201d, disse.<\/p>\n<p>Ao final do evento, foi feito a entrega de certificados de conclus\u00e3o do 1\u00ba Encontro Estadual de Capacita\u00e7\u00e3o do PROMUSE aos concluintes por autoridades locais e visitantes.\n<\/p><\/div>\n<div><a href=\"https:\/\/www.ocorreionews.com.br\/acervo-correio\/wp-content\/uploads\/2023\/06\/dd04f970ed4130767e0b2b47efcdebea.jpg\"><img loading=\"lazy\" decoding=\"async\" class=\"alignnone size-full wp-image-241602\" src=\"https:\/\/www.ocorreionews.com.br\/acervo-correio\/wp-content\/uploads\/2023\/06\/dd04f970ed4130767e0b2b47efcdebea.jpg\" alt=\"\" width=\"800\" height=\"600\" srcset=\"https:\/\/www.ocorreionews.com.br\/acervo-correio\/wp-content\/uploads\/2023\/06\/dd04f970ed4130767e0b2b47efcdebea.jpg 800w, https:\/\/www.ocorreionews.com.br\/acervo-correio\/wp-content\/uploads\/2023\/06\/dd04f970ed4130767e0b2b47efcdebea-300x225.jpg 300w, https:\/\/www.ocorreionews.com.br\/acervo-correio\/wp-content\/uploads\/2023\/06\/dd04f970ed4130767e0b2b47efcdebea-768x576.jpg 768w, https:\/\/www.ocorreionews.com.br\/acervo-correio\/wp-content\/uploads\/2023\/06\/dd04f970ed4130767e0b2b47efcdebea-86x64.jpg 86w\" sizes=\"auto, (max-width: 800px) 100vw, 800px\" \/><\/a><\/div>\n<div class=\"ntc_area_info_noticia sw_lato\">\n<div>\n<div class=\"ntc_info_noticia\"><strong class=\"sw_lato_black\">Fonte:<\/strong>Assessoria de Comunica\u00e7\u00e3o &#8211; PMCR, Silvestre de Castro<\/div>\n<\/div>\n<\/div>\n","protected":false},"excerpt":{"rendered":"<p>&nbsp; A Secretaria Municipal de Pol\u00edticas P\u00fablicas para as Mulheres de Costa Rica, realizou entre os dias 29 de maio e 02 de junho, o 1\u00ba Encontro Estadual de Capacita\u00e7\u00e3o do PROMUSE (Programa Mulher Segura) da Pol\u00edcia Militar. O evento, realizado no audit\u00f3rio da SEMED, contou com uma programa\u00e7\u00e3o intensa e variada, com palestras, estudos [&hellip;]<\/p>\n","protected":false},"author":5,"featured_media":241601,"comment_status":"closed","ping_status":"closed","sticky":false,"template":"","format":"standard","meta":{"footnotes":""},"categories":[25,41],"tags":[],"class_list":["post-241600","post","type-post","status-publish","format-standard","has-post-thumbnail","hentry","category-costa-rica","category-destaque"],"_links":{"self":[{"href":"https:\/\/www.ocorreionews.com.br\/acervo-correio\/index.php?rest_route=\/wp\/v2\/posts\/241600","targetHints":{"allow":["GET"]}}],"collection":[{"href":"https:\/\/www.ocorreionews.com.br\/acervo-correio\/index.php?rest_route=\/wp\/v2\/posts"}],"about":[{"href":"https:\/\/www.ocorreionews.com.br\/acervo-correio\/index.php?rest_route=\/wp\/v2\/types\/post"}],"author":[{"embeddable":true,"href":"https:\/\/www.ocorreionews.com.br\/acervo-correio\/index.php?rest_route=\/wp\/v2\/users\/5"}],"replies":[{"embeddable":true,"href":"https:\/\/www.ocorreionews.com.br\/acervo-correio\/index.php?rest_route=%2Fwp%2Fv2%2Fcomments&post=241600"}],"version-history":[{"count":1,"href":"https:\/\/www.ocorreionews.com.br\/acervo-correio\/index.php?rest_route=\/wp\/v2\/posts\/241600\/revisions"}],"predecessor-version":[{"id":241605,"href":"https:\/\/www.ocorreionews.com.br\/acervo-correio\/index.php?rest_route=\/wp\/v2\/posts\/241600\/revisions\/241605"}],"wp:featuredmedia":[{"embeddable":true,"href":"https:\/\/www.ocorreionews.com.br\/acervo-correio\/index.php?rest_route=\/wp\/v2\/media\/241601"}],"wp:attachment":[{"href":"https:\/\/www.ocorreionews.com.br\/acervo-correio\/index.php?rest_route=%2Fwp%2Fv2%2Fmedia&parent=241600"}],"wp:term":[{"taxonomy":"category","embeddable":true,"href":"https:\/\/www.ocorreionews.com.br\/acervo-correio\/index.php?rest_route=%2Fwp%2Fv2%2Fcategories&post=241600"},{"taxonomy":"post_tag","embeddable":true,"href":"https:\/\/www.ocorreionews.com.br\/acervo-correio\/index.php?rest_route=%2Fwp%2Fv2%2Ftags&post=241600"}],"curies":[{"name":"wp","href":"https:\/\/api.w.org\/{rel}","templated":true}]}}