{"id":241629,"date":"2023-06-05T09:28:34","date_gmt":"2023-06-05T13:28:34","guid":{"rendered":"https:\/\/www.ocorreionews.com.br\/acervo-correio\/?p=241629"},"modified":"2023-06-05T09:28:34","modified_gmt":"2023-06-05T13:28:34","slug":"semana-do-meio-ambiente-e-iniciada-e-traz-solucoes-para-poluicao-plastica-em-chapadao-do-sul","status":"publish","type":"post","link":"https:\/\/www.ocorreionews.com.br\/acervo-correio\/?p=241629","title":{"rendered":"Semana do Meio Ambiente \u00e9 iniciada e traz solu\u00e7\u00f5es para polui\u00e7\u00e3o pl\u00e1stica em Chapad\u00e3o do Sul"},"content":{"rendered":"<p style=\"font-weight: 400;\">O Executivo Municipal atrav\u00e9s da SEDEMA (Secretaria Municipal de Desenvolvimento Econ\u00f4mico e Meio Ambiente), divulga a programa\u00e7\u00e3o oficial da Semana do Meio Ambiente de 2023, que vai do dia 05 ao dia 16 de junho e apresenta o tema desta edi\u00e7\u00e3o:\u00a0<b><strong><u>&#8220;Solu\u00e7\u00f5es para Polui\u00e7\u00e3o Pl\u00e1stica\u201d.<\/u><\/strong><\/b><\/p>\n<p style=\"font-weight: 400;\">Com apoio do Conselho Municipal de Meio Ambiente de Chapad\u00e3o do Sul, C\u00e2mara Municipal, Conselho da \u00c1rea de Prote\u00e7\u00e3o Ambiental (APA), Secretaria Municipal de Esporte, Juventude e Lazer, Secretaria Municipal de Educa\u00e7\u00e3o e Cultura, Secretaria Municipal de Assist\u00eancia Social, R\u00e1dio Cultura FM, R\u00e1dio Integra\u00e7\u00e3o, RPPN Arival Ant\u00f4nio Zardo, Col\u00e9gio CEPE, Col\u00e9gio MAPER, E.E. Augusto Krug Neto, CGH Indai\u00e1 e SANESUL, a Secretaria Municipal de Desenvolvimento Econ\u00f4mico e Meio Ambiente preparou uma programa\u00e7\u00e3o especial para a Semana do Meio Ambiente, que come\u00e7a nesta segunda-feira, 5, data em que \u00e9 comemorado o Dia Mundial do Meio Ambiente.<\/p>\n<p style=\"font-weight: 400;\">Segundo a ONU (Organiza\u00e7\u00e3o das Na\u00e7\u00f5es Unidas), mais de 400 milh\u00f5es de toneladas de pl\u00e1stico s\u00e3o produzidas todos os anos, metade das quais \u00e9 projetada para ser usada apenas uma vez. Estima-se que de 19 a 23 milh\u00f5es de toneladas acabem em lagos, rios e mares. Atualmente, o pl\u00e1stico entope nossos aterros sanit\u00e1rios, vaza para c\u00f3rregos e lagos e \u00e9 transformado em fuma\u00e7a t\u00f3xica, o que o torna uma das maiores amea\u00e7as ao planeta.<\/p>\n<p style=\"font-weight: 400;\">A abertura oficial acontece \u00e0s 8h desta segunda-feira, 05, na Escola Estadual Augusto Krug Neto, onde ser\u00e1 realizada palestra sobre a semana mundial do meio ambiente.<\/p>\n<p style=\"font-weight: 400;\">O foco da programa\u00e7\u00e3o da edi\u00e7\u00e3o deste ano \u00e9 o p\u00fablico infantojuvenil: \u201cPrecisamos conscientizar os cidad\u00e3os sobre a import\u00e2ncia das boas pr\u00e1ticas ambientais logo nos primeiros anos de vida, por isso, preparamos uma s\u00e9rie de iniciativas para as crian\u00e7as e jovens. Entretanto, nossa programa\u00e7\u00e3o tem espa\u00e7o para toda fam\u00edlia, teremos uma semana rica com bastante conte\u00fado para todos. Vale a pena participar\u201d, detalhou Jos\u00e9 Teixeira J\u00fanior \u2013 Secret\u00e1rio Municipal da SEDEMA.<\/p>\n<p style=\"font-weight: 400;\">A Semana do Meio Ambiente contar\u00e1 tamb\u00e9m com o lan\u00e7amento do concurso:\u00a0<b><strong><u>&#8220;V\u00eddeo da Minha A\u00e7\u00e3o Sustent\u00e1vel&#8221;<\/u><\/strong><\/b>\u00a0que ser\u00e1 realizada como projeto piloto junto aos alunos da E.E. Augusto Krug Neto, al\u00e9m deste, haver\u00e3o muitas outras atividades, visitas e a\u00e7\u00f5es em prol do Meio Ambiente, acompanhe a programa\u00e7\u00e3o completa na imagem abaixo.<\/p>\n<p style=\"font-weight: 400;\">Vamos ter uma semana celebrativa, educativa e pedag\u00f3gica para mostrar e reafirmar o compromisso que todos devemos ter com o respeito, cuidado e zelo pelo meio ambiente, vamos mostrar que Chapad\u00e3o do Sul pode continuar se desenvolvendo em harmonia com a natureza\u201d. Destaca, Jo\u00e3o Carlos Krug &#8211; Prefeito Municipal.<\/p>\n<p style=\"font-weight: 400;\">Mais informa\u00e7\u00f5es podem ser obtidas na SEDEMA, entre em contato atrav\u00e9s do telefone (67)3562-5672 ou pelo WhatsApp\u00a0<a href=\"https:\/\/wa.me\/5567996183431.\">https:\/\/wa.me\/5567996183431.<\/a>\u00a0A Secretaria Municipal de Desenvolvimento Econ\u00f4mico e Meio Ambiente est\u00e1 localizada na Avenida Onze, 1045 \u2013 Centro.<\/p>\n<p style=\"font-weight: 400;\"><u>Confira a programa\u00e7\u00e3o abaixo:<\/u><\/p>\n<p>&nbsp;<\/p>\n<p>*Assecom PMCS<\/p>\n","protected":false},"excerpt":{"rendered":"<p>O Executivo Municipal atrav\u00e9s da SEDEMA (Secretaria Municipal de Desenvolvimento Econ\u00f4mico e Meio Ambiente), divulga a programa\u00e7\u00e3o oficial da Semana do Meio Ambiente de 2023, que vai do dia 05 ao dia 16 de junho e apresenta o tema desta edi\u00e7\u00e3o:\u00a0&#8220;Solu\u00e7\u00f5es para Polui\u00e7\u00e3o Pl\u00e1stica\u201d. Com apoio do Conselho Municipal de Meio Ambiente de Chapad\u00e3o do [&hellip;]<\/p>\n","protected":false},"author":5,"featured_media":241626,"comment_status":"closed","ping_status":"closed","sticky":false,"template":"","format":"standard","meta":{"footnotes":""},"categories":[23],"tags":[],"class_list":["post-241629","post","type-post","status-publish","format-standard","has-post-thumbnail","hentry","category-chapadao-do-sul"],"_links":{"self":[{"href":"https:\/\/www.ocorreionews.com.br\/acervo-correio\/index.php?rest_route=\/wp\/v2\/posts\/241629","targetHints":{"allow":["GET"]}}],"collection":[{"href":"https:\/\/www.ocorreionews.com.br\/acervo-correio\/index.php?rest_route=\/wp\/v2\/posts"}],"about":[{"href":"https:\/\/www.ocorreionews.com.br\/acervo-correio\/index.php?rest_route=\/wp\/v2\/types\/post"}],"author":[{"embeddable":true,"href":"https:\/\/www.ocorreionews.com.br\/acervo-correio\/index.php?rest_route=\/wp\/v2\/users\/5"}],"replies":[{"embeddable":true,"href":"https:\/\/www.ocorreionews.com.br\/acervo-correio\/index.php?rest_route=%2Fwp%2Fv2%2Fcomments&post=241629"}],"version-history":[{"count":1,"href":"https:\/\/www.ocorreionews.com.br\/acervo-correio\/index.php?rest_route=\/wp\/v2\/posts\/241629\/revisions"}],"predecessor-version":[{"id":241632,"href":"https:\/\/www.ocorreionews.com.br\/acervo-correio\/index.php?rest_route=\/wp\/v2\/posts\/241629\/revisions\/241632"}],"wp:featuredmedia":[{"embeddable":true,"href":"https:\/\/www.ocorreionews.com.br\/acervo-correio\/index.php?rest_route=\/wp\/v2\/media\/241626"}],"wp:attachment":[{"href":"https:\/\/www.ocorreionews.com.br\/acervo-correio\/index.php?rest_route=%2Fwp%2Fv2%2Fmedia&parent=241629"}],"wp:term":[{"taxonomy":"category","embeddable":true,"href":"https:\/\/www.ocorreionews.com.br\/acervo-correio\/index.php?rest_route=%2Fwp%2Fv2%2Fcategories&post=241629"},{"taxonomy":"post_tag","embeddable":true,"href":"https:\/\/www.ocorreionews.com.br\/acervo-correio\/index.php?rest_route=%2Fwp%2Fv2%2Ftags&post=241629"}],"curies":[{"name":"wp","href":"https:\/\/api.w.org\/{rel}","templated":true}]}}