{"id":241634,"date":"2023-06-05T09:38:33","date_gmt":"2023-06-05T13:38:33","guid":{"rendered":"https:\/\/www.ocorreionews.com.br\/acervo-correio\/?p=241634"},"modified":"2023-06-05T09:38:33","modified_gmt":"2023-06-05T13:38:33","slug":"inscricoes-para-o-enem-comecam-nesta-segunda-feira","status":"publish","type":"post","link":"https:\/\/www.ocorreionews.com.br\/acervo-correio\/?p=241634","title":{"rendered":"Inscri\u00e7\u00f5es para o Enem come\u00e7am nesta segunda-feira"},"content":{"rendered":"<p>As inscri\u00e7\u00f5es para o Exame Nacional do Ensino M\u00e9dio (Enem) come\u00e7am nesta segunda-feira (5). Interessados em participar do certame, a ser aplicado nos dias 5 e 12 de novembro, t\u00eam at\u00e9 16 de junho para fazer o cadastro na <a href=\"https:\/\/enem.inep.gov.br\/participante\/#!\/\" target=\"_blank\" rel=\"noopener\">P\u00e1gina do Participante<\/a>. A taxa de inscri\u00e7\u00e3o \u00e9 R$ 85 e deve ser paga at\u00e9 21 de junho. \u00a0<img decoding=\"async\" src=\"https:\/\/agenciabrasil.ebc.com.br\/ebc.png?id=1536842&amp;o=node\" \/><img decoding=\"async\" src=\"https:\/\/agenciabrasil.ebc.com.br\/ebc.gif?id=1536842&amp;o=node\" \/><\/p>\n<p><a href=\"https:\/\/www.in.gov.br\/en\/web\/dou\/-\/edital-n-30-de-5-de-maio-de-2023-481632388\" target=\"_blank\" rel=\"noopener\">O edital<\/a> com o cronograma e tamb\u00e9m com as regras para o Enem 2023 foi publicado no in\u00edcio do m\u00eas. Al\u00e9m de apresentar as datas e os hor\u00e1rios do exame, o texto detalha os documentos necess\u00e1rios e as obriga\u00e7\u00f5es do participante, incluindo situa\u00e7\u00f5es em que o candidato pode ser eliminado.<\/p>\n<h2>Provas<\/h2>\n<p>A publica\u00e7\u00e3o do Instituto Nacional de Estudos e Pesquisas An\u00edsio Teixeira (Inep) traz, ainda, crit\u00e9rios para corre\u00e7\u00e3o das provas e procedimentos para pessoas que precisam de cuidados especiais durante o concurso.<\/p>\n<p>Os gabaritos das provas objetivas ser\u00e3o publicados no dia 24 de novembro no <a href=\"http:\/\/www.gov.br\/inep\/pt-br\" target=\"_blank\" rel=\"noopener\">portal do Inep<\/a>. J\u00e1 os resultados individuais ser\u00e3o divulgados no dia 16 de janeiro de 2024 no mesmo site.<\/p>\n<p>&nbsp;<\/p>\n<p>&nbsp;<\/p>\n<p>*Ag\u00eancia Brasil<\/p>\n","protected":false},"excerpt":{"rendered":"<p>As inscri\u00e7\u00f5es para o Exame Nacional do Ensino M\u00e9dio (Enem) come\u00e7am nesta segunda-feira (5). Interessados em participar do certame, a ser aplicado nos dias 5 e 12 de novembro, t\u00eam at\u00e9 16 de junho para fazer o cadastro na P\u00e1gina do Participante. A taxa de inscri\u00e7\u00e3o \u00e9 R$ 85 e deve ser paga at\u00e9 21 [&hellip;]<\/p>\n","protected":false},"author":5,"featured_media":147780,"comment_status":"closed","ping_status":"closed","sticky":false,"template":"","format":"standard","meta":{"footnotes":""},"categories":[27],"tags":[],"class_list":["post-241634","post","type-post","status-publish","format-standard","has-post-thumbnail","hentry","category-educacao"],"_links":{"self":[{"href":"https:\/\/www.ocorreionews.com.br\/acervo-correio\/index.php?rest_route=\/wp\/v2\/posts\/241634","targetHints":{"allow":["GET"]}}],"collection":[{"href":"https:\/\/www.ocorreionews.com.br\/acervo-correio\/index.php?rest_route=\/wp\/v2\/posts"}],"about":[{"href":"https:\/\/www.ocorreionews.com.br\/acervo-correio\/index.php?rest_route=\/wp\/v2\/types\/post"}],"author":[{"embeddable":true,"href":"https:\/\/www.ocorreionews.com.br\/acervo-correio\/index.php?rest_route=\/wp\/v2\/users\/5"}],"replies":[{"embeddable":true,"href":"https:\/\/www.ocorreionews.com.br\/acervo-correio\/index.php?rest_route=%2Fwp%2Fv2%2Fcomments&post=241634"}],"version-history":[{"count":1,"href":"https:\/\/www.ocorreionews.com.br\/acervo-correio\/index.php?rest_route=\/wp\/v2\/posts\/241634\/revisions"}],"predecessor-version":[{"id":241635,"href":"https:\/\/www.ocorreionews.com.br\/acervo-correio\/index.php?rest_route=\/wp\/v2\/posts\/241634\/revisions\/241635"}],"wp:featuredmedia":[{"embeddable":true,"href":"https:\/\/www.ocorreionews.com.br\/acervo-correio\/index.php?rest_route=\/wp\/v2\/media\/147780"}],"wp:attachment":[{"href":"https:\/\/www.ocorreionews.com.br\/acervo-correio\/index.php?rest_route=%2Fwp%2Fv2%2Fmedia&parent=241634"}],"wp:term":[{"taxonomy":"category","embeddable":true,"href":"https:\/\/www.ocorreionews.com.br\/acervo-correio\/index.php?rest_route=%2Fwp%2Fv2%2Fcategories&post=241634"},{"taxonomy":"post_tag","embeddable":true,"href":"https:\/\/www.ocorreionews.com.br\/acervo-correio\/index.php?rest_route=%2Fwp%2Fv2%2Ftags&post=241634"}],"curies":[{"name":"wp","href":"https:\/\/api.w.org\/{rel}","templated":true}]}}