{"id":241637,"date":"2023-06-05T09:44:04","date_gmt":"2023-06-05T13:44:04","guid":{"rendered":"https:\/\/www.ocorreionews.com.br\/acervo-correio\/?p=241637"},"modified":"2023-06-05T09:44:04","modified_gmt":"2023-06-05T13:44:04","slug":"idoso-e-morto-a-tiros-apos-discussao-durante-cacada-com-amigos-em-fazenda","status":"publish","type":"post","link":"https:\/\/www.ocorreionews.com.br\/acervo-correio\/?p=241637","title":{"rendered":"Idoso \u00e9 morto a tiros ap\u00f3s discuss\u00e3o durante ca\u00e7ada com amigos em fazenda"},"content":{"rendered":"<div id=\"chunk-1li9l\">\n<div class=\"mc-column content-text active-extra-styles \" data-block-type=\"unstyled\" data-block-weight=\"41\" data-block-id=\"3\">\n<p class=\"content-text__container \" data-track-category=\"Link no Texto\" data-track-links=\"\">Um trabalhador rural foi morto a tiros em uma fazenda ap\u00f3s uma discuss\u00e3o com amigos, em <a class=\"\" href=\"https:\/\/g1.globo.com\/go\/goias\/cidade\/rio-verde\/\">Rio Verde<\/a>, no sudoeste de Goi\u00e1s. Segundo o delegado respons\u00e1vel pelo caso, Adelson Candeo, os tr\u00eas homens estavam em uma ca\u00e7ada quando a briga aconteceu.<\/p>\n<\/div>\n<\/div>\n<div class=\"wall protected-content\">\n<div class=\"mc-column content-text active-extra-styles\" data-block-type=\"raw\" data-block-weight=\"6\" data-block-id=\"4\">\n<p>&nbsp;<\/p>\n<\/div>\n<div id=\"chunk-5ddut\">\n<div class=\"mc-column content-text active-extra-styles \" data-block-type=\"unstyled\" data-block-weight=\"26\" data-block-id=\"5\">\n<p class=\"content-text__container \" data-track-category=\"Link no Texto\" data-track-links=\"\">Como os nomes dos suspeitos n\u00e3o foram divulgado, o g1 n\u00e3o localizou as defesas deles para que se posicionassem at\u00e9 a \u00faltima atualiza\u00e7\u00e3o desta reportagem.<\/p>\n<\/div>\n<\/div>\n<div id=\"chunk-645vt\">\n<div class=\"content-ads content-ads--reveal\" data-block-type=\"ads\" data-block-id=\"8\">\n<div id=\"banner_materia2\" class=\"tag-manager-publicidade-container mc-has-reveal mc-has-ad-lazyload tag-manager-publicidade-banner_materia2 tag-manager-publicidade-container--carregado tag-manager-publicidade-container--visivel\" data-id=\"banner_materia2\" data-google-query-id=\"CNuWzM2grP8CFTMzuQYdwXYJWA\">\n<div id=\"google_ads_iframe_\/95377733\/tvg_G1\/Sua_Regiao&gt;Centro_Oeste&gt;Goias_3__container__\"><\/div>\n<\/div>\n<\/div>\n<\/div>\n<div id=\"chunk-7fp64\">\n<div class=\"mc-column content-text active-extra-styles \" data-block-type=\"unstyled\" data-block-weight=\"39\" data-block-id=\"9\">\n<p class=\"content-text__container \" data-track-category=\"Link no Texto\" data-track-links=\"\">O caso aconteceu no s\u00e1bado (3). De acordo com acordo com a Pol\u00edcia Militar, Lindomar Celestino de Ara\u00fajo, de 70 anos, foi encontrado no ch\u00e3o ainda com vida. Ele foi encaminhado para o hospital, mas n\u00e3o resistiu.<\/p>\n<\/div>\n<\/div>\n<div id=\"chunk-2012d\">\n<div class=\"row medium-uncollapsed content-media content-photo\" data-block-type=\"backstage-photo\" data-block-id=\"10\">\n<div class=\" mc-column  content-media__container\">\n<p>&nbsp;<\/p>\n<\/div>\n<\/div>\n<\/div>\n<div id=\"chunk-3s7ie\">\n<div class=\"mc-column content-text active-extra-styles \" data-block-type=\"unstyled\" data-block-weight=\"28\" data-block-id=\"11\">\n<p class=\"content-text__container \" data-track-category=\"Link no Texto\" data-track-links=\"\">O delegado informou que detalhes do crime e a motiva\u00e7\u00e3o da briga ainda est\u00e3o em apura\u00e7\u00e3o. Quando a pol\u00edcia chegou, os dois amigos da v\u00edtima j\u00e1 tinham fugido.<\/p>\n<\/div>\n<\/div>\n<div id=\"chunk-ajf7f\">\n<div class=\"mc-column content-text active-extra-styles \" data-block-type=\"unstyled\" data-block-weight=\"16\" data-block-id=\"12\">\n<p class=\"content-text__container \" data-track-category=\"Link no Texto\" data-track-links=\"\">De acordo com o delegado, na confus\u00e3o o cachorro de Lindomar tamb\u00e9m foi morto.<\/p>\n<p data-track-category=\"Link no Texto\" data-track-links=\"\">\n<p class=\"content-publication-data__from\" title=\"Thauany Melo, g1 Goi\u00e1s\">Por Thauany Melo, g1 Goi\u00e1s<\/p>\n<\/div>\n<\/div>\n<\/div>\n","protected":false},"excerpt":{"rendered":"<p>Um trabalhador rural foi morto a tiros em uma fazenda ap\u00f3s uma discuss\u00e3o com amigos, em Rio Verde, no sudoeste de Goi\u00e1s. Segundo o delegado respons\u00e1vel pelo caso, Adelson Candeo, os tr\u00eas homens estavam em uma ca\u00e7ada quando a briga aconteceu. &nbsp; Como os nomes dos suspeitos n\u00e3o foram divulgado, o g1 n\u00e3o localizou as [&hellip;]<\/p>\n","protected":false},"author":5,"featured_media":241638,"comment_status":"closed","ping_status":"closed","sticky":false,"template":"","format":"standard","meta":{"footnotes":""},"categories":[141],"tags":[],"class_list":["post-241637","post","type-post","status-publish","format-standard","has-post-thumbnail","hentry","category-goias"],"_links":{"self":[{"href":"https:\/\/www.ocorreionews.com.br\/acervo-correio\/index.php?rest_route=\/wp\/v2\/posts\/241637","targetHints":{"allow":["GET"]}}],"collection":[{"href":"https:\/\/www.ocorreionews.com.br\/acervo-correio\/index.php?rest_route=\/wp\/v2\/posts"}],"about":[{"href":"https:\/\/www.ocorreionews.com.br\/acervo-correio\/index.php?rest_route=\/wp\/v2\/types\/post"}],"author":[{"embeddable":true,"href":"https:\/\/www.ocorreionews.com.br\/acervo-correio\/index.php?rest_route=\/wp\/v2\/users\/5"}],"replies":[{"embeddable":true,"href":"https:\/\/www.ocorreionews.com.br\/acervo-correio\/index.php?rest_route=%2Fwp%2Fv2%2Fcomments&post=241637"}],"version-history":[{"count":1,"href":"https:\/\/www.ocorreionews.com.br\/acervo-correio\/index.php?rest_route=\/wp\/v2\/posts\/241637\/revisions"}],"predecessor-version":[{"id":241639,"href":"https:\/\/www.ocorreionews.com.br\/acervo-correio\/index.php?rest_route=\/wp\/v2\/posts\/241637\/revisions\/241639"}],"wp:featuredmedia":[{"embeddable":true,"href":"https:\/\/www.ocorreionews.com.br\/acervo-correio\/index.php?rest_route=\/wp\/v2\/media\/241638"}],"wp:attachment":[{"href":"https:\/\/www.ocorreionews.com.br\/acervo-correio\/index.php?rest_route=%2Fwp%2Fv2%2Fmedia&parent=241637"}],"wp:term":[{"taxonomy":"category","embeddable":true,"href":"https:\/\/www.ocorreionews.com.br\/acervo-correio\/index.php?rest_route=%2Fwp%2Fv2%2Fcategories&post=241637"},{"taxonomy":"post_tag","embeddable":true,"href":"https:\/\/www.ocorreionews.com.br\/acervo-correio\/index.php?rest_route=%2Fwp%2Fv2%2Ftags&post=241637"}],"curies":[{"name":"wp","href":"https:\/\/api.w.org\/{rel}","templated":true}]}}