{"id":241650,"date":"2023-06-05T11:58:44","date_gmt":"2023-06-05T15:58:44","guid":{"rendered":"https:\/\/www.ocorreionews.com.br\/acervo-correio\/?p=241650"},"modified":"2023-06-05T11:58:44","modified_gmt":"2023-06-05T15:58:44","slug":"escondidos-em-chacara-quatro-sao-presos-por-participacao-em-execucao-suposto-agiota-em-coxim","status":"publish","type":"post","link":"https:\/\/www.ocorreionews.com.br\/acervo-correio\/?p=241650","title":{"rendered":"Escondidos em ch\u00e1cara, quatro s\u00e3o presos por participa\u00e7\u00e3o em execu\u00e7\u00e3o suposto agiota em Coxim"},"content":{"rendered":"<p>Neste domingo (4), quatro homens foram presos por participa\u00e7\u00e3o na execu\u00e7\u00e3o de Ademir Jos\u00e9 de Almeida, de 44 anos, ocorrido no dia 1\u00ba deste m\u00eas na Rua dos Ger\u00e2nios, no Bairro Senhor do Divino, em Coxim, distante 260 quil\u00f4metros de Campo Grande.<\/p>\n<p>Conforme as investiga\u00e7\u00f5es, a v\u00edtima chegava em casa quando foi surpreendida por dois homens numa motocicleta, de cor laranja, que dispararam cinco vezes. Ademir morreu no local. Na sequ\u00eancia, os suspeitos fugiram.<\/p>\n<p>Durante as investiga\u00e7\u00f5es, a pol\u00edcia descobriu que Ademir contratou Josimar Silva de Oliveira, de 33 anos, para fazer as cobran\u00e7as de quem devia para ele. No entanto, pouco tempo depois, os dois se desentenderam sobre a negocia\u00e7\u00e3o de um barco.<\/p>\n<p>A partir da\u00ed, segundo a pol\u00edcia, o suspeito passou a amea\u00e7ar Ademir de morte e mandou que seu irm\u00e3o executasse a v\u00edtima, em plena luz do dia, e que outro homem ocultasse a motocicleta e a arma de fogo utilizadas no crime.<\/p>\n<p>Ap\u00f3s a execu\u00e7\u00e3o, os suspeitos esconderam a moto, a arma e o capacete na mata, na regi\u00e3o da Barra do C\u00f3rrego da On\u00e7a. Eles foram presos escondidos numa ch\u00e1cara da regi\u00e3o do Quatro P\u00e9. A v\u00edtima era pai de um dos adolescentes envolvidos na morte do casal Celeste Vedoja, de 75 anos, e \u00c1vio Rodrigues M\u00e1ximo, de 83 anos, na mesma cidade.<\/p>\n<p>&nbsp;<\/p>\n<p>&nbsp;<\/p>\n<p>*Por Viviane Oliveira e Sidney Assis &#8211; CAMPO GRANDE NEWS<\/p>\n","protected":false},"excerpt":{"rendered":"<p>Neste domingo (4), quatro homens foram presos por participa\u00e7\u00e3o na execu\u00e7\u00e3o de Ademir Jos\u00e9 de Almeida, de 44 anos, ocorrido no dia 1\u00ba deste m\u00eas na Rua dos Ger\u00e2nios, no Bairro Senhor do Divino, em Coxim, distante 260 quil\u00f4metros de Campo Grande. Conforme as investiga\u00e7\u00f5es, a v\u00edtima chegava em casa quando foi surpreendida por dois [&hellip;]<\/p>\n","protected":false},"author":5,"featured_media":241652,"comment_status":"closed","ping_status":"closed","sticky":false,"template":"","format":"standard","meta":{"footnotes":""},"categories":[38],"tags":[],"class_list":["post-241650","post","type-post","status-publish","format-standard","has-post-thumbnail","hentry","category-policia"],"_links":{"self":[{"href":"https:\/\/www.ocorreionews.com.br\/acervo-correio\/index.php?rest_route=\/wp\/v2\/posts\/241650","targetHints":{"allow":["GET"]}}],"collection":[{"href":"https:\/\/www.ocorreionews.com.br\/acervo-correio\/index.php?rest_route=\/wp\/v2\/posts"}],"about":[{"href":"https:\/\/www.ocorreionews.com.br\/acervo-correio\/index.php?rest_route=\/wp\/v2\/types\/post"}],"author":[{"embeddable":true,"href":"https:\/\/www.ocorreionews.com.br\/acervo-correio\/index.php?rest_route=\/wp\/v2\/users\/5"}],"replies":[{"embeddable":true,"href":"https:\/\/www.ocorreionews.com.br\/acervo-correio\/index.php?rest_route=%2Fwp%2Fv2%2Fcomments&post=241650"}],"version-history":[{"count":1,"href":"https:\/\/www.ocorreionews.com.br\/acervo-correio\/index.php?rest_route=\/wp\/v2\/posts\/241650\/revisions"}],"predecessor-version":[{"id":241654,"href":"https:\/\/www.ocorreionews.com.br\/acervo-correio\/index.php?rest_route=\/wp\/v2\/posts\/241650\/revisions\/241654"}],"wp:featuredmedia":[{"embeddable":true,"href":"https:\/\/www.ocorreionews.com.br\/acervo-correio\/index.php?rest_route=\/wp\/v2\/media\/241652"}],"wp:attachment":[{"href":"https:\/\/www.ocorreionews.com.br\/acervo-correio\/index.php?rest_route=%2Fwp%2Fv2%2Fmedia&parent=241650"}],"wp:term":[{"taxonomy":"category","embeddable":true,"href":"https:\/\/www.ocorreionews.com.br\/acervo-correio\/index.php?rest_route=%2Fwp%2Fv2%2Fcategories&post=241650"},{"taxonomy":"post_tag","embeddable":true,"href":"https:\/\/www.ocorreionews.com.br\/acervo-correio\/index.php?rest_route=%2Fwp%2Fv2%2Ftags&post=241650"}],"curies":[{"name":"wp","href":"https:\/\/api.w.org\/{rel}","templated":true}]}}