{"id":241667,"date":"2023-06-05T12:48:37","date_gmt":"2023-06-05T16:48:37","guid":{"rendered":"https:\/\/www.ocorreionews.com.br\/acervo-correio\/?p=241667"},"modified":"2023-06-05T16:07:01","modified_gmt":"2023-06-05T20:07:01","slug":"motociclista-fica-ferido-apos-colidir-em-carro-que-invadiu-preferencial-em-costa-rica","status":"publish","type":"post","link":"https:\/\/www.ocorreionews.com.br\/acervo-correio\/?p=241667","title":{"rendered":"Motociclista fica ferido ap\u00f3s colidir em carro que invadiu preferencial em Costa Rica"},"content":{"rendered":"<p>Na tarde deste domingo (04), homem de 54 anos sem permiss\u00e3o para dirigir, foi detido ap\u00f3s seu ve\u00edculo invadir a preferencial, colidir com a moto e s\u00f3 parar ao atingir muro de uma resid\u00eancia em Costa Rica.<\/p>\n<p>De acordo com informa\u00e7\u00f5es do Boletim de Ocorr\u00eancia, por volta das 15 horas, a Policia Militar foi acionada para uma ocorr\u00eancia de acidente de tr\u00e2nsito, onde o autor conduzia seu ve\u00edculo, um FIAT Uno de cor vermelha que transitava pela Rua Maria Eugenia de Menezes e ao cruzar com a Rua Mario Machado Rodrigues, n\u00e3o percebeu a aproxima\u00e7\u00e3o da v\u00edtima que dirigia uma Honda Biz de cor prata, e em virtude ocorreu a colis\u00e3o na lateral direita de seu ve\u00edculo e em seguida chocou sua frontal com um muro.<\/p>\n<p>O piloto da motocicleta de 42 anos foi conduzido pelo corpo de bombeiros para a Funda\u00e7\u00e3o Hospitalar de Costa Rica, com v\u00e1rios ferimentos.<\/p>\n<p>Onde segundo informa\u00e7\u00f5es repassadas por pessoas pr\u00f3ximas a v\u00edtima, ele teve graves ferimentos como TC \u2013 Traumatismo Craneano, fratura no f\u00eamur e teve que ser transferido para Campo Grande, devido a situa\u00e7\u00e3o grave que ele se encontra. Na capital ele iria passar por cirurgia nesta segunda-feira (05).<\/p>\n<p>J\u00e1 o motorista do Fiat, que n\u00e3o possu\u00eda CNH e o ve\u00edculo estava com a documenta\u00e7\u00e3o atrasada foi encaminhado para Delegacia de Pol\u00edcia para tomar as providencias cab\u00edveis.<\/p>\n<p><a href=\"https:\/\/www.ocorreionews.com.br\/acervo-correio\/wp-content\/uploads\/2023\/06\/acidente-cr-2.jpg\"><img loading=\"lazy\" decoding=\"async\" class=\"alignnone size-full wp-image-241658\" src=\"https:\/\/www.ocorreionews.com.br\/acervo-correio\/wp-content\/uploads\/2023\/06\/acidente-cr-2.jpg\" alt=\"\" width=\"1600\" height=\"720\" srcset=\"https:\/\/www.ocorreionews.com.br\/acervo-correio\/wp-content\/uploads\/2023\/06\/acidente-cr-2.jpg 1600w, https:\/\/www.ocorreionews.com.br\/acervo-correio\/wp-content\/uploads\/2023\/06\/acidente-cr-2-300x135.jpg 300w, https:\/\/www.ocorreionews.com.br\/acervo-correio\/wp-content\/uploads\/2023\/06\/acidente-cr-2-1024x461.jpg 1024w, https:\/\/www.ocorreionews.com.br\/acervo-correio\/wp-content\/uploads\/2023\/06\/acidente-cr-2-768x346.jpg 768w, https:\/\/www.ocorreionews.com.br\/acervo-correio\/wp-content\/uploads\/2023\/06\/acidente-cr-2-1536x691.jpg 1536w\" sizes=\"auto, (max-width: 1600px) 100vw, 1600px\" \/><\/a> <a href=\"https:\/\/www.ocorreionews.com.br\/acervo-correio\/wp-content\/uploads\/2023\/06\/Policia-e-Bombeiros.jpg\"><img loading=\"lazy\" decoding=\"async\" class=\"alignnone size-full wp-image-241660\" src=\"https:\/\/www.ocorreionews.com.br\/acervo-correio\/wp-content\/uploads\/2023\/06\/Policia-e-Bombeiros.jpg\" alt=\"\" width=\"1019\" height=\"501\" srcset=\"https:\/\/www.ocorreionews.com.br\/acervo-correio\/wp-content\/uploads\/2023\/06\/Policia-e-Bombeiros.jpg 1019w, https:\/\/www.ocorreionews.com.br\/acervo-correio\/wp-content\/uploads\/2023\/06\/Policia-e-Bombeiros-300x147.jpg 300w, https:\/\/www.ocorreionews.com.br\/acervo-correio\/wp-content\/uploads\/2023\/06\/Policia-e-Bombeiros-768x378.jpg 768w\" sizes=\"auto, (max-width: 1019px) 100vw, 1019px\" \/><\/a><\/p>\n","protected":false},"excerpt":{"rendered":"<p>Na tarde deste domingo (04), homem de 54 anos sem permiss\u00e3o para dirigir, foi detido ap\u00f3s seu ve\u00edculo invadir a preferencial, colidir com a moto e s\u00f3 parar ao atingir muro de uma resid\u00eancia em Costa Rica. De acordo com informa\u00e7\u00f5es do Boletim de Ocorr\u00eancia, por volta das 15 horas, a Policia Militar foi acionada [&hellip;]<\/p>\n","protected":false},"author":5,"featured_media":241659,"comment_status":"closed","ping_status":"closed","sticky":false,"template":"","format":"standard","meta":{"footnotes":""},"categories":[25,38],"tags":[],"class_list":["post-241667","post","type-post","status-publish","format-standard","has-post-thumbnail","hentry","category-costa-rica","category-policia"],"_links":{"self":[{"href":"https:\/\/www.ocorreionews.com.br\/acervo-correio\/index.php?rest_route=\/wp\/v2\/posts\/241667","targetHints":{"allow":["GET"]}}],"collection":[{"href":"https:\/\/www.ocorreionews.com.br\/acervo-correio\/index.php?rest_route=\/wp\/v2\/posts"}],"about":[{"href":"https:\/\/www.ocorreionews.com.br\/acervo-correio\/index.php?rest_route=\/wp\/v2\/types\/post"}],"author":[{"embeddable":true,"href":"https:\/\/www.ocorreionews.com.br\/acervo-correio\/index.php?rest_route=\/wp\/v2\/users\/5"}],"replies":[{"embeddable":true,"href":"https:\/\/www.ocorreionews.com.br\/acervo-correio\/index.php?rest_route=%2Fwp%2Fv2%2Fcomments&post=241667"}],"version-history":[{"count":1,"href":"https:\/\/www.ocorreionews.com.br\/acervo-correio\/index.php?rest_route=\/wp\/v2\/posts\/241667\/revisions"}],"predecessor-version":[{"id":241704,"href":"https:\/\/www.ocorreionews.com.br\/acervo-correio\/index.php?rest_route=\/wp\/v2\/posts\/241667\/revisions\/241704"}],"wp:featuredmedia":[{"embeddable":true,"href":"https:\/\/www.ocorreionews.com.br\/acervo-correio\/index.php?rest_route=\/wp\/v2\/media\/241659"}],"wp:attachment":[{"href":"https:\/\/www.ocorreionews.com.br\/acervo-correio\/index.php?rest_route=%2Fwp%2Fv2%2Fmedia&parent=241667"}],"wp:term":[{"taxonomy":"category","embeddable":true,"href":"https:\/\/www.ocorreionews.com.br\/acervo-correio\/index.php?rest_route=%2Fwp%2Fv2%2Fcategories&post=241667"},{"taxonomy":"post_tag","embeddable":true,"href":"https:\/\/www.ocorreionews.com.br\/acervo-correio\/index.php?rest_route=%2Fwp%2Fv2%2Ftags&post=241667"}],"curies":[{"name":"wp","href":"https:\/\/api.w.org\/{rel}","templated":true}]}}