{"id":241670,"date":"2023-06-05T13:04:41","date_gmt":"2023-06-05T17:04:41","guid":{"rendered":"https:\/\/www.ocorreionews.com.br\/acervo-correio\/?p=241670"},"modified":"2023-06-05T13:04:41","modified_gmt":"2023-06-05T17:04:41","slug":"motorista-embriagado-e-preso-apos-quase-atropelar-criancas-e-atingir-carro-em-paraiso-das-aguas","status":"publish","type":"post","link":"https:\/\/www.ocorreionews.com.br\/acervo-correio\/?p=241670","title":{"rendered":"Motorista embriagado \u00e9 preso ap\u00f3s quase atropelar crian\u00e7as e atingir carro em Para\u00edso das \u00c1guas"},"content":{"rendered":"<p>Um homem de 52 anos foi preso na noite do \u00faltimo s\u00e1bado (03), em Para\u00edso das \u00c1guas, ao atingir a lateral de um carro que estacionado onde o dono havia acabado de colocar suas filhas dentro do ve\u00edculo.<\/p>\n<p>De acordo com informa\u00e7\u00f5es do Boletim de Ocorr\u00eancia, por voltas das 23 horas, a Policia Militar foi acionada pela v\u00edtima de 43 anos, que relatou aos militares colocou suas filhas no interior do seu ve\u00edculo um Renault\/Duster, e no mesmo momento o autor que conduzia um Toyota Corolla, colidiu com a porta de seu ve\u00edculo causando danos e quase atropelando suas filhas e em seguida o motorista tomou rumo ignorado.<\/p>\n<p>Uma guarni\u00e7\u00e3o da PM foi at\u00e9 o loca e logo ap\u00f3s saiu em diligencias, para encontrar o autor, que pouco tempo depois tiveram \u00eaxito em localizar o Corolla e foi dado voz de parada.<\/p>\n<p>Os policias logo perceberam o vis\u00edvel estado de embriaguez estava, com falas desconectas e desiquil\u00edbrio corporal.<\/p>\n<p>Diante os fatos ele foi encaminhado para a delegacia para que sejam tomadas as medidas cab\u00edveis.<\/p>\n","protected":false},"excerpt":{"rendered":"<p>Um homem de 52 anos foi preso na noite do \u00faltimo s\u00e1bado (03), em Para\u00edso das \u00c1guas, ao atingir a lateral de um carro que estacionado onde o dono havia acabado de colocar suas filhas dentro do ve\u00edculo. De acordo com informa\u00e7\u00f5es do Boletim de Ocorr\u00eancia, por voltas das 23 horas, a Policia Militar foi [&hellip;]<\/p>\n","protected":false},"author":5,"featured_media":239867,"comment_status":"closed","ping_status":"closed","sticky":false,"template":"","format":"standard","meta":{"footnotes":""},"categories":[36,38],"tags":[],"class_list":["post-241670","post","type-post","status-publish","format-standard","has-post-thumbnail","hentry","category-paraiso-das-aguas","category-policia"],"_links":{"self":[{"href":"https:\/\/www.ocorreionews.com.br\/acervo-correio\/index.php?rest_route=\/wp\/v2\/posts\/241670","targetHints":{"allow":["GET"]}}],"collection":[{"href":"https:\/\/www.ocorreionews.com.br\/acervo-correio\/index.php?rest_route=\/wp\/v2\/posts"}],"about":[{"href":"https:\/\/www.ocorreionews.com.br\/acervo-correio\/index.php?rest_route=\/wp\/v2\/types\/post"}],"author":[{"embeddable":true,"href":"https:\/\/www.ocorreionews.com.br\/acervo-correio\/index.php?rest_route=\/wp\/v2\/users\/5"}],"replies":[{"embeddable":true,"href":"https:\/\/www.ocorreionews.com.br\/acervo-correio\/index.php?rest_route=%2Fwp%2Fv2%2Fcomments&post=241670"}],"version-history":[{"count":1,"href":"https:\/\/www.ocorreionews.com.br\/acervo-correio\/index.php?rest_route=\/wp\/v2\/posts\/241670\/revisions"}],"predecessor-version":[{"id":241671,"href":"https:\/\/www.ocorreionews.com.br\/acervo-correio\/index.php?rest_route=\/wp\/v2\/posts\/241670\/revisions\/241671"}],"wp:featuredmedia":[{"embeddable":true,"href":"https:\/\/www.ocorreionews.com.br\/acervo-correio\/index.php?rest_route=\/wp\/v2\/media\/239867"}],"wp:attachment":[{"href":"https:\/\/www.ocorreionews.com.br\/acervo-correio\/index.php?rest_route=%2Fwp%2Fv2%2Fmedia&parent=241670"}],"wp:term":[{"taxonomy":"category","embeddable":true,"href":"https:\/\/www.ocorreionews.com.br\/acervo-correio\/index.php?rest_route=%2Fwp%2Fv2%2Fcategories&post=241670"},{"taxonomy":"post_tag","embeddable":true,"href":"https:\/\/www.ocorreionews.com.br\/acervo-correio\/index.php?rest_route=%2Fwp%2Fv2%2Ftags&post=241670"}],"curies":[{"name":"wp","href":"https:\/\/api.w.org\/{rel}","templated":true}]}}