{"id":241680,"date":"2023-06-05T14:40:57","date_gmt":"2023-06-05T18:40:57","guid":{"rendered":"https:\/\/www.ocorreionews.com.br\/acervo-correio\/?p=241680"},"modified":"2023-06-05T16:17:26","modified_gmt":"2023-06-05T20:17:26","slug":"homem-aciona-a-policia-para-confessar-assassinato-e-mostrar-local-que-o-corpo-esta","status":"publish","type":"post","link":"https:\/\/www.ocorreionews.com.br\/acervo-correio\/?p=241680","title":{"rendered":"Homem aciona a pol\u00edcia para confessar assassinato e mostrar local que o corpo est\u00e1"},"content":{"rendered":"<p>Homem de 37 anos, identificado como Josu\u00e9 Caires Gomes, procurou a Pol\u00edcia Militar de Sidrol\u00e2ndia e confessou estar envolvido em um homic\u00eddio ocorrido na cidade de Rochedo, a 83 quil\u00f4metros de Campo Grande. O crime teria acontecido em 2018 e contou com a participa\u00e7\u00e3o de outros dois homens. O corpo da v\u00edtima estaria enterrado em um lix\u00e3o.<\/p>\n<p>Conforme o registro policial, Josu\u00e9 contou que gostaria de se entregar \u00e0 Justi\u00e7a pois estava envolvido no assassinato de um homem identificado apenas como Jair. Aos policiais, ele disse que, na data do crime, estava com outros dois homens no port\u00e3o de entrada do lix\u00e3o desativado de Rochedo.<\/p>\n<p>Um dos homens, identificado como Sidival, teria ent\u00e3o asfixiado a v\u00edtima com um mata-le\u00e3o e o outro autor, identificado apenas como An\u00edsio, pisava no p\u00e9 de Jair para imobiliz\u00e1-lo. Ele ent\u00e3o desmaiou e foi colocado em um carro. Em seguida, foi levado at\u00e9 uma valeta na parte central do lix\u00e3o.<\/p>\n<p>Ele foi retirado do carro e levou um golpe de barra de ferro na regi\u00e3o da nunca. Ele desmaiou e Sidival mandou que Josu\u00e9 matasse a v\u00edtima. Ele afirmou aos policiais que negou efetuar o crime, mas foi amea\u00e7ado pelo homem, ent\u00e3o deu duas facadas no peito de Jair. Os tr\u00eas ent\u00e3o jogaram o cad\u00e1ver em uma valeta e cobriram com uma lona, em seguida, jogaram ossos su\u00ednos por cima do corpo e soterraram o local.<\/p>\n<p>Josu\u00e9 foi ent\u00e3o conduzido at\u00e9 a Delegacia de Pol\u00edcia Civil de Rochedo na tarde deste domingo (5), no local, ele indicou onde o cad\u00e1ver foi enterrado e alegou n\u00e3o conseguir mais \u201cconviver com a morte do indiv\u00edduo\u201d. As buscas pelo corpo da v\u00edtima ent\u00e3o foram iniciadas com uma retroescavadeira e uma p\u00e1 carregadeira, por\u00e9m, por conta da dificuldade da ilumina\u00e7\u00e3o, pararam os trabalhos por volta das 17h e retornaram na manh\u00e3 desta segunda-feira (5).<\/p>\n<p>Ao Campo Grande News, o delegado Valmir Messias Moura F\u00e9 confirmou as buscas pela ossada e disse que o caso ficaria sob responsabilidade do titular de Rochedo, delegado Roberto Duarte Faria. O caso foi registrado como destrui\u00e7\u00e3o, subtra\u00e7\u00e3o ou oculta\u00e7\u00e3o de cad\u00e1ver.<\/p>\n<p>De acordo com o delegado Roberto Duarte, os trabalhos de buscas continuam, no entanto, a \u00e1rea \u00e9 muito extensa e por ser um crime que aconteceu h\u00e1 quase cinco anos, h\u00e1 uma dificuldade maior para encontrar a ossada. Al\u00e9m disso, ele n\u00e3o descarta a possibilidade de que o homem esteja mentindo.<\/p>\n<p>Por Ana Paula Chuva &#8211; CAMPO GRANDE NEWS<\/p>\n","protected":false},"excerpt":{"rendered":"<p>Homem de 37 anos, identificado como Josu\u00e9 Caires Gomes, procurou a Pol\u00edcia Militar de Sidrol\u00e2ndia e confessou estar envolvido em um homic\u00eddio ocorrido na cidade de Rochedo, a 83 quil\u00f4metros de Campo Grande. O crime teria acontecido em 2018 e contou com a participa\u00e7\u00e3o de outros dois homens. O corpo da v\u00edtima estaria enterrado em [&hellip;]<\/p>\n","protected":false},"author":5,"featured_media":241706,"comment_status":"closed","ping_status":"closed","sticky":false,"template":"","format":"standard","meta":{"footnotes":""},"categories":[38],"tags":[],"class_list":["post-241680","post","type-post","status-publish","format-standard","has-post-thumbnail","hentry","category-policia"],"_links":{"self":[{"href":"https:\/\/www.ocorreionews.com.br\/acervo-correio\/index.php?rest_route=\/wp\/v2\/posts\/241680","targetHints":{"allow":["GET"]}}],"collection":[{"href":"https:\/\/www.ocorreionews.com.br\/acervo-correio\/index.php?rest_route=\/wp\/v2\/posts"}],"about":[{"href":"https:\/\/www.ocorreionews.com.br\/acervo-correio\/index.php?rest_route=\/wp\/v2\/types\/post"}],"author":[{"embeddable":true,"href":"https:\/\/www.ocorreionews.com.br\/acervo-correio\/index.php?rest_route=\/wp\/v2\/users\/5"}],"replies":[{"embeddable":true,"href":"https:\/\/www.ocorreionews.com.br\/acervo-correio\/index.php?rest_route=%2Fwp%2Fv2%2Fcomments&post=241680"}],"version-history":[{"count":1,"href":"https:\/\/www.ocorreionews.com.br\/acervo-correio\/index.php?rest_route=\/wp\/v2\/posts\/241680\/revisions"}],"predecessor-version":[{"id":241707,"href":"https:\/\/www.ocorreionews.com.br\/acervo-correio\/index.php?rest_route=\/wp\/v2\/posts\/241680\/revisions\/241707"}],"wp:featuredmedia":[{"embeddable":true,"href":"https:\/\/www.ocorreionews.com.br\/acervo-correio\/index.php?rest_route=\/wp\/v2\/media\/241706"}],"wp:attachment":[{"href":"https:\/\/www.ocorreionews.com.br\/acervo-correio\/index.php?rest_route=%2Fwp%2Fv2%2Fmedia&parent=241680"}],"wp:term":[{"taxonomy":"category","embeddable":true,"href":"https:\/\/www.ocorreionews.com.br\/acervo-correio\/index.php?rest_route=%2Fwp%2Fv2%2Fcategories&post=241680"},{"taxonomy":"post_tag","embeddable":true,"href":"https:\/\/www.ocorreionews.com.br\/acervo-correio\/index.php?rest_route=%2Fwp%2Fv2%2Ftags&post=241680"}],"curies":[{"name":"wp","href":"https:\/\/api.w.org\/{rel}","templated":true}]}}