{"id":241681,"date":"2023-06-05T12:36:36","date_gmt":"2023-06-05T16:36:36","guid":{"rendered":"https:\/\/www.ocorreionews.com.br\/acervo-correio\/?p=241681"},"modified":"2023-06-05T14:42:50","modified_gmt":"2023-06-05T18:42:50","slug":"portal-da-transparencia-e-sistema-de-emissao-de-notas-fiscais-de-costa-rica-passam-por-manutencao","status":"publish","type":"post","link":"https:\/\/www.ocorreionews.com.br\/acervo-correio\/?p=241681","title":{"rendered":"Portal da Transpar\u00eancia e sistema de emiss\u00e3o de Notas Fiscais de Costa Rica passam por manuten\u00e7\u00e3o"},"content":{"rendered":"<p>A Prefeitura de Costa Rica informa que nesta segunda-feira (5) o acesso ao Portal da Transpar\u00eancia, o sistema de emiss\u00e3o de notas fiscais e outros servi\u00e7os, dispon\u00edveis no site do <a href=\"https:\/\/www.costarica.ms.gov.br\/portal\/diario-oficial\/ver\/3561\">Munic\u00edpio<\/a>, est\u00e3o passando por migra\u00e7\u00e3o e podem ficar fora do ar temporariamente.<\/p>\n<p>De acordo com o secret\u00e1rio municipal de Administra\u00e7\u00e3o, Uriel Carvalho, a medida de atualiza\u00e7\u00e3o \u00e9 necess\u00e1ria para aprimoramento do sistema. \u201cPedimos desculpas por poss\u00edveis transtornos e agradecemos a compreens\u00e3o de todos\u201d, destaca.<\/p>\n<p>Ainda conforme o secret\u00e1rio, a manuten\u00e7\u00e3o est\u00e1 prevista at\u00e9 as 11 horas desta ter\u00e7a-feira (6).<\/p>\n","protected":false},"excerpt":{"rendered":"<p>A Prefeitura de Costa Rica informa que nesta segunda-feira (5) o acesso ao Portal da Transpar\u00eancia, o sistema de emiss\u00e3o de notas fiscais e outros servi\u00e7os, dispon\u00edveis no site do Munic\u00edpio, est\u00e3o passando por migra\u00e7\u00e3o e podem ficar fora do ar temporariamente. De acordo com o secret\u00e1rio municipal de Administra\u00e7\u00e3o, Uriel Carvalho, a medida de [&hellip;]<\/p>\n","protected":false},"author":5,"featured_media":230585,"comment_status":"closed","ping_status":"closed","sticky":false,"template":"","format":"standard","meta":{"footnotes":""},"categories":[25],"tags":[],"class_list":["post-241681","post","type-post","status-publish","format-standard","has-post-thumbnail","hentry","category-costa-rica"],"_links":{"self":[{"href":"https:\/\/www.ocorreionews.com.br\/acervo-correio\/index.php?rest_route=\/wp\/v2\/posts\/241681","targetHints":{"allow":["GET"]}}],"collection":[{"href":"https:\/\/www.ocorreionews.com.br\/acervo-correio\/index.php?rest_route=\/wp\/v2\/posts"}],"about":[{"href":"https:\/\/www.ocorreionews.com.br\/acervo-correio\/index.php?rest_route=\/wp\/v2\/types\/post"}],"author":[{"embeddable":true,"href":"https:\/\/www.ocorreionews.com.br\/acervo-correio\/index.php?rest_route=\/wp\/v2\/users\/5"}],"replies":[{"embeddable":true,"href":"https:\/\/www.ocorreionews.com.br\/acervo-correio\/index.php?rest_route=%2Fwp%2Fv2%2Fcomments&post=241681"}],"version-history":[{"count":1,"href":"https:\/\/www.ocorreionews.com.br\/acervo-correio\/index.php?rest_route=\/wp\/v2\/posts\/241681\/revisions"}],"predecessor-version":[{"id":241685,"href":"https:\/\/www.ocorreionews.com.br\/acervo-correio\/index.php?rest_route=\/wp\/v2\/posts\/241681\/revisions\/241685"}],"wp:featuredmedia":[{"embeddable":true,"href":"https:\/\/www.ocorreionews.com.br\/acervo-correio\/index.php?rest_route=\/wp\/v2\/media\/230585"}],"wp:attachment":[{"href":"https:\/\/www.ocorreionews.com.br\/acervo-correio\/index.php?rest_route=%2Fwp%2Fv2%2Fmedia&parent=241681"}],"wp:term":[{"taxonomy":"category","embeddable":true,"href":"https:\/\/www.ocorreionews.com.br\/acervo-correio\/index.php?rest_route=%2Fwp%2Fv2%2Fcategories&post=241681"},{"taxonomy":"post_tag","embeddable":true,"href":"https:\/\/www.ocorreionews.com.br\/acervo-correio\/index.php?rest_route=%2Fwp%2Fv2%2Ftags&post=241681"}],"curies":[{"name":"wp","href":"https:\/\/api.w.org\/{rel}","templated":true}]}}