{"id":241684,"date":"2023-06-05T14:46:55","date_gmt":"2023-06-05T18:46:55","guid":{"rendered":"https:\/\/www.ocorreionews.com.br\/acervo-correio\/?p=241684"},"modified":"2023-06-05T14:46:55","modified_gmt":"2023-06-05T18:46:55","slug":"atleta-de-costa-rica-e-campea-no-ciclismo-dos-jojums-2023-e-vai-representar-ms-no-brasileiro","status":"publish","type":"post","link":"https:\/\/www.ocorreionews.com.br\/acervo-correio\/?p=241684","title":{"rendered":"Atleta de Costa Rica \u00e9 campe\u00e3 no ciclismo dos JOJUMS 2023 e vai representar MS no brasileiro"},"content":{"rendered":"<div class=\"ntc_cont_descricao_noticia sw_txteditor\">\n<div>A estudante-atleta, Joycy Amorim, de 16 anos, mais conhecida como \u201cJoycy Foguetinho\u201d, venceu os JOJUMS (Jogos Escolares da Juventude de Mato Grosso do Sul) na modalidade ciclismo feminino de 15 a 17 anos realizada neste final de semana em Campo Grande. Com o resultado, ela vai representar o estado na\u00a0etapa nacional escolar que acontece em setembro em Ribeir\u00e3o Preto (SP).<\/p>\n<p>Nas disputas, realizadas no Parque dos Poderes, a ciclista ficou em terceiro na prova de contrarrel\u00f3gio e venceu as provas de resist\u00eancia e australiana, o que rendeu a ela o pr\u00eamio de campe\u00e3 na classifica\u00e7\u00e3o geral.<\/p>\n<p>\u201cAgora \u00e9 treinar firme para disputar o brasileiro, representando Costa Rica e o Mato Grosso do Sul. Agrade\u00e7o ao apoio do Governo Municipal, C\u00e2mara de Vereadores, Secretaria Municipal de Esportes e a todos que torceram por mim\u201d, disse Joyce.<\/p>\n<p>O prefeito de Costa Rica, delegado Cleverson Alves, parabenizou a estudante por sua dedica\u00e7\u00e3o e pela conquista de mais um t\u00edtulo para o munic\u00edpio. \u201cA Joycy vem treinando muito e merece nosso reconhecimento por suas conquistas. Ano passado, com apenas 15 anos, ela tamb\u00e9m trouxe o t\u00edtulo de campe\u00e3 para Costa Rica e ainda ficou em 5\u00ba ao estrear na etapa nacional. O Governo Municipal acredita, investe e incentiva o esporte atrav\u00e9s de pol\u00edticas p\u00fablicas, representando um passo a mais na cria\u00e7\u00e3o de novas perspectivas para o futuro\u00a0do desporto \u201d, destacou o gestor.<\/p>\n<p>No masculino, o estudantes-atleta, Felipe Witczak, acabou tendo problemas t\u00e9cnicos e, infelizmente, n\u00e3o se classificou. Com os resultados, o chefe da delega\u00e7\u00e3o costarriquense, professor Renan C\u00e2ndido, ficou em 3\u00ba lugar na premia\u00e7\u00e3o entre os t\u00e9cnicos.<\/p>\n<p>O maior evento estadual esportivo-escolar \u00e9 organizado pelo Governo de Mato Grosso do Sul, por interm\u00e9dio da Fundesporte (Funda\u00e7\u00e3o de Desporto e Lazer) e Setescc (Secretaria de Estado de Turismo, Esporte, Cultura e Cidadania) e nesta etapa reuniu 396 estudantes-atletas de 50 munic\u00edpios do estado.<\/p>\n<p><strong>Badminton<\/strong><br \/>\nOs estudantes-atletas de Costa Rica, Ana B\u00e1rbara Rocha, Jo\u00e3o Ot\u00e1vio Rocha e Loris Blaszaki dos Santos, disputaram os Jogos Escolas da Juventude na modalidade Badminton de 15 a 17 anos. A disputa deste ano, realizada em Campo Grande, teve in\u00edcio na sexta-feira (2) e terminou neste domingo (4).<\/p>\n<p>Na categoria feminino, Loris conquistou o 4\u00ba lugar, o melhor resultado at\u00e9 agora entre atletas do munic\u00edpio neste esporte. Os estudantes-atletas tiveram como t\u00e9cnico o professor, Jefferson Gon\u00e7alves Ferreira.<\/p><\/div>\n<div><img decoding=\"async\" class=\"imgcentraliza\" src=\"https:\/\/www.costarica.ms.gov.br\/fotos\/574b585c57f7b4ef3a7c931be2594cb0.jpg\" alt=\"Foto Noticia Principal Grande\" \/><\/div>\n<div>\n<\/div>\n<\/div>\n<div class=\"ntc_area_info_noticia sw_lato\">\n<div>\n<div class=\"ntc_info_noticia\"><strong class=\"sw_lato_black\">Fonte: <\/strong>Assessoria de Comunica\u00e7\u00e3o,<strong class=\"sw_lato_black\">\u00a0<\/strong>Angela Bezerra<\/div>\n<\/div>\n<\/div>\n","protected":false},"excerpt":{"rendered":"<p>A estudante-atleta, Joycy Amorim, de 16 anos, mais conhecida como \u201cJoycy Foguetinho\u201d, venceu os JOJUMS (Jogos Escolares da Juventude de Mato Grosso do Sul) na modalidade ciclismo feminino de 15 a 17 anos realizada neste final de semana em Campo Grande. Com o resultado, ela vai representar o estado na\u00a0etapa nacional escolar que acontece em [&hellip;]<\/p>\n","protected":false},"author":5,"featured_media":241686,"comment_status":"closed","ping_status":"closed","sticky":false,"template":"","format":"standard","meta":{"footnotes":""},"categories":[25,29],"tags":[],"class_list":["post-241684","post","type-post","status-publish","format-standard","has-post-thumbnail","hentry","category-costa-rica","category-esporte"],"_links":{"self":[{"href":"https:\/\/www.ocorreionews.com.br\/acervo-correio\/index.php?rest_route=\/wp\/v2\/posts\/241684","targetHints":{"allow":["GET"]}}],"collection":[{"href":"https:\/\/www.ocorreionews.com.br\/acervo-correio\/index.php?rest_route=\/wp\/v2\/posts"}],"about":[{"href":"https:\/\/www.ocorreionews.com.br\/acervo-correio\/index.php?rest_route=\/wp\/v2\/types\/post"}],"author":[{"embeddable":true,"href":"https:\/\/www.ocorreionews.com.br\/acervo-correio\/index.php?rest_route=\/wp\/v2\/users\/5"}],"replies":[{"embeddable":true,"href":"https:\/\/www.ocorreionews.com.br\/acervo-correio\/index.php?rest_route=%2Fwp%2Fv2%2Fcomments&post=241684"}],"version-history":[{"count":1,"href":"https:\/\/www.ocorreionews.com.br\/acervo-correio\/index.php?rest_route=\/wp\/v2\/posts\/241684\/revisions"}],"predecessor-version":[{"id":241687,"href":"https:\/\/www.ocorreionews.com.br\/acervo-correio\/index.php?rest_route=\/wp\/v2\/posts\/241684\/revisions\/241687"}],"wp:featuredmedia":[{"embeddable":true,"href":"https:\/\/www.ocorreionews.com.br\/acervo-correio\/index.php?rest_route=\/wp\/v2\/media\/241686"}],"wp:attachment":[{"href":"https:\/\/www.ocorreionews.com.br\/acervo-correio\/index.php?rest_route=%2Fwp%2Fv2%2Fmedia&parent=241684"}],"wp:term":[{"taxonomy":"category","embeddable":true,"href":"https:\/\/www.ocorreionews.com.br\/acervo-correio\/index.php?rest_route=%2Fwp%2Fv2%2Fcategories&post=241684"},{"taxonomy":"post_tag","embeddable":true,"href":"https:\/\/www.ocorreionews.com.br\/acervo-correio\/index.php?rest_route=%2Fwp%2Fv2%2Ftags&post=241684"}],"curies":[{"name":"wp","href":"https:\/\/api.w.org\/{rel}","templated":true}]}}