{"id":241689,"date":"2023-06-05T15:03:52","date_gmt":"2023-06-05T19:03:52","guid":{"rendered":"https:\/\/www.ocorreionews.com.br\/acervo-correio\/?p=241689"},"modified":"2023-06-05T15:03:52","modified_gmt":"2023-06-05T19:03:52","slug":"servidores-da-comarca-de-costa-rica-foram-homenageados-com-a-entrega-de-medalhas-de-bons-servicos-judiciarios","status":"publish","type":"post","link":"https:\/\/www.ocorreionews.com.br\/acervo-correio\/?p=241689","title":{"rendered":"Servidores da Comarca de Costa Rica foram homenageados com a entrega de Medalhas de Bons Servi\u00e7os Judici\u00e1rios"},"content":{"rendered":"<div class=\"ntc_cont_descricao_noticia sw_txteditor\">Na \u00faltima sexta-feira (2), o prefeito de Costa Rica, delegado Cleverson Alves dos Santos, juntamente com o vice-prefeito, Roni Cota, e o presidente da C\u00e2mara de Vereadores, Ailton Martins de Amorim, estiveram presentes na solenidade de entrega de Medalhas de Bons Servi\u00e7os Judici\u00e1rios do Estado de Mato Grosso do Sul aos Servidores da Comarca de Costa Rica. A iniciativa foi estabelecida pela Resolu\u00e7\u00e3o n. 245, de 05 de maio de 2021, com o objetivo de reconhecer d\u00e9cadas de dedica\u00e7\u00e3o e estabilidade dos servidores concursados que prestaram bons servi\u00e7os ao Poder Judici\u00e1rio de Mato Grosso do Sul.<\/p>\n<p>A solenidade homenageou 19 servidores com medalhas de platina, ouro, prata e bronze, dependendo do tempo de servi\u00e7o prestado. \u00c9 uma honraria que visa cultuar a hist\u00f3ria constru\u00edda por cada um ao longo de sua carreira, defendendo os valores que constituem e garantem estabilidade ao Estado Democr\u00e1tico de Direito.<\/p>\n<p>O prefeito Cleverson Alves dos Santos destacou a import\u00e2ncia da premia\u00e7\u00e3o, ressaltando que aqueles que se dedicam \u00e0 causa da justi\u00e7a e a bem servir o cidad\u00e3o merecem o reconhecimento p\u00fablico de sua atua\u00e7\u00e3o. A presen\u00e7a de autoridades e agentes p\u00fablicos, al\u00e9m de familiares dos homenageados, demonstra a relev\u00e2ncia da cerim\u00f4nia para toda a comunidade.<\/p><\/div>\n<div class=\"ntc_cont_descricao_noticia sw_txteditor\"><img loading=\"lazy\" decoding=\"async\" class=\"imgcentraliza aligncenter\" src=\"https:\/\/www.costarica.ms.gov.br\/fotos\/53fb878ed570096eb17c92526cf329ae.jpg\" alt=\"Foto Noticia Principal Grande\" width=\"657\" height=\"303\" \/><\/p>\n<p>Conforme declarou na homenagem, o juiz Francisco Soliman, da 1\u00aa Vara de Comarca de Costa Rica, a Constitui\u00e7\u00e3o Federal confia ao Judici\u00e1rio a miss\u00e3o de pacifica\u00e7\u00e3o social atrav\u00e9s de procedimentos estabelecidos em lei, fazendo cumprir a Constitui\u00e7\u00e3o e controlando os demais poderes. O Judici\u00e1rio \u00e9 cada vez mais debatido em temas de interesse p\u00fablico, fortalecendo a cidadania. Cada agente p\u00fablico do Judici\u00e1rio representa uma engrenagem do todo, e os servidores s\u00e3o respons\u00e1veis por dar efetividade \u00e0s decis\u00f5es, construindo a Justi\u00e7a de Mato Grosso do Sul.<\/p>\n<p>O magistrado ressaltou ainda que a tecnologia mudou a forma de trabalhar do Judici\u00e1rio, mas por mais avan\u00e7ada que seja, n\u00e3o afasta a ess\u00eancia humana, pois n\u00e3o h\u00e1 justi\u00e7a sem humanidade. Os processos s\u00e3o hist\u00f3rias que precisam ser tratadas com justi\u00e7a. Precisamos valorizar os servidores do Poder Judici\u00e1rio de Costa Rica para manter a qualidade do servi\u00e7o. H\u00e1 desafios, mas a esperan\u00e7a de transforma\u00e7\u00e3o nos motiva.<\/p>\n<p>\u201cEm tempos t\u00e3o dif\u00edceis como os que estamos vivendo, \u00e9 fundamental valorizar os profissionais que se dedicam diariamente ao servi\u00e7o p\u00fablico, com afinco e comprometimento. A entrega das medalhas de bons servi\u00e7os judici\u00e1rios \u00e9 uma forma de mostrar gratid\u00e3o e reconhecimento a esses servidores, que s\u00e3o essenciais para o bom funcionamento da justi\u00e7a em nosso estado\u201d.<\/p><\/div>\n<div class=\"ntc_cont_descricao_noticia sw_txteditor\"><img loading=\"lazy\" decoding=\"async\" class=\"imgcentraliza aligncenter\" src=\"https:\/\/www.costarica.ms.gov.br\/fotos\/6a2d98720a966c200883c2129dfb4658.jpg\" alt=\"Foto Noticia Principal Grande\" width=\"666\" height=\"462\" \/><\/p>\n<p>Ap\u00f3s receberem a comenda, os homenageados foram aclamados com palmas.<\/p>\n<p>Confira a lista dos homenageados:<\/p>\n<p><strong>Medalha de Bons Servi\u00e7os Judici\u00e1rios \u2013 Bronze<\/strong><\/p>\n<ul>\n<li>Marta Gizelle dos Reis Leal &#8211; Analista Judici\u00e1rio &#8211; 13 anos, 8 meses e 23 dias;<\/li>\n<li>Sueli Martins Rosa &#8211; Analista Judici\u00e1rio &#8211; 13 anos, 10 meses e 4 dias;<\/li>\n<li>Neiva Ribeiro de Oliveira Silva &#8211; Analista Judici\u00e1rio &#8211; 14 anos, 2 meses e 4 dias;<\/li>\n<li>Everaldo Pereira dos Santos &#8211; Analista Judici\u00e1rio &#8211; 14 anos, 7 meses e 7 dias;<\/li>\n<li>Maria Aparecida Alves Souza de Paula \u2013 Agente de Servi\u00e7os Gerais &#8211; 16 anos, 9 meses e 25 dias;<\/li>\n<li>Mara Eliana Gomes de Ara\u00fajo &#8211; Auxiliar Judici\u00e1rio I &#8211; 16 anos, 5 meses e 28 dias;<\/li>\n<li>Joana D&#8217;Arc de Freitas Mundin &#8211; Auxiliar Judici\u00e1rio I &#8211; 16 anos, 8 meses e 1 dia;<\/li>\n<li>Leandro de Brito Alves Costa &#8211; Auxiliar Judici\u00e1rio I &#8211; 17 anos, 5 meses e 26 dias;<\/li>\n<li>Vanessa de Freitas Tabuas Brito &#8211; Agente Servi\u00e7os Gerais &#8211; 18 anos, 2 meses e 21 dias;<\/li>\n<li>H\u00e9lkia Cl\u00e1udia de Almeida Queiroz &#8211; Analista Judici\u00e1rio &#8211; 18 anos, 3 meses e 3 dias;<\/li>\n<li>Jociane Roberta Verona &#8211; Analista Judici\u00e1rio &#8211; 19 anos, 2 meses e 25 dias;<\/li>\n<\/ul>\n<p><strong>Medalha de Bons Servi\u00e7os Judici\u00e1rios \u2013 Prata<\/strong><\/p>\n<ul>\n<li>Sinone Nunes da Silva Almeida \u2013 Agente Servi\u00e7os Gerais &#8211; 20 anos, 4 meses e 29 dias;<\/li>\n<li>Iza Maria Ribeiro Coelho &#8211; Analista Judici\u00e1rio &#8211; 22 anos, 7 meses e 23 dias;<\/li>\n<li>Joselene Vilela Costa de Brito &#8211; Analista Judici\u00e1rio &#8211; 22 anos, 11 meses e 15 dias;<\/li>\n<li>Jo\u00e3o Marcos Correia de Toledo &#8211; Analista Judici\u00e1rio &#8211; 26 anos, 5 meses e 9 dias;<\/li>\n<\/ul>\n<p><strong>Medalha de Bons Servi\u00e7os Judici\u00e1rios \u2013 Platina<\/strong><\/p>\n<ul>\n<li>Thim\u00f3teo Carvalho de Oliveira &#8211; Analista Judici\u00e1rio &#8211; 35 anos, 4 meses e 19 dias;<\/li>\n<li>Deosdete de Souza &#8211; Analista Judici\u00e1rio &#8211; 36 anos, 11 meses e 26 dias.<\/li>\n<\/ul>\n<p><img loading=\"lazy\" decoding=\"async\" class=\"imgcentraliza aligncenter\" src=\"https:\/\/www.costarica.ms.gov.br\/fotos\/cccfe01d24c259c0a7e7bd142ff4a00c.png\" alt=\"Foto Noticia Principal Grande\" width=\"671\" height=\"821\" \/><\/p>\n<\/div>\n<p><img loading=\"lazy\" decoding=\"async\" class=\"imgcentraliza aligncenter\" src=\"https:\/\/www.costarica.ms.gov.br\/fotos\/ad1bf6a0d36a5737801b681d57ac5b50.jpg\" alt=\"Foto Noticia Principal Grande\" width=\"670\" height=\"308\" \/><\/p>\n<div class=\"ntc_area_info_noticia sw_lato\">\n<div>\n<div class=\"ntc_info_noticia\"><strong class=\"sw_lato_black\">Fonte: <\/strong>Assessoria de Comunica\u00e7\u00e3o &#8211; PMCR &#8211; <strong class=\"sw_lato_black\">\u00a0<\/strong>Silvestre de Castro<\/div>\n<\/div>\n<\/div>\n","protected":false},"excerpt":{"rendered":"<p>Na \u00faltima sexta-feira (2), o prefeito de Costa Rica, delegado Cleverson Alves dos Santos, juntamente com o vice-prefeito, Roni Cota, e o presidente da C\u00e2mara de Vereadores, Ailton Martins de Amorim, estiveram presentes na solenidade de entrega de Medalhas de Bons Servi\u00e7os Judici\u00e1rios do Estado de Mato Grosso do Sul aos Servidores da Comarca de [&hellip;]<\/p>\n","protected":false},"author":5,"featured_media":241690,"comment_status":"closed","ping_status":"closed","sticky":false,"template":"","format":"standard","meta":{"footnotes":""},"categories":[25],"tags":[],"class_list":["post-241689","post","type-post","status-publish","format-standard","has-post-thumbnail","hentry","category-costa-rica"],"_links":{"self":[{"href":"https:\/\/www.ocorreionews.com.br\/acervo-correio\/index.php?rest_route=\/wp\/v2\/posts\/241689","targetHints":{"allow":["GET"]}}],"collection":[{"href":"https:\/\/www.ocorreionews.com.br\/acervo-correio\/index.php?rest_route=\/wp\/v2\/posts"}],"about":[{"href":"https:\/\/www.ocorreionews.com.br\/acervo-correio\/index.php?rest_route=\/wp\/v2\/types\/post"}],"author":[{"embeddable":true,"href":"https:\/\/www.ocorreionews.com.br\/acervo-correio\/index.php?rest_route=\/wp\/v2\/users\/5"}],"replies":[{"embeddable":true,"href":"https:\/\/www.ocorreionews.com.br\/acervo-correio\/index.php?rest_route=%2Fwp%2Fv2%2Fcomments&post=241689"}],"version-history":[{"count":1,"href":"https:\/\/www.ocorreionews.com.br\/acervo-correio\/index.php?rest_route=\/wp\/v2\/posts\/241689\/revisions"}],"predecessor-version":[{"id":241693,"href":"https:\/\/www.ocorreionews.com.br\/acervo-correio\/index.php?rest_route=\/wp\/v2\/posts\/241689\/revisions\/241693"}],"wp:featuredmedia":[{"embeddable":true,"href":"https:\/\/www.ocorreionews.com.br\/acervo-correio\/index.php?rest_route=\/wp\/v2\/media\/241690"}],"wp:attachment":[{"href":"https:\/\/www.ocorreionews.com.br\/acervo-correio\/index.php?rest_route=%2Fwp%2Fv2%2Fmedia&parent=241689"}],"wp:term":[{"taxonomy":"category","embeddable":true,"href":"https:\/\/www.ocorreionews.com.br\/acervo-correio\/index.php?rest_route=%2Fwp%2Fv2%2Fcategories&post=241689"},{"taxonomy":"post_tag","embeddable":true,"href":"https:\/\/www.ocorreionews.com.br\/acervo-correio\/index.php?rest_route=%2Fwp%2Fv2%2Ftags&post=241689"}],"curies":[{"name":"wp","href":"https:\/\/api.w.org\/{rel}","templated":true}]}}