{"id":241694,"date":"2023-06-05T15:22:44","date_gmt":"2023-06-05T19:22:44","guid":{"rendered":"https:\/\/www.ocorreionews.com.br\/acervo-correio\/?p=241694"},"modified":"2023-06-05T15:22:44","modified_gmt":"2023-06-05T19:22:44","slug":"video-carro-bate-em-arvore-e-causa-morte-de-tres-pessoas-em-goias","status":"publish","type":"post","link":"https:\/\/www.ocorreionews.com.br\/acervo-correio\/?p=241694","title":{"rendered":"V\u00eddeo: Carro bate em \u00e1rvore e causa morte de tr\u00eas pessoas, em Goi\u00e1s"},"content":{"rendered":"<div id=\"chunk-b1uhc\">\n<div class=\"mc-column content-text active-extra-styles \" data-block-type=\"unstyled\" data-block-weight=\"59\" data-block-id=\"3\">\n<p class=\"content-text__container \" data-track-category=\"Link no Texto\" data-track-links=\"\">Um v\u00eddeo mostra o exato momento em que um carro sobe o canteiro central de uma avenida e bate contra uma \u00e1rvore, no setor Urias Magalh\u00e3es, em Goi\u00e2nia. O acidente, que choca pela viol\u00eancia do impacto, aconteceu na madrugada do \u00faltimo domingo (4) e terminou na morte de dois homens e uma mulher. Outras duas pessoas ficaram gravemente feridas.<\/p>\n<p data-track-category=\"Link no Texto\" data-track-links=\"\">\n<\/div>\n<\/div>\n<div class=\"wall protected-content\">\n<div id=\"chunk-9ijen\">\n<div class=\"mc-column content-text active-extra-styles \" data-block-type=\"unstyled\" data-block-weight=\"34\" data-block-id=\"5\">\n<p class=\"content-text__container \" data-track-category=\"Link no Texto\" data-track-links=\"\">O acidente aconteceu por volta das 2h45. Conforme mostram as imagens obtidas pela TV Anhanguera, o carro aparece em alta velocidade e aparentemente sem controle pela avenida Goi\u00e1s Norte at\u00e9 bater contra a \u00e1rvore.<\/p>\n<p data-track-category=\"Link no Texto\" data-track-links=\"\">\n<\/div>\n<\/div>\n<div id=\"chunk-6b3fb\">\n<div class=\"mc-column content-text active-extra-styles \" data-block-type=\"unstyled\" data-block-weight=\"22\" data-block-id=\"6\">\n<p class=\"content-text__container \" data-track-category=\"Link no Texto\" data-track-links=\"\">O impacto \u00e9 t\u00e3o forte que o ve\u00edculo chega a \u2018rodar\u2019 na pista e andar mais alguns metros, at\u00e9 parar de vez.<\/p>\n<p data-track-category=\"Link no Texto\" data-track-links=\"\"><a href=\"https:\/\/g1.globo.com\/go\/goias\/video\/video-mostra-quando-carro-bate-em-arvore-e-causa-morte-de-tres-pessoas-11674035.ghtml\"><strong>VEJA O V\u00cdDEO AQUI<\/strong><\/a><\/p>\n<p data-track-category=\"Link no Texto\" data-track-links=\"\">\n<\/div>\n<\/div>\n<div id=\"chunk-2ns30\">\n<div class=\"mc-column content-text active-extra-styles \" data-block-type=\"unstyled\" data-block-weight=\"32\" data-block-id=\"10\">\n<p class=\"content-text__container \" data-track-category=\"Link no Texto\" data-track-links=\"\">Tr\u00eas pessoas que estavam dentro do carro morreram. Elas foram identificadas como Eduardo Henrique Ceciliano da Silva, de 33 anos, Anderson Ferreira Silva, de 25, e Lourrany Ferreira Gomes, de 24 anos.<\/p>\n<p data-track-category=\"Link no Texto\" data-track-links=\"\">\n<\/div>\n<\/div>\n<div id=\"chunk-7a8tf\">\n<div class=\"mc-column content-text active-extra-styles \" data-block-type=\"unstyled\" data-block-weight=\"38\" data-block-id=\"11\">\n<p class=\"content-text__container \" data-track-category=\"Link no Texto\" data-track-links=\"\">Um passageiro, que ficou gravemente ferido, foi socorrido e levado para o Hospital Estadual de Urg\u00eancias Governador Ot\u00e1vio Lage de Siqueira (Hugol). J\u00e1 o outro foi socorrido e levado para um hospital antes mesmo da chegada da pol\u00edcia.<\/p>\n<p data-track-category=\"Link no Texto\" data-track-links=\"\">\n<\/div>\n<\/div>\n<div id=\"chunk-ctka2\">\n<div class=\"mc-column content-text active-extra-styles \" data-block-type=\"unstyled\" data-block-weight=\"36\" data-block-id=\"12\">\n<p class=\"content-text__container \" data-track-category=\"Link no Texto\" data-track-links=\"\">De acordo com a Pol\u00edcia Cient\u00edfica, os corpos de Eduardo, Anderson e Lourrany j\u00e1 foram liberados para a fam\u00edlia. Como a identidade dos feridos n\u00e3o foi divulgada, a reportagem n\u00e3o conseguiu confirmar seus estados de sa\u00fade.<\/p>\n<p data-track-category=\"Link no Texto\" data-track-links=\"\">\n<\/div>\n<\/div>\n<div id=\"chunk-as4ul\">\n<div class=\"mc-column content-text active-extra-styles \" data-block-type=\"unstyled\" data-block-weight=\"27\" data-block-id=\"13\">\n<p class=\"content-text__container \" data-track-category=\"Link no Texto\" data-track-links=\"\">O g1 tentou contato com a Pol\u00edcia Civil, que informou somente que ser\u00e1 instaurado um inqu\u00e9rito na Delegacia de Crimes de Tr\u00e2nsito (Dict) para apurar os fatos.<\/p>\n<p data-track-category=\"Link no Texto\" data-track-links=\"\">\n<p class=\"content-publication-data__from\" title=\"Ton Paulo, Renan Gouv\u00eaa e Rafael Campos, g1 Goi\u00e1s\">Por Ton Paulo, Renan Gouv\u00eaa e Rafael Campos, g1 Goi\u00e1s<\/p>\n<\/div>\n<\/div>\n<\/div>\n","protected":false},"excerpt":{"rendered":"<p>Um v\u00eddeo mostra o exato momento em que um carro sobe o canteiro central de uma avenida e bate contra uma \u00e1rvore, no setor Urias Magalh\u00e3es, em Goi\u00e2nia. O acidente, que choca pela viol\u00eancia do impacto, aconteceu na madrugada do \u00faltimo domingo (4) e terminou na morte de dois homens e uma mulher. Outras duas [&hellip;]<\/p>\n","protected":false},"author":5,"featured_media":241695,"comment_status":"closed","ping_status":"closed","sticky":false,"template":"","format":"standard","meta":{"footnotes":""},"categories":[38],"tags":[],"class_list":["post-241694","post","type-post","status-publish","format-standard","has-post-thumbnail","hentry","category-policia"],"_links":{"self":[{"href":"https:\/\/www.ocorreionews.com.br\/acervo-correio\/index.php?rest_route=\/wp\/v2\/posts\/241694","targetHints":{"allow":["GET"]}}],"collection":[{"href":"https:\/\/www.ocorreionews.com.br\/acervo-correio\/index.php?rest_route=\/wp\/v2\/posts"}],"about":[{"href":"https:\/\/www.ocorreionews.com.br\/acervo-correio\/index.php?rest_route=\/wp\/v2\/types\/post"}],"author":[{"embeddable":true,"href":"https:\/\/www.ocorreionews.com.br\/acervo-correio\/index.php?rest_route=\/wp\/v2\/users\/5"}],"replies":[{"embeddable":true,"href":"https:\/\/www.ocorreionews.com.br\/acervo-correio\/index.php?rest_route=%2Fwp%2Fv2%2Fcomments&post=241694"}],"version-history":[{"count":1,"href":"https:\/\/www.ocorreionews.com.br\/acervo-correio\/index.php?rest_route=\/wp\/v2\/posts\/241694\/revisions"}],"predecessor-version":[{"id":241698,"href":"https:\/\/www.ocorreionews.com.br\/acervo-correio\/index.php?rest_route=\/wp\/v2\/posts\/241694\/revisions\/241698"}],"wp:featuredmedia":[{"embeddable":true,"href":"https:\/\/www.ocorreionews.com.br\/acervo-correio\/index.php?rest_route=\/wp\/v2\/media\/241695"}],"wp:attachment":[{"href":"https:\/\/www.ocorreionews.com.br\/acervo-correio\/index.php?rest_route=%2Fwp%2Fv2%2Fmedia&parent=241694"}],"wp:term":[{"taxonomy":"category","embeddable":true,"href":"https:\/\/www.ocorreionews.com.br\/acervo-correio\/index.php?rest_route=%2Fwp%2Fv2%2Fcategories&post=241694"},{"taxonomy":"post_tag","embeddable":true,"href":"https:\/\/www.ocorreionews.com.br\/acervo-correio\/index.php?rest_route=%2Fwp%2Fv2%2Ftags&post=241694"}],"curies":[{"name":"wp","href":"https:\/\/api.w.org\/{rel}","templated":true}]}}