{"id":241696,"date":"2023-06-05T15:55:07","date_gmt":"2023-06-05T19:55:07","guid":{"rendered":"https:\/\/www.ocorreionews.com.br\/acervo-correio\/?p=241696"},"modified":"2023-06-05T15:55:07","modified_gmt":"2023-06-05T19:55:07","slug":"plantonista-em-ambulancia-de-chapadao-do-sul-flagram-gravissimo-acidente-na-capital-e-socorrem-motociclista","status":"publish","type":"post","link":"https:\/\/www.ocorreionews.com.br\/acervo-correio\/?p=241696","title":{"rendered":"Plantonista em Ambul\u00e2ncia de Chapad\u00e3o do Sul flagram grav\u00edssimo acidente na capital e socorrem motociclista"},"content":{"rendered":"<p>Na noite deste domingo (04), uma equipe m\u00e9dica de Chapad\u00e3o do Sul retornava para cidade, ap\u00f3s levarem um paciente em Vaga Zero para Capital, quando flagraram um grave acidente em uma avenida de Campo Grande.<\/p>\n<p>Segundo informa\u00e7\u00f5es que a reportagem do site O Correio News teve acesso, uma ambul\u00e2ncia de Chapad\u00e3o do Sul que rec\u00e9m tinha deixado um paciente em um hospital da capital, retornava para cidade, quando em uma avenida, foram surpreendidos por um grave acidente automobil\u00edstico na Avenida C\u00f4nsul Assaf Trad.<\/p>\n<p>A equipe de plantonista de Chapad\u00e3o do Sul que estavam na ambul\u00e2ncia era a m\u00e9dica Cirurgi\u00e3 do Aparelho Digestivo, Dra. Tricia Pattini, enfermeiro Vinicius, t\u00e9cnica de enfermagem Maiara e o motorista Marcos, n\u00e3o pensou duas vezes, estacionando a ambul\u00e2ncia e assim iniciou os procedimentos de atendimento pr\u00e9-hospitalar aos envolvidos no acidente.<\/p>\n<figure id=\"attachment_241700\" aria-describedby=\"caption-attachment-241700\" style=\"width: 499px\" class=\"wp-caption alignnone\"><a href=\"https:\/\/www.ocorreionews.com.br\/acervo-correio\/wp-content\/uploads\/2023\/06\/Dra.-Tricia-Pattini.jpg\"><img loading=\"lazy\" decoding=\"async\" class=\" wp-image-241700\" src=\"https:\/\/www.ocorreionews.com.br\/acervo-correio\/wp-content\/uploads\/2023\/06\/Dra.-Tricia-Pattini.jpg\" alt=\"\" width=\"499\" height=\"748\" srcset=\"https:\/\/www.ocorreionews.com.br\/acervo-correio\/wp-content\/uploads\/2023\/06\/Dra.-Tricia-Pattini.jpg 683w, https:\/\/www.ocorreionews.com.br\/acervo-correio\/wp-content\/uploads\/2023\/06\/Dra.-Tricia-Pattini-200x300.jpg 200w\" sizes=\"auto, (max-width: 499px) 100vw, 499px\" \/><\/a><figcaption id=\"caption-attachment-241700\" class=\"wp-caption-text\">Dra. Tricia Pattini<\/figcaption><\/figure>\n<p>Mas a situa\u00e7\u00e3o exigiu muita calma e experi\u00eancia, diante da gravidade dos fatos, pois a v\u00edtima estava perdendo os sinais vitais e precisou ser intubado naquele momento, ali mesmo, no meio da via p\u00fablica.<\/p>\n<p>A m\u00e9dica de Chapad\u00e3o do Sul cumpriu o seu dever e com grande profissionalismo intubou o acidentando, proporcionando a ele maior oportunidade de ser salvo. At\u00e9 que fosse entregue em um hospital da capital.<\/p>\n<p><a href=\"https:\/\/www.ocorreionews.com.br\/acervo-correio\/wp-content\/uploads\/2023\/06\/salvamento-cg-2.png\"><img loading=\"lazy\" decoding=\"async\" class=\"wp-image-241701 aligncenter\" src=\"https:\/\/www.ocorreionews.com.br\/acervo-correio\/wp-content\/uploads\/2023\/06\/salvamento-cg-2.png\" alt=\"\" width=\"510\" height=\"682\" srcset=\"https:\/\/www.ocorreionews.com.br\/acervo-correio\/wp-content\/uploads\/2023\/06\/salvamento-cg-2.png 957w, https:\/\/www.ocorreionews.com.br\/acervo-correio\/wp-content\/uploads\/2023\/06\/salvamento-cg-2-224x300.png 224w, https:\/\/www.ocorreionews.com.br\/acervo-correio\/wp-content\/uploads\/2023\/06\/salvamento-cg-2-766x1024.png 766w, https:\/\/www.ocorreionews.com.br\/acervo-correio\/wp-content\/uploads\/2023\/06\/salvamento-cg-2-768x1027.png 768w\" sizes=\"auto, (max-width: 510px) 100vw, 510px\" \/><\/a><\/p>\n","protected":false},"excerpt":{"rendered":"<p>Na noite deste domingo (04), uma equipe m\u00e9dica de Chapad\u00e3o do Sul retornava para cidade, ap\u00f3s levarem um paciente em Vaga Zero para Capital, quando flagraram um grave acidente em uma avenida de Campo Grande. Segundo informa\u00e7\u00f5es que a reportagem do site O Correio News teve acesso, uma ambul\u00e2ncia de Chapad\u00e3o do Sul que rec\u00e9m [&hellip;]<\/p>\n","protected":false},"author":5,"featured_media":241702,"comment_status":"closed","ping_status":"closed","sticky":false,"template":"","format":"standard","meta":{"footnotes":""},"categories":[23,41],"tags":[],"class_list":["post-241696","post","type-post","status-publish","format-standard","has-post-thumbnail","hentry","category-chapadao-do-sul","category-destaque"],"_links":{"self":[{"href":"https:\/\/www.ocorreionews.com.br\/acervo-correio\/index.php?rest_route=\/wp\/v2\/posts\/241696","targetHints":{"allow":["GET"]}}],"collection":[{"href":"https:\/\/www.ocorreionews.com.br\/acervo-correio\/index.php?rest_route=\/wp\/v2\/posts"}],"about":[{"href":"https:\/\/www.ocorreionews.com.br\/acervo-correio\/index.php?rest_route=\/wp\/v2\/types\/post"}],"author":[{"embeddable":true,"href":"https:\/\/www.ocorreionews.com.br\/acervo-correio\/index.php?rest_route=\/wp\/v2\/users\/5"}],"replies":[{"embeddable":true,"href":"https:\/\/www.ocorreionews.com.br\/acervo-correio\/index.php?rest_route=%2Fwp%2Fv2%2Fcomments&post=241696"}],"version-history":[{"count":1,"href":"https:\/\/www.ocorreionews.com.br\/acervo-correio\/index.php?rest_route=\/wp\/v2\/posts\/241696\/revisions"}],"predecessor-version":[{"id":241703,"href":"https:\/\/www.ocorreionews.com.br\/acervo-correio\/index.php?rest_route=\/wp\/v2\/posts\/241696\/revisions\/241703"}],"wp:featuredmedia":[{"embeddable":true,"href":"https:\/\/www.ocorreionews.com.br\/acervo-correio\/index.php?rest_route=\/wp\/v2\/media\/241702"}],"wp:attachment":[{"href":"https:\/\/www.ocorreionews.com.br\/acervo-correio\/index.php?rest_route=%2Fwp%2Fv2%2Fmedia&parent=241696"}],"wp:term":[{"taxonomy":"category","embeddable":true,"href":"https:\/\/www.ocorreionews.com.br\/acervo-correio\/index.php?rest_route=%2Fwp%2Fv2%2Fcategories&post=241696"},{"taxonomy":"post_tag","embeddable":true,"href":"https:\/\/www.ocorreionews.com.br\/acervo-correio\/index.php?rest_route=%2Fwp%2Fv2%2Ftags&post=241696"}],"curies":[{"name":"wp","href":"https:\/\/api.w.org\/{rel}","templated":true}]}}