{"id":241716,"date":"2023-06-06T07:00:37","date_gmt":"2023-06-06T11:00:37","guid":{"rendered":"https:\/\/www.ocorreionews.com.br\/acervo-correio\/?p=241716"},"modified":"2023-06-06T06:57:53","modified_gmt":"2023-06-06T10:57:53","slug":"dia-do-meio-ambiente-secretaria-distribui-mudas-de-arvores-nativas-em-paraiso-das-aguas","status":"publish","type":"post","link":"https:\/\/www.ocorreionews.com.br\/acervo-correio\/?p=241716","title":{"rendered":"Dia do Meio Ambiente: Secretaria distribui mudas de \u00e1rvores nativas em Para\u00edso das \u00c1guas"},"content":{"rendered":"<p>A Prefeitura de Para\u00edso das \u00c1guas por meio da Secretaria Municipal de Desenvolvimento Econ\u00f4mico, Meio Ambiente e Turismo (SEDEMAT), realizou na tarde desta segunda-feira (05) um \u201cPit Stop\u201d na Avenida Manoel Rodrigues da Cruz em alus\u00e3o ao Dia Mundial do Meio Ambiente.<\/p>\n<p>Na ocasi\u00e3o, os t\u00e9cnicos da SEDEMAT distribu\u00edram para motoristas e pedestres panfletos informativos, cadernos de anota\u00e7\u00f5es, lixos ecol\u00f3gicos para carro, al\u00e9m de mudas de \u00e1rvores nativas como Ip\u00ea Roxo, Ip\u00ea Amarelo, Rom\u00e3, Oiti e Jacarand\u00e1 Mimoso. Todas as mudas foram cultivadas no viveiro municipal de Para\u00edso das \u00c1guas.<\/p>\n<p>Tamb\u00e9m foi realizada uma a\u00e7\u00e3o de plantio de mudas nas escolas dos distritos de Pouso Alto e Bela Alvorada. Mais atividades ser\u00e3o realizadas nos pr\u00f3ximos dias, inclusive a\u00e7\u00f5es de fomento \u00e0 coleta seletiva no munic\u00edpio.<\/p>\n<p>O prefeito An\u00edzio Sobrinho de Andrade parabenizou a a\u00e7\u00e3o da secretaria e o empenho dos servidores municipais.<\/p>\n<p>\u201cA Semana do Meio Ambiente \u00e9 uma ocasi\u00e3o para refletirmos acerca de nossa rela\u00e7\u00e3o com a natureza. \u00c9 a perfeita harmonia entre homem e \u00a0floresta que trar\u00e1 cada vez mais desenvolvimento e qualidade de vida para nossa gente\u201d, afirmou o chefe do executivo.<\/p>\n","protected":false},"excerpt":{"rendered":"<p>A Prefeitura de Para\u00edso das \u00c1guas por meio da Secretaria Municipal de Desenvolvimento Econ\u00f4mico, Meio Ambiente e Turismo (SEDEMAT), realizou na tarde desta segunda-feira (05) um \u201cPit Stop\u201d na Avenida Manoel Rodrigues da Cruz em alus\u00e3o ao Dia Mundial do Meio Ambiente. Na ocasi\u00e3o, os t\u00e9cnicos da SEDEMAT distribu\u00edram para motoristas e pedestres panfletos informativos, [&hellip;]<\/p>\n","protected":false},"author":5,"featured_media":241717,"comment_status":"closed","ping_status":"closed","sticky":false,"template":"","format":"standard","meta":{"footnotes":""},"categories":[36],"tags":[],"class_list":["post-241716","post","type-post","status-publish","format-standard","has-post-thumbnail","hentry","category-paraiso-das-aguas"],"_links":{"self":[{"href":"https:\/\/www.ocorreionews.com.br\/acervo-correio\/index.php?rest_route=\/wp\/v2\/posts\/241716","targetHints":{"allow":["GET"]}}],"collection":[{"href":"https:\/\/www.ocorreionews.com.br\/acervo-correio\/index.php?rest_route=\/wp\/v2\/posts"}],"about":[{"href":"https:\/\/www.ocorreionews.com.br\/acervo-correio\/index.php?rest_route=\/wp\/v2\/types\/post"}],"author":[{"embeddable":true,"href":"https:\/\/www.ocorreionews.com.br\/acervo-correio\/index.php?rest_route=\/wp\/v2\/users\/5"}],"replies":[{"embeddable":true,"href":"https:\/\/www.ocorreionews.com.br\/acervo-correio\/index.php?rest_route=%2Fwp%2Fv2%2Fcomments&post=241716"}],"version-history":[{"count":1,"href":"https:\/\/www.ocorreionews.com.br\/acervo-correio\/index.php?rest_route=\/wp\/v2\/posts\/241716\/revisions"}],"predecessor-version":[{"id":241719,"href":"https:\/\/www.ocorreionews.com.br\/acervo-correio\/index.php?rest_route=\/wp\/v2\/posts\/241716\/revisions\/241719"}],"wp:featuredmedia":[{"embeddable":true,"href":"https:\/\/www.ocorreionews.com.br\/acervo-correio\/index.php?rest_route=\/wp\/v2\/media\/241717"}],"wp:attachment":[{"href":"https:\/\/www.ocorreionews.com.br\/acervo-correio\/index.php?rest_route=%2Fwp%2Fv2%2Fmedia&parent=241716"}],"wp:term":[{"taxonomy":"category","embeddable":true,"href":"https:\/\/www.ocorreionews.com.br\/acervo-correio\/index.php?rest_route=%2Fwp%2Fv2%2Fcategories&post=241716"},{"taxonomy":"post_tag","embeddable":true,"href":"https:\/\/www.ocorreionews.com.br\/acervo-correio\/index.php?rest_route=%2Fwp%2Fv2%2Ftags&post=241716"}],"curies":[{"name":"wp","href":"https:\/\/api.w.org\/{rel}","templated":true}]}}