{"id":241725,"date":"2023-06-06T07:04:57","date_gmt":"2023-06-06T11:04:57","guid":{"rendered":"https:\/\/www.ocorreionews.com.br\/acervo-correio\/?p=241725"},"modified":"2023-06-06T07:04:57","modified_gmt":"2023-06-06T11:04:57","slug":"carro-invade-contramao-bate-contra-onibus-mata-tres-pessoas-em-go","status":"publish","type":"post","link":"https:\/\/www.ocorreionews.com.br\/acervo-correio\/?p=241725","title":{"rendered":"Carro invade contram\u00e3o, bate contra \u00f4nibus, mata tr\u00eas pessoas em GO"},"content":{"rendered":"<div id=\"chunk-8vp9f\">\n<div class=\"mc-column content-text active-extra-styles \" data-block-type=\"unstyled\" data-block-weight=\"43\" data-block-id=\"3\">\n<p class=\"content-text__container \" data-track-category=\"Link no Texto\" data-track-links=\"\">Tr\u00eas pessoas morreram ap\u00f3s um carro invadir a contram\u00e3o e bater de frente contra um \u00f4nibus na BR-070, em Aragar\u00e7as, no oeste goiano. Segundo a Pol\u00edcia Rodovi\u00e1ria Federal (PRF), as v\u00edtimas eram ocupantes do ve\u00edculo que seguia para Mato Grosso do Sul.<\/p>\n<p data-track-category=\"Link no Texto\" data-track-links=\"\"><strong>VEJA AQUI O V\u00cdDEO FEITO NO LOCAL DO ACIDENTE<\/strong><\/p>\n<\/div>\n<\/div>\n<div class=\"wall protected-content\">\n<div id=\"chunk-1sg6i\">\n<div class=\"mc-column content-text active-extra-styles \" data-block-type=\"unstyled\" data-block-weight=\"55\" data-block-id=\"5\">\n<p class=\"content-text__container \" data-track-category=\"Link no Texto\" data-track-links=\"\">Dentre as v\u00edtimas fatais, apenas o motorista do carro, de 36 anos, foi identificado, conforme a PRF. Eles chegaram a ser socorridos pelo Corpo de Bombeiros, mas n\u00e3o resistiram e morreram no local. O condutor do \u00f4nibus, por outro lado, teve ferimentos leves e testou negativo ap\u00f3s fazer o teste do baf\u00f4metro, nesta segunda-feira (5).<\/p>\n<p data-track-category=\"Link no Texto\" data-track-links=\"\">\n<\/div>\n<\/div>\n<div id=\"chunk-bt5qm\">\n<div class=\"mc-column content-text active-extra-styles \" data-block-type=\"unstyled\" data-block-weight=\"41\" data-block-id=\"9\">\n<p class=\"content-text__container \" data-track-category=\"Link no Texto\" data-track-links=\"\">O ve\u00edculo de passeio ficou completamente destru\u00eddo com o impacto, fazendo com que as pe\u00e7as do carro fossem lan\u00e7adas a alguns metros de dist\u00e2ncia do acidente, de acordo com a corpora\u00e7\u00e3o. A rodovia ficou parcialmente interditada das 04h at\u00e9 \u00e0s 09h.<\/p>\n<p class=\"content-publication-data__from\" title=\"Pedro Moura, g1 Goi\u00e1s\">Por Pedro Moura, g1 Goi\u00e1s<\/p>\n<\/div>\n<\/div>\n<\/div>\n","protected":false},"excerpt":{"rendered":"<p>Tr\u00eas pessoas morreram ap\u00f3s um carro invadir a contram\u00e3o e bater de frente contra um \u00f4nibus na BR-070, em Aragar\u00e7as, no oeste goiano. Segundo a Pol\u00edcia Rodovi\u00e1ria Federal (PRF), as v\u00edtimas eram ocupantes do ve\u00edculo que seguia para Mato Grosso do Sul. VEJA AQUI O V\u00cdDEO FEITO NO LOCAL DO ACIDENTE Dentre as v\u00edtimas fatais, [&hellip;]<\/p>\n","protected":false},"author":5,"featured_media":241726,"comment_status":"closed","ping_status":"closed","sticky":false,"template":"","format":"standard","meta":{"footnotes":""},"categories":[141],"tags":[],"class_list":["post-241725","post","type-post","status-publish","format-standard","has-post-thumbnail","hentry","category-goias"],"_links":{"self":[{"href":"https:\/\/www.ocorreionews.com.br\/acervo-correio\/index.php?rest_route=\/wp\/v2\/posts\/241725","targetHints":{"allow":["GET"]}}],"collection":[{"href":"https:\/\/www.ocorreionews.com.br\/acervo-correio\/index.php?rest_route=\/wp\/v2\/posts"}],"about":[{"href":"https:\/\/www.ocorreionews.com.br\/acervo-correio\/index.php?rest_route=\/wp\/v2\/types\/post"}],"author":[{"embeddable":true,"href":"https:\/\/www.ocorreionews.com.br\/acervo-correio\/index.php?rest_route=\/wp\/v2\/users\/5"}],"replies":[{"embeddable":true,"href":"https:\/\/www.ocorreionews.com.br\/acervo-correio\/index.php?rest_route=%2Fwp%2Fv2%2Fcomments&post=241725"}],"version-history":[{"count":1,"href":"https:\/\/www.ocorreionews.com.br\/acervo-correio\/index.php?rest_route=\/wp\/v2\/posts\/241725\/revisions"}],"predecessor-version":[{"id":241727,"href":"https:\/\/www.ocorreionews.com.br\/acervo-correio\/index.php?rest_route=\/wp\/v2\/posts\/241725\/revisions\/241727"}],"wp:featuredmedia":[{"embeddable":true,"href":"https:\/\/www.ocorreionews.com.br\/acervo-correio\/index.php?rest_route=\/wp\/v2\/media\/241726"}],"wp:attachment":[{"href":"https:\/\/www.ocorreionews.com.br\/acervo-correio\/index.php?rest_route=%2Fwp%2Fv2%2Fmedia&parent=241725"}],"wp:term":[{"taxonomy":"category","embeddable":true,"href":"https:\/\/www.ocorreionews.com.br\/acervo-correio\/index.php?rest_route=%2Fwp%2Fv2%2Fcategories&post=241725"},{"taxonomy":"post_tag","embeddable":true,"href":"https:\/\/www.ocorreionews.com.br\/acervo-correio\/index.php?rest_route=%2Fwp%2Fv2%2Ftags&post=241725"}],"curies":[{"name":"wp","href":"https:\/\/api.w.org\/{rel}","templated":true}]}}