{"id":241736,"date":"2023-06-06T07:26:21","date_gmt":"2023-06-06T11:26:21","guid":{"rendered":"https:\/\/www.ocorreionews.com.br\/acervo-correio\/?p=241736"},"modified":"2023-06-06T07:26:21","modified_gmt":"2023-06-06T11:26:21","slug":"ladrao-e-surpreendido-ao-tentar-invadir-comercio-pelo-telhado-em-costa-rica","status":"publish","type":"post","link":"https:\/\/www.ocorreionews.com.br\/acervo-correio\/?p=241736","title":{"rendered":"Ladr\u00e3o \u00e9 surpreendido ao tentar invadir com\u00e9rcio pelo telhado em Costa Rica"},"content":{"rendered":"<p>Na madrugada do \u00faltimo s\u00e1bado (03), um jovem de 21 anos, foi preso em flagrante ap\u00f3s tentar invadir um com\u00e9rcio pelo teto no Centro de Costa Rica.<\/p>\n<p>Segundo informa\u00e7\u00f5es do Boletim de Ocorr\u00eancia, por volta das 00h20min, os Policiais Militares de Costa Rica, foram solicitados para atender uma ocorr\u00eancia de tentativa de furto em um estabelecimento comercial na Av. Jose Ferreira da Costa, onde o propriet\u00e1rio de 33 anos, relatava que um indiv\u00edduo (autor) estava sobre o teto do estabelecimento tentando adentrar pelo forro.<\/p>\n<p>De imediato uma guarni\u00e7\u00e3o da PM foi at\u00e9 o local, e l\u00e1 os militares visualizaram o autor, que ao ver a presen\u00e7a dos policiais come\u00e7ou a empreender fuga, pulando do telhado para o fundo do estabelecimento e correu, por\u00e9m, ele foi alcan\u00e7ado e foi necess\u00e1rio uso de for\u00e7a moderada para a conten\u00e7\u00e3o do mesmo.<\/p>\n<p>O autor n\u00e3o possu\u00eda documentos de identifica\u00e7\u00e3o, sendo assim foi encaminhado para a Delegacia para que fossem tomadas as medidas cab\u00edveis.<\/p>\n","protected":false},"excerpt":{"rendered":"<p>Na madrugada do \u00faltimo s\u00e1bado (03), um jovem de 21 anos, foi preso em flagrante ap\u00f3s tentar invadir um com\u00e9rcio pelo teto no Centro de Costa Rica. Segundo informa\u00e7\u00f5es do Boletim de Ocorr\u00eancia, por volta das 00h20min, os Policiais Militares de Costa Rica, foram solicitados para atender uma ocorr\u00eancia de tentativa de furto em um [&hellip;]<\/p>\n","protected":false},"author":5,"featured_media":239804,"comment_status":"closed","ping_status":"closed","sticky":false,"template":"","format":"standard","meta":{"footnotes":""},"categories":[25,38],"tags":[],"class_list":["post-241736","post","type-post","status-publish","format-standard","has-post-thumbnail","hentry","category-costa-rica","category-policia"],"_links":{"self":[{"href":"https:\/\/www.ocorreionews.com.br\/acervo-correio\/index.php?rest_route=\/wp\/v2\/posts\/241736","targetHints":{"allow":["GET"]}}],"collection":[{"href":"https:\/\/www.ocorreionews.com.br\/acervo-correio\/index.php?rest_route=\/wp\/v2\/posts"}],"about":[{"href":"https:\/\/www.ocorreionews.com.br\/acervo-correio\/index.php?rest_route=\/wp\/v2\/types\/post"}],"author":[{"embeddable":true,"href":"https:\/\/www.ocorreionews.com.br\/acervo-correio\/index.php?rest_route=\/wp\/v2\/users\/5"}],"replies":[{"embeddable":true,"href":"https:\/\/www.ocorreionews.com.br\/acervo-correio\/index.php?rest_route=%2Fwp%2Fv2%2Fcomments&post=241736"}],"version-history":[{"count":1,"href":"https:\/\/www.ocorreionews.com.br\/acervo-correio\/index.php?rest_route=\/wp\/v2\/posts\/241736\/revisions"}],"predecessor-version":[{"id":241739,"href":"https:\/\/www.ocorreionews.com.br\/acervo-correio\/index.php?rest_route=\/wp\/v2\/posts\/241736\/revisions\/241739"}],"wp:featuredmedia":[{"embeddable":true,"href":"https:\/\/www.ocorreionews.com.br\/acervo-correio\/index.php?rest_route=\/wp\/v2\/media\/239804"}],"wp:attachment":[{"href":"https:\/\/www.ocorreionews.com.br\/acervo-correio\/index.php?rest_route=%2Fwp%2Fv2%2Fmedia&parent=241736"}],"wp:term":[{"taxonomy":"category","embeddable":true,"href":"https:\/\/www.ocorreionews.com.br\/acervo-correio\/index.php?rest_route=%2Fwp%2Fv2%2Fcategories&post=241736"},{"taxonomy":"post_tag","embeddable":true,"href":"https:\/\/www.ocorreionews.com.br\/acervo-correio\/index.php?rest_route=%2Fwp%2Fv2%2Ftags&post=241736"}],"curies":[{"name":"wp","href":"https:\/\/api.w.org\/{rel}","templated":true}]}}