{"id":241737,"date":"2023-06-06T07:54:17","date_gmt":"2023-06-06T11:54:17","guid":{"rendered":"https:\/\/www.ocorreionews.com.br\/acervo-correio\/?p=241737"},"modified":"2023-06-06T08:11:12","modified_gmt":"2023-06-06T12:11:12","slug":"joao-carlo-krug-e-govenador-ridel-vao-inaugurar-obrar-e-participara-da-abertura-da-exposul","status":"publish","type":"post","link":"https:\/\/www.ocorreionews.com.br\/acervo-correio\/?p=241737","title":{"rendered":"Jo\u00e3o Carlos e o Govenador Ridel v\u00e3o inaugurar obras e participar da abertura da Exposul"},"content":{"rendered":"<p>O prefeito Municipal de Chapad\u00e3o do Sul, Jo\u00e3o Carlos Krug, confirmou a presen\u00e7a do governador do Estado Eduardo Ridel na cidade, nesta quarta-feira dia 07, onde estar\u00e1 realizando a inaugura\u00e7\u00e3o e visitas em obras no munic\u00edpio.<\/p>\n<p>E ainda o lan\u00e7amento do contorno do rodoanel da rodovia MS 306 no per\u00edmetro urbano de Chapad\u00e3o do Sul que est\u00e1 sendo feita pela concession\u00e1ria Way 306.<\/p>\n<p>Veja a agenda do Governador:<\/p>\n<ul>\n<li>11hs00 com o Lan\u00e7amento do Contorno Rodovi\u00e1rio da Way<\/li>\n<li>14hs00 -Inaugura\u00e7\u00e3o dos 26 novos Leitos do Hospital Municipal<\/li>\n<li>14hs30 -Visita a Pista de Atletismo na Av. MS<\/li>\n<li>15hs00 -Visita as obras em constru\u00e7\u00e3o do quartel da PM<\/li>\n<li>15hs30 \u2013 Visita na Creche Municipal da Av . Emas<\/li>\n<li>16hs00 \u2013 Inaugura\u00e7\u00e3o da escola Municipal Manoel de Barros<\/li>\n<li>17hs00 -Participa na abertura da Exposul<\/li>\n<\/ul>\n<p>&nbsp;<\/p>\n","protected":false},"excerpt":{"rendered":"<p>O prefeito Municipal de Chapad\u00e3o do Sul, Jo\u00e3o Carlos Krug, confirmou a presen\u00e7a do governador do Estado Eduardo Ridel na cidade, nesta quarta-feira dia 07, onde estar\u00e1 realizando a inaugura\u00e7\u00e3o e visitas em obras no munic\u00edpio. E ainda o lan\u00e7amento do contorno do rodoanel da rodovia MS 306 no per\u00edmetro urbano de Chapad\u00e3o do Sul [&hellip;]<\/p>\n","protected":false},"author":4,"featured_media":217443,"comment_status":"closed","ping_status":"closed","sticky":false,"template":"","format":"standard","meta":{"footnotes":""},"categories":[23,41],"tags":[],"class_list":["post-241737","post","type-post","status-publish","format-standard","has-post-thumbnail","hentry","category-chapadao-do-sul","category-destaque"],"_links":{"self":[{"href":"https:\/\/www.ocorreionews.com.br\/acervo-correio\/index.php?rest_route=\/wp\/v2\/posts\/241737","targetHints":{"allow":["GET"]}}],"collection":[{"href":"https:\/\/www.ocorreionews.com.br\/acervo-correio\/index.php?rest_route=\/wp\/v2\/posts"}],"about":[{"href":"https:\/\/www.ocorreionews.com.br\/acervo-correio\/index.php?rest_route=\/wp\/v2\/types\/post"}],"author":[{"embeddable":true,"href":"https:\/\/www.ocorreionews.com.br\/acervo-correio\/index.php?rest_route=\/wp\/v2\/users\/4"}],"replies":[{"embeddable":true,"href":"https:\/\/www.ocorreionews.com.br\/acervo-correio\/index.php?rest_route=%2Fwp%2Fv2%2Fcomments&post=241737"}],"version-history":[{"count":1,"href":"https:\/\/www.ocorreionews.com.br\/acervo-correio\/index.php?rest_route=\/wp\/v2\/posts\/241737\/revisions"}],"predecessor-version":[{"id":241757,"href":"https:\/\/www.ocorreionews.com.br\/acervo-correio\/index.php?rest_route=\/wp\/v2\/posts\/241737\/revisions\/241757"}],"wp:featuredmedia":[{"embeddable":true,"href":"https:\/\/www.ocorreionews.com.br\/acervo-correio\/index.php?rest_route=\/wp\/v2\/media\/217443"}],"wp:attachment":[{"href":"https:\/\/www.ocorreionews.com.br\/acervo-correio\/index.php?rest_route=%2Fwp%2Fv2%2Fmedia&parent=241737"}],"wp:term":[{"taxonomy":"category","embeddable":true,"href":"https:\/\/www.ocorreionews.com.br\/acervo-correio\/index.php?rest_route=%2Fwp%2Fv2%2Fcategories&post=241737"},{"taxonomy":"post_tag","embeddable":true,"href":"https:\/\/www.ocorreionews.com.br\/acervo-correio\/index.php?rest_route=%2Fwp%2Fv2%2Ftags&post=241737"}],"curies":[{"name":"wp","href":"https:\/\/api.w.org\/{rel}","templated":true}]}}