{"id":241758,"date":"2023-06-06T10:07:30","date_gmt":"2023-06-06T14:07:30","guid":{"rendered":"https:\/\/www.ocorreionews.com.br\/acervo-correio\/?p=241758"},"modified":"2023-06-06T10:07:30","modified_gmt":"2023-06-06T14:07:30","slug":"receita-federal-premia-prefeito-joao-carlos-krug-com-1o-lugar-em-gestao-e-resultados-do-pav","status":"publish","type":"post","link":"https:\/\/www.ocorreionews.com.br\/acervo-correio\/?p=241758","title":{"rendered":"Receita Federal Premia Prefeito Jo\u00e3o Carlos Krug, com 1\u00ba Lugar em gest\u00e3o e Resultados do PAV"},"content":{"rendered":"<p style=\"font-weight: 400;\">O Prefeito Municipal Jo\u00e3o Carlos Krug, recebeu das m\u00e3os do Delegado da Receita Federal do Brasil, Cl\u00f3vis Ribeiro Cintra Neto, o reconhecimento como 1\u00ba Lugar em gest\u00e3o e resultados entregues pelo PAV, Ponto de Atendimento da Receita federal, instalado em outubro de 2021, em Chapad\u00e3o do Sul.<\/p>\n<p style=\"font-weight: 400;\">A Prefeitura municipal foi destaque estadual, atrav\u00e9s da SEDEMA (Secretaria de Desenvolvimento Econ\u00f4mico e Meio Ambiente), respons\u00e1vel pelos atendimentos ofertados pelo PAV no munic\u00edpio. Em Chapad\u00e3o do Sul, foram realizados 4.224 servi\u00e7os, durante o ano de 2022, tendo mais que o dobro de atendimentos que o segundo colocado (S\u00e3o Gabriel do Oeste) que realizou 1.561 servi\u00e7os aos mun\u00edcipes.<\/p>\n<p style=\"font-weight: 400;\">O PAV \u00e9 em um espa\u00e7o estruturado pelo munic\u00edpio de Chapad\u00e3o do Sul, para presta\u00e7\u00e3o de servi\u00e7os da RFB. Os servi\u00e7os s\u00e3o realizados por servidores da prefeitura e enviados digitalmente a colaboradores da Receita Federal. A a\u00e7\u00e3o \u00e9 um modo de garantir a presta\u00e7\u00e3o dos servi\u00e7os da Receita Federal no munic\u00edpio, ampliando sobremaneira a capilaridade de atendimento do \u00f3rg\u00e3o.<\/p>\n<p style=\"font-weight: 400;\">Segundo o Prefeito Jo\u00e3o Carlos Krug, o reconhecimento mostra que o munic\u00edpio realiza uma gest\u00e3o eficiente.\u00a0\u201cDentre os 11.769 servi\u00e7os realizados pelos PAVs, em todo o estado, Chapad\u00e3o do Sul foi respons\u00e1vel por quase 40% dos resultados entregues a receita federal, isso mostra que a prefeitura municipal realiza uma gest\u00e3o eficiente de seus servi\u00e7os em prol da popula\u00e7\u00e3o, sociedade civil, e empreendedores locais. Nossa inten\u00e7\u00e3o \u00e9 poder trazer uma unidade da receita federal ao munic\u00edpio, para que possamos ampliar ainda mais os servi\u00e7os prestados aos nossos mun\u00edcipes e moradores da regi\u00e3o\u201d finaliza.<\/p>\n<p style=\"font-weight: 400;\">Estiveram presentes na entrega do Pr\u00eamio, o Presidente da C\u00e2mara Municipal Airton Schwantes (Tucano), Secret\u00e1rio Municipal de Desenvolvimento Econ\u00f4mico e Meio Ambiente &#8211; SEDEMA, Jos\u00e9 Teixeira Junior, a sua secret\u00e1ria adjunta Andr\u00e9ia Louren\u00e7o, e o atendente do PAV, Kevin lorini, al\u00e9m de supervisora da Receita Marizete Horner de Almeida Candido, respons\u00e1vel pelos PAVs no estado de Mato Grosso do Sul.<\/p>\n<p style=\"font-weight: 400;\">De acordo com Cl\u00f3vis Cintra Neto, o munic\u00edpio de Chapad\u00e3o do Sul \u00e9 Grande Parceiro da Receita Federal.\u00a0\u201cChapad\u00e3o do Sul \u00e9 parceiro estrat\u00e9gicos em rela\u00e7\u00e3o ao PAV. E temos muita receptividade do prefeito Jo\u00e3o Carlos Krug, porque o objetivo \u00e9 facilitar a vida daquele contribuinte que n\u00e3o tem acesso \u00e0 internet, por exemplo. E isso \u00e9 fundamental para que o cidad\u00e3o cumpra suas obriga\u00e7\u00f5es e tenha seus direitos assegurados, quando forem solicitados\u201d, diz Cintra Neto<\/p>\n<p style=\"font-weight: 400;\">Mais informa\u00e7\u00f5es sobre o PAV da Receita Federal, podem ser obtidas, na Secretaria de Desenvolvimento Econ\u00f4mico e Meio Ambiente \u2013 SEDEMA, pelos telefones (67) 3562-5672, ou ainda pelo WhatsApp: (67) 9-9618-3431.<\/p>\n<p>&nbsp;<\/p>\n<p><a href=\"https:\/\/www.ocorreionews.com.br\/acervo-correio\/wp-content\/uploads\/2023\/06\/WhatsApp-Image-2023-06-06-at-10.47.39.jpeg\"><img loading=\"lazy\" decoding=\"async\" class=\"alignnone size-full wp-image-241759\" src=\"https:\/\/www.ocorreionews.com.br\/acervo-correio\/wp-content\/uploads\/2023\/06\/WhatsApp-Image-2023-06-06-at-10.47.39.jpeg\" alt=\"\" width=\"768\" height=\"1024\" srcset=\"https:\/\/www.ocorreionews.com.br\/acervo-correio\/wp-content\/uploads\/2023\/06\/WhatsApp-Image-2023-06-06-at-10.47.39.jpeg 768w, https:\/\/www.ocorreionews.com.br\/acervo-correio\/wp-content\/uploads\/2023\/06\/WhatsApp-Image-2023-06-06-at-10.47.39-225x300.jpeg 225w\" sizes=\"auto, (max-width: 768px) 100vw, 768px\" \/><\/a><\/p>\n<p>*Assessoria de imprensa<\/p>\n","protected":false},"excerpt":{"rendered":"<p>O Prefeito Municipal Jo\u00e3o Carlos Krug, recebeu das m\u00e3os do Delegado da Receita Federal do Brasil, Cl\u00f3vis Ribeiro Cintra Neto, o reconhecimento como 1\u00ba Lugar em gest\u00e3o e resultados entregues pelo PAV, Ponto de Atendimento da Receita federal, instalado em outubro de 2021, em Chapad\u00e3o do Sul. A Prefeitura municipal foi destaque estadual, atrav\u00e9s da [&hellip;]<\/p>\n","protected":false},"author":5,"featured_media":241760,"comment_status":"closed","ping_status":"closed","sticky":false,"template":"","format":"standard","meta":{"footnotes":""},"categories":[23,41],"tags":[],"class_list":["post-241758","post","type-post","status-publish","format-standard","has-post-thumbnail","hentry","category-chapadao-do-sul","category-destaque"],"_links":{"self":[{"href":"https:\/\/www.ocorreionews.com.br\/acervo-correio\/index.php?rest_route=\/wp\/v2\/posts\/241758","targetHints":{"allow":["GET"]}}],"collection":[{"href":"https:\/\/www.ocorreionews.com.br\/acervo-correio\/index.php?rest_route=\/wp\/v2\/posts"}],"about":[{"href":"https:\/\/www.ocorreionews.com.br\/acervo-correio\/index.php?rest_route=\/wp\/v2\/types\/post"}],"author":[{"embeddable":true,"href":"https:\/\/www.ocorreionews.com.br\/acervo-correio\/index.php?rest_route=\/wp\/v2\/users\/5"}],"replies":[{"embeddable":true,"href":"https:\/\/www.ocorreionews.com.br\/acervo-correio\/index.php?rest_route=%2Fwp%2Fv2%2Fcomments&post=241758"}],"version-history":[{"count":1,"href":"https:\/\/www.ocorreionews.com.br\/acervo-correio\/index.php?rest_route=\/wp\/v2\/posts\/241758\/revisions"}],"predecessor-version":[{"id":241761,"href":"https:\/\/www.ocorreionews.com.br\/acervo-correio\/index.php?rest_route=\/wp\/v2\/posts\/241758\/revisions\/241761"}],"wp:featuredmedia":[{"embeddable":true,"href":"https:\/\/www.ocorreionews.com.br\/acervo-correio\/index.php?rest_route=\/wp\/v2\/media\/241760"}],"wp:attachment":[{"href":"https:\/\/www.ocorreionews.com.br\/acervo-correio\/index.php?rest_route=%2Fwp%2Fv2%2Fmedia&parent=241758"}],"wp:term":[{"taxonomy":"category","embeddable":true,"href":"https:\/\/www.ocorreionews.com.br\/acervo-correio\/index.php?rest_route=%2Fwp%2Fv2%2Fcategories&post=241758"},{"taxonomy":"post_tag","embeddable":true,"href":"https:\/\/www.ocorreionews.com.br\/acervo-correio\/index.php?rest_route=%2Fwp%2Fv2%2Ftags&post=241758"}],"curies":[{"name":"wp","href":"https:\/\/api.w.org\/{rel}","templated":true}]}}