{"id":241763,"date":"2023-06-06T11:22:30","date_gmt":"2023-06-06T15:22:30","guid":{"rendered":"https:\/\/www.ocorreionews.com.br\/acervo-correio\/?p=241763"},"modified":"2023-06-06T14:29:43","modified_gmt":"2023-06-06T18:29:43","slug":"costa-rica-mantem-feriado-de-corpus-christi-e-santo-antonio-com-decreto-de-ponto-facultativo-nos-dias-9-e-12-de-junho","status":"publish","type":"post","link":"https:\/\/www.ocorreionews.com.br\/acervo-correio\/?p=241763","title":{"rendered":"Com feriados e pontos facultativos servidores de Costa Rica ter\u00e3o 7 dias de folga"},"content":{"rendered":"<div class=\"ntc_cont_descricao_noticia sw_txteditor\">\n<div>\n<p>Em raz\u00e3o dos feriados de Corpus Christi e Santo Ant\u00f4nio, n\u00e3o haver\u00e1 expediente administrativo e de servi\u00e7os nos \u00f3rg\u00e3os e reparti\u00e7\u00f5es p\u00fablicas municipais (Poder Executivo) na quinta-feira (8), sexta-feira (9), segunda-feira (12) e na ter\u00e7a-feira (13). Os feriados e pontos facultativos foram estabelecidos atrav\u00e9s dos decretos 4.901, de 3 de fevereiro de 2023, e 4.924 de 2 de junho do mesmo ano.<\/p>\n<p>Os decretos n\u00e3o se aplicam aos servi\u00e7os essenciais, que por sua natureza n\u00e3o possam sofrer paralisa\u00e7\u00f5es, ficando a crit\u00e9rio de cada secret\u00e1rio e\/ou chefe de cada reparti\u00e7\u00e3o definir o hor\u00e1rio de funcionamento de cada setor sob a sua jurisdi\u00e7\u00e3o.<\/p>\n<p>Vale ressaltar que as datas determinadas como pontos facultativos, tamb\u00e9m n\u00e3o se aplicam necessariamente ao funcionamento dos estabelecimentos comerciais, industriais e afins do munic\u00edpio de Costa Rica, cabendo a decis\u00e3o a cada propriet\u00e1rio e\/ou a entidade representativa devidamente estabelecida definir a concess\u00e3o.<\/p>\n<p>O atendimento nas reparti\u00e7\u00f5es p\u00fablicas municipais retorna na quarta-feira (14).<\/p>\n<p><strong>SAAE<\/strong><br \/>\nDurante o feriado prolongado, o SAAE (Servi\u00e7o Municipal de \u00c1gua e Esgoto) mant\u00e9m o atendimento em regime de plant\u00e3o. Para o servi\u00e7o emergencial de \u00e1gua o telefone para contato \u00e9 o (67) 99964-1446 e para servi\u00e7os emergenciais de esgoto o n\u00famero \u00e9 (67) 99803-9239.<\/p>\n<p><strong>Sa\u00fade<\/strong><br \/>\nAs Unidades de Sa\u00fade tamb\u00e9m estar\u00e3o fechadas entre os dias 8 e 13 de junho, casos de urg\u00eancia e emerg\u00eancia devem procurar atendimento na Funda\u00e7\u00e3o Hospitalar de Costa Rica que segue aberta 24 horas.<\/p>\n<\/div>\n<\/div>\n<div><\/div>\n<div class=\"ntc_area_info_noticia sw_lato\">\n<div>\n<div class=\"ntc_info_noticia\"><strong class=\"sw_lato_black\">Fonte:<\/strong>Assessoria de Comunica\u00e7\u00e3o<\/div>\n<div class=\"ntc_info_noticia\"><strong class=\"sw_lato_black\">Autor:<\/strong>Angela Bezerra<\/div>\n<\/div>\n<\/div>\n","protected":false},"excerpt":{"rendered":"<p>Em raz\u00e3o dos feriados de Corpus Christi e Santo Ant\u00f4nio, n\u00e3o haver\u00e1 expediente administrativo e de servi\u00e7os nos \u00f3rg\u00e3os e reparti\u00e7\u00f5es p\u00fablicas municipais (Poder Executivo) na quinta-feira (8), sexta-feira (9), segunda-feira (12) e na ter\u00e7a-feira (13). Os feriados e pontos facultativos foram estabelecidos atrav\u00e9s dos decretos 4.901, de 3 de fevereiro de 2023, e 4.924 [&hellip;]<\/p>\n","protected":false},"author":5,"featured_media":241764,"comment_status":"closed","ping_status":"closed","sticky":false,"template":"","format":"standard","meta":{"footnotes":""},"categories":[25],"tags":[],"class_list":["post-241763","post","type-post","status-publish","format-standard","has-post-thumbnail","hentry","category-costa-rica"],"_links":{"self":[{"href":"https:\/\/www.ocorreionews.com.br\/acervo-correio\/index.php?rest_route=\/wp\/v2\/posts\/241763","targetHints":{"allow":["GET"]}}],"collection":[{"href":"https:\/\/www.ocorreionews.com.br\/acervo-correio\/index.php?rest_route=\/wp\/v2\/posts"}],"about":[{"href":"https:\/\/www.ocorreionews.com.br\/acervo-correio\/index.php?rest_route=\/wp\/v2\/types\/post"}],"author":[{"embeddable":true,"href":"https:\/\/www.ocorreionews.com.br\/acervo-correio\/index.php?rest_route=\/wp\/v2\/users\/5"}],"replies":[{"embeddable":true,"href":"https:\/\/www.ocorreionews.com.br\/acervo-correio\/index.php?rest_route=%2Fwp%2Fv2%2Fcomments&post=241763"}],"version-history":[{"count":1,"href":"https:\/\/www.ocorreionews.com.br\/acervo-correio\/index.php?rest_route=\/wp\/v2\/posts\/241763\/revisions"}],"predecessor-version":[{"id":241767,"href":"https:\/\/www.ocorreionews.com.br\/acervo-correio\/index.php?rest_route=\/wp\/v2\/posts\/241763\/revisions\/241767"}],"wp:featuredmedia":[{"embeddable":true,"href":"https:\/\/www.ocorreionews.com.br\/acervo-correio\/index.php?rest_route=\/wp\/v2\/media\/241764"}],"wp:attachment":[{"href":"https:\/\/www.ocorreionews.com.br\/acervo-correio\/index.php?rest_route=%2Fwp%2Fv2%2Fmedia&parent=241763"}],"wp:term":[{"taxonomy":"category","embeddable":true,"href":"https:\/\/www.ocorreionews.com.br\/acervo-correio\/index.php?rest_route=%2Fwp%2Fv2%2Fcategories&post=241763"},{"taxonomy":"post_tag","embeddable":true,"href":"https:\/\/www.ocorreionews.com.br\/acervo-correio\/index.php?rest_route=%2Fwp%2Fv2%2Ftags&post=241763"}],"curies":[{"name":"wp","href":"https:\/\/api.w.org\/{rel}","templated":true}]}}