{"id":241769,"date":"2023-06-06T14:37:52","date_gmt":"2023-06-06T18:37:52","guid":{"rendered":"https:\/\/www.ocorreionews.com.br\/acervo-correio\/?p=241769"},"modified":"2023-06-06T15:01:23","modified_gmt":"2023-06-06T19:01:23","slug":"pefeito-anizio-andrade-homenageia-promotora-dra-fernanda","status":"publish","type":"post","link":"https:\/\/www.ocorreionews.com.br\/acervo-correio\/?p=241769","title":{"rendered":"Prefeito An\u00edzio se despede e agradece empenho e dedica\u00e7\u00e3o da promotora Fernanda Azambuja"},"content":{"rendered":"<p>O prefeito de Para\u00edso das \u00c1guas, An\u00edzio Sobrinho de Andrade, acompanhado da Secret\u00e1ria Municipal de Assist\u00eancia Social, Habita\u00e7\u00e3o e Cidadania, Rozilda Pereira, recebeu em seu gabinete na manh\u00e3 desta ter\u00e7a-feira (06) a promotora da Vara da Inf\u00e2ncia e da Juventude da Comarca de Chapad\u00e3o do Sul, Dr\u00aa Fernanda Proen\u00e7a Azambuja.<\/p>\n<p>Na ocasi\u00e3o, prefeito e secret\u00e1ria agradeceram toda a parceria da promotora junto ao munic\u00edpio de Para\u00edso das \u00c1guas ao longo dos \u00faltimos anos. Dr\u00aaa Fernanda est\u00e1 se despedindo da Comarca de Chapad\u00e3o do Sul, sendo designada para a comarca de Navira\u00ed em meados de julho.<\/p>\n<p>\u201cEu em nome de todo o executivo municipal quero agradecer muito a grande parceira que foi a doutora Fernanda. Seu trabalho contribuiu em muito com o desenvolvimento de nossa cidade. Desejo boa sorte em sua caminhada, Para\u00edso das \u00c1guas estar\u00e1 sempre de bra\u00e7os abertos para receb\u00ea-la\u201d, afirmou o prefeito.<\/p>\n<p>J\u00e1 a Secret\u00e1ria de Assist\u00eancia Social fez quest\u00e3o de comemorar as vit\u00f3rias que o munic\u00edpio teve na \u00e1rea da inf\u00e2ncia e juventude junto aos trabalhos desenvolvidos com a promotora.<\/p>\n<p>\u201cNos despedimos de uma parceira e uma amiga que tanto contribuiu com as a\u00e7\u00f5es em prol de crian\u00e7as e jovens de Para\u00edso das \u00c1guas. Nosso muito obrigado e gratid\u00e3o pelo empenho e dedica\u00e7\u00e3o que sempre demonstrou com nossa popula\u00e7\u00e3o\u201d, concluiu Rozilda.<\/p>\n<p>&nbsp;<\/p>\n<p><img decoding=\"async\" class=\"lb-image\" src=\"https:\/\/www.paraisodasaguas.ms.gov.br\/uploads\/noticia\/whatsapp-image-2023-06-06-at-131405.jpeg\" \/><\/p>\n<p><img decoding=\"async\" class=\"lb-image\" src=\"https:\/\/www.paraisodasaguas.ms.gov.br\/uploads\/noticia\/whatsapp-image-2023-06-06-at-131406.jpeg\" \/><\/p>\n<p>&nbsp;<\/p>\n<p>Ascom<\/p>\n","protected":false},"excerpt":{"rendered":"<p>O prefeito de Para\u00edso das \u00c1guas, An\u00edzio Sobrinho de Andrade, acompanhado da Secret\u00e1ria Municipal de Assist\u00eancia Social, Habita\u00e7\u00e3o e Cidadania, Rozilda Pereira, recebeu em seu gabinete na manh\u00e3 desta ter\u00e7a-feira (06) a promotora da Vara da Inf\u00e2ncia e da Juventude da Comarca de Chapad\u00e3o do Sul, Dr\u00aa Fernanda Proen\u00e7a Azambuja. Na ocasi\u00e3o, prefeito e secret\u00e1ria [&hellip;]<\/p>\n","protected":false},"author":4,"featured_media":241775,"comment_status":"closed","ping_status":"closed","sticky":false,"template":"","format":"standard","meta":{"footnotes":""},"categories":[36],"tags":[],"class_list":["post-241769","post","type-post","status-publish","format-standard","has-post-thumbnail","hentry","category-paraiso-das-aguas"],"_links":{"self":[{"href":"https:\/\/www.ocorreionews.com.br\/acervo-correio\/index.php?rest_route=\/wp\/v2\/posts\/241769","targetHints":{"allow":["GET"]}}],"collection":[{"href":"https:\/\/www.ocorreionews.com.br\/acervo-correio\/index.php?rest_route=\/wp\/v2\/posts"}],"about":[{"href":"https:\/\/www.ocorreionews.com.br\/acervo-correio\/index.php?rest_route=\/wp\/v2\/types\/post"}],"author":[{"embeddable":true,"href":"https:\/\/www.ocorreionews.com.br\/acervo-correio\/index.php?rest_route=\/wp\/v2\/users\/4"}],"replies":[{"embeddable":true,"href":"https:\/\/www.ocorreionews.com.br\/acervo-correio\/index.php?rest_route=%2Fwp%2Fv2%2Fcomments&post=241769"}],"version-history":[{"count":1,"href":"https:\/\/www.ocorreionews.com.br\/acervo-correio\/index.php?rest_route=\/wp\/v2\/posts\/241769\/revisions"}],"predecessor-version":[{"id":241778,"href":"https:\/\/www.ocorreionews.com.br\/acervo-correio\/index.php?rest_route=\/wp\/v2\/posts\/241769\/revisions\/241778"}],"wp:featuredmedia":[{"embeddable":true,"href":"https:\/\/www.ocorreionews.com.br\/acervo-correio\/index.php?rest_route=\/wp\/v2\/media\/241775"}],"wp:attachment":[{"href":"https:\/\/www.ocorreionews.com.br\/acervo-correio\/index.php?rest_route=%2Fwp%2Fv2%2Fmedia&parent=241769"}],"wp:term":[{"taxonomy":"category","embeddable":true,"href":"https:\/\/www.ocorreionews.com.br\/acervo-correio\/index.php?rest_route=%2Fwp%2Fv2%2Fcategories&post=241769"},{"taxonomy":"post_tag","embeddable":true,"href":"https:\/\/www.ocorreionews.com.br\/acervo-correio\/index.php?rest_route=%2Fwp%2Fv2%2Ftags&post=241769"}],"curies":[{"name":"wp","href":"https:\/\/api.w.org\/{rel}","templated":true}]}}