{"id":241796,"date":"2023-06-06T15:28:39","date_gmt":"2023-06-06T19:28:39","guid":{"rendered":"https:\/\/www.ocorreionews.com.br\/acervo-correio\/?p=241796"},"modified":"2023-06-06T15:28:39","modified_gmt":"2023-06-06T19:28:39","slug":"pms-que-perseguiram-e-agrediram-jornalista-sao-transferidos-para-a-capital","status":"publish","type":"post","link":"https:\/\/www.ocorreionews.com.br\/acervo-correio\/?p=241796","title":{"rendered":"PMs que perseguiram e agrediram jornalista s\u00e3o transferidos para a Capital"},"content":{"rendered":"<p>Os quatro policiais militares acusados pela a\u00e7\u00e3o ilegal contra o jornalista Sandro de Almeida Ara\u00fajo, 46, sexta-feira (2) em Nova Andradina (a 298 km de Campo Grande), foram transferidos para o Batalh\u00e3o de Guarda e Escolta, na Capital. A transfer\u00eancia foi publicada hoje (6) no Di\u00e1rio Oficial de Mato Grosso do Sul.<\/p>\n<p>O subtenente Jos\u00e9 dos Santos de Moraes, o terceiro-sargento Luiz Antonio Graciano de Oliveira Junior, o terceiro-sargento Marco Aur\u00e9lio Nunes Pereira e o cabo Elizeu Teixeira Neves s\u00e3o acusados de perseguir, agredir e praticar tortura psicol\u00f3gica contra o jornalista. A v\u00edtima denunciou o caso na Pol\u00edcia Civil como abuso de autoridade, j\u00e1 que n\u00e3o existia mandado de busca determinado pela Justi\u00e7a.<\/p>\n<p>Mesmo n\u00e3o sendo alvo de qualquer investiga\u00e7\u00e3o, Sandro foi perseguido por duas viaturas descaracterizadas ocupadas por quatro policiais \u00e0 paisana, impedido de entrar em casa, imobilizado com golpe \u201cmata-le\u00e3o\u201d, jogado ao ch\u00e3o, agredido e revistado, na manh\u00e3 de sexta-feira. As cenas foram gravadas por c\u00e2meras de seguran\u00e7a.<\/p>\n<p>Luiz Antonio Graciano de Oliveira Junior estava lotado atualmente no Batalh\u00e3o da Pol\u00edcia Militar Ambiental em Bonito. Antes, trabalhava em Nova Andradina. Os outros tr\u00eas acusados estavam lotados no 8\u00ba BPM, em Nova Andradina.<\/p>\n<p>Ontem, A Secretaria Estadual de Governo e Gest\u00e3o Estrat\u00e9gica cancelou a designa\u00e7\u00e3o do tenente-coronel Jos\u00e9 Roberto Nobres de Souza para cargo de confian\u00e7a na Casa Militar, \u00f3rg\u00e3o respons\u00e1vel pela seguran\u00e7a institucional do governador Eduardo Riedel e do vice-governador Jos\u00e9 Carlos Barbosa.<\/p>\n<p>Jos\u00e9 Roberto comandou o 8\u00ba Batalh\u00e3o da PM de Nova Andradina por tr\u00eas anos e deixou cargo na sexta-feira, horas ap\u00f3s a a\u00e7\u00e3o ilegal contra o jornalista. A designa\u00e7\u00e3o dele para atuar no setor de intelig\u00eancia da Casa Militar havia sido determinada em 23 de maio. A Secretaria de Governo n\u00e3o informou o motivo do cancelamento.<\/p>\n<p>A Pol\u00edcia Militar de Mato Grosso do Sul informou que j\u00e1 instaurou procedimento interno para investigar a atua\u00e7\u00e3o dos policiais militares.<\/p>\n<p>&nbsp;<\/p>\n<p>O Campo Grande News apurou que apenas o terceiro-sargento Marco Aur\u00e9lio Nunes Pereira estava de servi\u00e7o na sexta-feira. O terceiro-sargento Luiz Antonio estava de atestado, o cabo Elizeu Teixeira Neves de folga e o subtenente Jos\u00e9 dos Santos de Moraes deveria estar atuando em Bonito. Segundo den\u00fancia do jornalista \u00e0 Pol\u00edcia Civil, os policiais disseram que estavam \u201ccumprindo ordens\u201d.<\/p>\n<p>Editor do site Jornal da Nova, Sandro Ara\u00fajo teria sido acusado de instalar faixas e soltar fogos de artif\u00edcio para comemorar a troca de comando no 8\u00ba Batalh\u00e3o. Ele teve diverg\u00eancias com o tenente-coronel Jos\u00e9 Roberto no per\u00edodo em que o oficial comandou a PM em Nova Andradina.<\/p>\n<p>Segundo o jornalista, o comandante fez duas representa\u00e7\u00f5es contra ele na pol\u00edcia, para obrig\u00e1-lo a revelar fontes de reportagens sobre a seguran\u00e7a p\u00fablica. O sigilo de fonte \u00e9 garantido pela Constitui\u00e7\u00e3o Federal. &#8211; CREDITO: CAMPO GRANDE NEWS<\/p>\n","protected":false},"excerpt":{"rendered":"<p>Os quatro policiais militares acusados pela a\u00e7\u00e3o ilegal contra o jornalista Sandro de Almeida Ara\u00fajo, 46, sexta-feira (2) em Nova Andradina (a 298 km de Campo Grande), foram transferidos para o Batalh\u00e3o de Guarda e Escolta, na Capital. A transfer\u00eancia foi publicada hoje (6) no Di\u00e1rio Oficial de Mato Grosso do Sul. O subtenente Jos\u00e9 [&hellip;]<\/p>\n","protected":false},"author":4,"featured_media":241799,"comment_status":"closed","ping_status":"closed","sticky":false,"template":"","format":"standard","meta":{"footnotes":""},"categories":[38],"tags":[],"class_list":["post-241796","post","type-post","status-publish","format-standard","has-post-thumbnail","hentry","category-policia"],"_links":{"self":[{"href":"https:\/\/www.ocorreionews.com.br\/acervo-correio\/index.php?rest_route=\/wp\/v2\/posts\/241796","targetHints":{"allow":["GET"]}}],"collection":[{"href":"https:\/\/www.ocorreionews.com.br\/acervo-correio\/index.php?rest_route=\/wp\/v2\/posts"}],"about":[{"href":"https:\/\/www.ocorreionews.com.br\/acervo-correio\/index.php?rest_route=\/wp\/v2\/types\/post"}],"author":[{"embeddable":true,"href":"https:\/\/www.ocorreionews.com.br\/acervo-correio\/index.php?rest_route=\/wp\/v2\/users\/4"}],"replies":[{"embeddable":true,"href":"https:\/\/www.ocorreionews.com.br\/acervo-correio\/index.php?rest_route=%2Fwp%2Fv2%2Fcomments&post=241796"}],"version-history":[{"count":1,"href":"https:\/\/www.ocorreionews.com.br\/acervo-correio\/index.php?rest_route=\/wp\/v2\/posts\/241796\/revisions"}],"predecessor-version":[{"id":241800,"href":"https:\/\/www.ocorreionews.com.br\/acervo-correio\/index.php?rest_route=\/wp\/v2\/posts\/241796\/revisions\/241800"}],"wp:featuredmedia":[{"embeddable":true,"href":"https:\/\/www.ocorreionews.com.br\/acervo-correio\/index.php?rest_route=\/wp\/v2\/media\/241799"}],"wp:attachment":[{"href":"https:\/\/www.ocorreionews.com.br\/acervo-correio\/index.php?rest_route=%2Fwp%2Fv2%2Fmedia&parent=241796"}],"wp:term":[{"taxonomy":"category","embeddable":true,"href":"https:\/\/www.ocorreionews.com.br\/acervo-correio\/index.php?rest_route=%2Fwp%2Fv2%2Fcategories&post=241796"},{"taxonomy":"post_tag","embeddable":true,"href":"https:\/\/www.ocorreionews.com.br\/acervo-correio\/index.php?rest_route=%2Fwp%2Fv2%2Ftags&post=241796"}],"curies":[{"name":"wp","href":"https:\/\/api.w.org\/{rel}","templated":true}]}}