{"id":241806,"date":"2023-06-06T16:05:08","date_gmt":"2023-06-06T20:05:08","guid":{"rendered":"https:\/\/www.ocorreionews.com.br\/acervo-correio\/?p=241806"},"modified":"2023-06-06T16:05:08","modified_gmt":"2023-06-06T20:05:08","slug":"crianca-de-6-anos-morre-apos-ser-picada-por-escorpiao-em-goias","status":"publish","type":"post","link":"https:\/\/www.ocorreionews.com.br\/acervo-correio\/?p=241806","title":{"rendered":"Crian\u00e7a de 6 anos morre ap\u00f3s ser picada por escorpi\u00e3o em Goi\u00e1s"},"content":{"rendered":"<div id=\"chunk-fn9ab\">\n<div class=\"mc-column content-text active-extra-styles \" data-block-type=\"unstyled\" data-block-weight=\"48\" data-block-id=\"3\">\n<p class=\"content-text__container \" data-track-category=\"Link no Texto\" data-track-links=\"\">Um menino de apenas 6 anos morreu, na \u00faltima segunda-feira (5), ap\u00f3s ser picado por um escorpi\u00e3o quando estava dentro de casa, em Morrinhos, regi\u00e3o Sul do estado. Lorenzo Ferreira de Almeida chegou a ser levada para o Hospital de Doen\u00e7as Tropicais (HDT), em Goi\u00e2nia, mas n\u00e3o resistiu.<\/p>\n<p data-track-category=\"Link no Texto\" data-track-links=\"\">\n<\/div>\n<\/div>\n<div class=\"wall protected-content\">\n<div id=\"chunk-ctua2\">\n<div class=\"mc-column content-text active-extra-styles \" data-block-type=\"unstyled\" data-block-weight=\"44\" data-block-id=\"5\">\n<p class=\"content-text__container \" data-track-category=\"Link no Texto\" data-track-links=\"\">Lorenzo deu entrada na emerg\u00eancia do Hospital Municipal de Morrinhos no s\u00e1bado, 3 de junho, com &#8220;com quadro de v\u00f4mitos, hiperemia (aumento de circula\u00e7\u00e3o do sangue em determinada regi\u00e3o do corpo) e fraqueza&#8221;. &#8220;Estava consciente, sem dor no local da picada&#8221;, informou a unidade.<\/p>\n<p data-track-category=\"Link no Texto\" data-track-links=\"\">\n<\/div>\n<\/div>\n<div id=\"chunk-5spbi\">\n<div class=\"mc-column content-text active-extra-styles \" data-block-type=\"unstyled\" data-block-weight=\"40\" data-block-id=\"6\">\n<p class=\"content-text__container \" data-track-category=\"Link no Texto\" data-track-links=\"\">No mesmo dia, o menino foi transferido para o HDT e, segundo um tio, chegou a ficar na unidade de terapia intensiva (UTI) e teve piora em seu quadro, mesmo com a administra\u00e7\u00e3o do ant\u00eddoto para o veneno do escorpi\u00e3o.<\/p>\n<\/div>\n<\/div>\n<p>&nbsp;<\/p>\n<div id=\"chunk-6qfrj\">\n<div class=\"mc-column content-text active-extra-styles \" data-block-type=\"unstyled\" data-block-weight=\"28\" data-block-id=\"10\">\n<p class=\"content-text__container \" data-track-category=\"Link no Texto\" data-track-links=\"\">O vel\u00f3rio de Lorenzo acontece na manh\u00e3 desta ter\u00e7a-feira (6), em Morrinhos. O sepultamento no Cemit\u00e9rio Municipal S\u00e3o Francisco de Assis est\u00e1 previsto para ocorrer \u00e0s 17h.<\/p>\n<p data-track-category=\"Link no Texto\" data-track-links=\"\">\n<\/div>\n<\/div>\n<div class=\"mc-column content-text active-extra-styles\" data-block-type=\"raw\" data-block-weight=\"4\" data-block-id=\"11\">\n<p class=\"content-text__container\">\n<div class=\"content-intertitle\">\n<h2>\u201cVoc\u00ea \u00e9 um guerreiro!\u201d<\/h2>\n<p>&nbsp;<\/p>\n<\/div>\n<p>&nbsp;<\/p>\n<\/div>\n<div id=\"chunk-8p91a\">\n<div class=\"mc-column content-text active-extra-styles \" data-block-type=\"unstyled\" data-block-weight=\"38\" data-block-id=\"12\">\n<p class=\"content-text__container \" data-track-category=\"Link no Texto\" data-track-links=\"\">Pelas redes sociais, Bruna Cristynna, m\u00e3e de Lorenzo compartilhou homenagens para o filho publicadas por v\u00e1rias pessoas. \u201cOlha, filho, quantas pessoas v\u00e3o sentir sua falta&#8230; Voc\u00ea \u00e9 um guerreiro! Agora voc\u00ea \u00e9 a estrelinha mais linda do c\u00e9u.\u201d<\/p>\n<\/div>\n<\/div>\n<div id=\"chunk-e03pr\">\n<div class=\"mc-column content-text active-extra-styles \" data-block-type=\"unstyled\" data-block-weight=\"17\" data-block-id=\"13\">\n<p class=\"content-text__container \" data-track-category=\"Link no Texto\" data-track-links=\"\">\u201cVoc\u00ea \u00e9 perfeito demais para estar nesse mundo. Por isso Deus te chamou para perto Dele\u201d, escreveu.<\/p>\n<p data-track-category=\"Link no Texto\" data-track-links=\"\">\n<\/div>\n<\/div>\n<div id=\"chunk-esvb5\">\n<div class=\"mc-column content-text active-extra-styles \" data-block-type=\"unstyled\" data-block-weight=\"36\" data-block-id=\"14\">\n<p class=\"content-text__container \" data-track-category=\"Link no Texto\" data-track-links=\"\">Tamb\u00e9m pelas redes sociais, a Prefeitura de Morrinhos divulgou uma nota de pesar pela morte da crian\u00e7a. \u201cPedimos a todos que, neste momento e profunda dor, direcionem suas preces para que toda sua fam\u00edlia seja confortada\u201d.<\/p>\n<p data-track-category=\"Link no Texto\" data-track-links=\"\">\n<\/div>\n<\/div>\n<div id=\"chunk-7ar4n\">\n<div class=\"row medium-uncollapsed content-media content-photo\" data-block-type=\"backstage-photo\" data-block-id=\"15\">\n<div class=\" mc-column  content-media__container\">\n<div class=\"content-media-container glb-skeleton-box\">\n<figure class=\"content-media-figure\">\n<p><figure style=\"width: 647px\" class=\"wp-caption aligncenter\"><img loading=\"lazy\" decoding=\"async\" class=\"i-amphtml-fill-content i-amphtml-replaced-content\" src=\"https:\/\/s2-g1.glbimg.com\/1jkvnqW5nwQitNIJOAQwLEnSx4Y=\/0x0:1700x1065\/984x0\/smart\/filters:strip_icc()\/i.s3.glbimg.com\/v1\/AUTH_59edd422c0c84a879bd37670ae4f538a\/internal_photos\/bs\/2023\/x\/E\/634qk8Q5CTLqc8v77ndw\/lorenzo.jpg\" sizes=\"auto, (max-width: 1366px) 648px, 100vw\" srcset=\"https:\/\/s2-g1.glbimg.com\/Nc6c08ahytQ2nmU6DN1fd_8vxhs=\/0x0:1700x1065\/1000x0\/smart\/filters:strip_icc()\/i.s3.glbimg.com\/v1\/AUTH_59edd422c0c84a879bd37670ae4f538a\/internal_photos\/bs\/2023\/x\/E\/634qk8Q5CTLqc8v77ndw\/lorenzo.jpg 1000w, https:\/\/s2-g1.glbimg.com\/1jkvnqW5nwQitNIJOAQwLEnSx4Y=\/0x0:1700x1065\/984x0\/smart\/filters:strip_icc()\/i.s3.glbimg.com\/v1\/AUTH_59edd422c0c84a879bd37670ae4f538a\/internal_photos\/bs\/2023\/x\/E\/634qk8Q5CTLqc8v77ndw\/lorenzo.jpg 984w, https:\/\/s2-g1.glbimg.com\/kCpCTvozS9Eq_dQmuzMpybQ04dM=\/0x0:1700x1065\/640x0\/smart\/filters:strip_icc()\/i.s3.glbimg.com\/v1\/AUTH_59edd422c0c84a879bd37670ae4f538a\/internal_photos\/bs\/2023\/x\/E\/634qk8Q5CTLqc8v77ndw\/lorenzo.jpg 640w, https:\/\/s2-g1.glbimg.com\/dDZjctWO1yFpalZ5LD8z3K1T0vc=\/0x0:1700x1065\/600x0\/smart\/filters:strip_icc()\/i.s3.glbimg.com\/v1\/AUTH_59edd422c0c84a879bd37670ae4f538a\/internal_photos\/bs\/2023\/x\/E\/634qk8Q5CTLqc8v77ndw\/lorenzo.jpg 600w\" alt=\"Lorenzo ser\u00e1 sepultado em Morrinhos \u2014 Foto: Reprodu\u00e7\u00e3o\/Redes sociais\" width=\"647\" height=\"405\" \/><figcaption class=\"wp-caption-text\">Lorenzo ser\u00e1 sepultado em Morrinhos \u2014 Foto: Reprodu\u00e7\u00e3o\/Redes sociais<\/figcaption><\/figure><\/figure>\n<\/div>\n<p class=\"content-media__description  \">\n<p class=\"content-publication-data__from\" title=\"Ton Paulo, g1 Goi\u00e1s\">Por Ton Paulo, g1 Goi\u00e1s<\/p>\n<\/div>\n<\/div>\n<\/div>\n<\/div>\n","protected":false},"excerpt":{"rendered":"<p>Um menino de apenas 6 anos morreu, na \u00faltima segunda-feira (5), ap\u00f3s ser picado por um escorpi\u00e3o quando estava dentro de casa, em Morrinhos, regi\u00e3o Sul do estado. Lorenzo Ferreira de Almeida chegou a ser levada para o Hospital de Doen\u00e7as Tropicais (HDT), em Goi\u00e2nia, mas n\u00e3o resistiu. Lorenzo deu entrada na emerg\u00eancia do Hospital [&hellip;]<\/p>\n","protected":false},"author":5,"featured_media":241807,"comment_status":"closed","ping_status":"closed","sticky":false,"template":"","format":"standard","meta":{"footnotes":""},"categories":[141],"tags":[],"class_list":["post-241806","post","type-post","status-publish","format-standard","has-post-thumbnail","hentry","category-goias"],"_links":{"self":[{"href":"https:\/\/www.ocorreionews.com.br\/acervo-correio\/index.php?rest_route=\/wp\/v2\/posts\/241806","targetHints":{"allow":["GET"]}}],"collection":[{"href":"https:\/\/www.ocorreionews.com.br\/acervo-correio\/index.php?rest_route=\/wp\/v2\/posts"}],"about":[{"href":"https:\/\/www.ocorreionews.com.br\/acervo-correio\/index.php?rest_route=\/wp\/v2\/types\/post"}],"author":[{"embeddable":true,"href":"https:\/\/www.ocorreionews.com.br\/acervo-correio\/index.php?rest_route=\/wp\/v2\/users\/5"}],"replies":[{"embeddable":true,"href":"https:\/\/www.ocorreionews.com.br\/acervo-correio\/index.php?rest_route=%2Fwp%2Fv2%2Fcomments&post=241806"}],"version-history":[{"count":1,"href":"https:\/\/www.ocorreionews.com.br\/acervo-correio\/index.php?rest_route=\/wp\/v2\/posts\/241806\/revisions"}],"predecessor-version":[{"id":241808,"href":"https:\/\/www.ocorreionews.com.br\/acervo-correio\/index.php?rest_route=\/wp\/v2\/posts\/241806\/revisions\/241808"}],"wp:featuredmedia":[{"embeddable":true,"href":"https:\/\/www.ocorreionews.com.br\/acervo-correio\/index.php?rest_route=\/wp\/v2\/media\/241807"}],"wp:attachment":[{"href":"https:\/\/www.ocorreionews.com.br\/acervo-correio\/index.php?rest_route=%2Fwp%2Fv2%2Fmedia&parent=241806"}],"wp:term":[{"taxonomy":"category","embeddable":true,"href":"https:\/\/www.ocorreionews.com.br\/acervo-correio\/index.php?rest_route=%2Fwp%2Fv2%2Fcategories&post=241806"},{"taxonomy":"post_tag","embeddable":true,"href":"https:\/\/www.ocorreionews.com.br\/acervo-correio\/index.php?rest_route=%2Fwp%2Fv2%2Ftags&post=241806"}],"curies":[{"name":"wp","href":"https:\/\/api.w.org\/{rel}","templated":true}]}}