{"id":241814,"date":"2023-06-07T07:13:30","date_gmt":"2023-06-07T11:13:30","guid":{"rendered":"https:\/\/www.ocorreionews.com.br\/acervo-correio\/?p=241814"},"modified":"2023-06-07T07:13:30","modified_gmt":"2023-06-07T11:13:30","slug":"relatorio-de-impacto-ambiental-da-pch-peixe-no-rio-apore-e-publicado","status":"publish","type":"post","link":"https:\/\/www.ocorreionews.com.br\/acervo-correio\/?p=241814","title":{"rendered":"Relat\u00f3rio de Impacto Ambiental da PCH Peixe, no rio Apor\u00e9, \u00e9 publicado"},"content":{"rendered":"<p>Foi publicado na edi\u00e7\u00e3o 11.177 desta segunda-feira (05\/06) do Di\u00e1rio Oficial do Estado de Mato Grosso do Sul, o Edital da Secretaria de Estado de Meio Ambiente, Desenvolvimento, Ci\u00eancia, Tecnologia e Inova\u00e7\u00e3o &#8211; SEMADESC e do Instituto de Meio Ambiente de Mato Grosso do Sul \u2013 IMASUL, tornando p\u00fablico o Relat\u00f3rio de Impacto Ambiental \u2013 RIMA, apresentado \u00e0quela Secretaria pela Peixe Gera\u00e7\u00e3o de Energia El\u00e9trica SPE Ltda para an\u00e1lise do requerimento de Licen\u00e7a Pr\u00e9via (LP) para Pequena Central Hidrel\u00e9trica \u2013 PCH, com capacidade acima de 10 MW (C\u00f3d. 2.66.4) na Ch\u00e1cara Buritizinho, munic\u00edpio de Cassil\u00e2ndia\/MS.<\/p>\n<p>Segundo a publica\u00e7\u00e3o, referido relat\u00f3rio encontra-se \u00e0 disposi\u00e7\u00e3o de qualquer interessado, atrav\u00e9s <a href=\"https:\/\/www.imasul.ms.gov.br\/wp-content\/uploads\/2023\/06\/RIMA-PCH-Peixe.pdf\" target=\"_blank\" rel=\"noopener\"><strong>DESTE LINK<\/strong><\/a>, pelo prazo m\u00e1ximo de 45 (quarenta e cinco) dias, para conhecimento e solicita\u00e7\u00e3o de Audi\u00eancia P\u00fablica, atendendo o disposto na Resolu\u00e7\u00e3o CONAMA n. 009 de 03 de dezembro de 1987.<\/p>\n<div id=\"taboola-mid-article\" class=\"d-print-none my-3\"><\/div>\n<p>O Edital \u00e9 assinado por Jaime Elias Verruck (Secretaria de Estado de Meio Ambiente, Desenvolvimento, Ci\u00eancia, Tecnologia e Inova\u00e7\u00e3o) e Andr\u00e9 Borges Barros de Ara\u00fajo (Diretor Presidente do Instituto de Meio Ambiente de Mato Grosso do Sul).<\/p>\n<p>Cassilandianoticias<\/p>\n","protected":false},"excerpt":{"rendered":"<p>Foi publicado na edi\u00e7\u00e3o 11.177 desta segunda-feira (05\/06) do Di\u00e1rio Oficial do Estado de Mato Grosso do Sul, o Edital da Secretaria de Estado de Meio Ambiente, Desenvolvimento, Ci\u00eancia, Tecnologia e Inova\u00e7\u00e3o &#8211; SEMADESC e do Instituto de Meio Ambiente de Mato Grosso do Sul \u2013 IMASUL, tornando p\u00fablico o Relat\u00f3rio de Impacto Ambiental \u2013 [&hellip;]<\/p>\n","protected":false},"author":4,"featured_media":241815,"comment_status":"closed","ping_status":"closed","sticky":false,"template":"","format":"standard","meta":{"footnotes":""},"categories":[21],"tags":[],"class_list":["post-241814","post","type-post","status-publish","format-standard","has-post-thumbnail","hentry","category-cassilandia"],"_links":{"self":[{"href":"https:\/\/www.ocorreionews.com.br\/acervo-correio\/index.php?rest_route=\/wp\/v2\/posts\/241814","targetHints":{"allow":["GET"]}}],"collection":[{"href":"https:\/\/www.ocorreionews.com.br\/acervo-correio\/index.php?rest_route=\/wp\/v2\/posts"}],"about":[{"href":"https:\/\/www.ocorreionews.com.br\/acervo-correio\/index.php?rest_route=\/wp\/v2\/types\/post"}],"author":[{"embeddable":true,"href":"https:\/\/www.ocorreionews.com.br\/acervo-correio\/index.php?rest_route=\/wp\/v2\/users\/4"}],"replies":[{"embeddable":true,"href":"https:\/\/www.ocorreionews.com.br\/acervo-correio\/index.php?rest_route=%2Fwp%2Fv2%2Fcomments&post=241814"}],"version-history":[{"count":1,"href":"https:\/\/www.ocorreionews.com.br\/acervo-correio\/index.php?rest_route=\/wp\/v2\/posts\/241814\/revisions"}],"predecessor-version":[{"id":241816,"href":"https:\/\/www.ocorreionews.com.br\/acervo-correio\/index.php?rest_route=\/wp\/v2\/posts\/241814\/revisions\/241816"}],"wp:featuredmedia":[{"embeddable":true,"href":"https:\/\/www.ocorreionews.com.br\/acervo-correio\/index.php?rest_route=\/wp\/v2\/media\/241815"}],"wp:attachment":[{"href":"https:\/\/www.ocorreionews.com.br\/acervo-correio\/index.php?rest_route=%2Fwp%2Fv2%2Fmedia&parent=241814"}],"wp:term":[{"taxonomy":"category","embeddable":true,"href":"https:\/\/www.ocorreionews.com.br\/acervo-correio\/index.php?rest_route=%2Fwp%2Fv2%2Fcategories&post=241814"},{"taxonomy":"post_tag","embeddable":true,"href":"https:\/\/www.ocorreionews.com.br\/acervo-correio\/index.php?rest_route=%2Fwp%2Fv2%2Ftags&post=241814"}],"curies":[{"name":"wp","href":"https:\/\/api.w.org\/{rel}","templated":true}]}}