{"id":241837,"date":"2023-06-07T08:19:25","date_gmt":"2023-06-07T12:19:25","guid":{"rendered":"https:\/\/www.ocorreionews.com.br\/acervo-correio\/?p=241837"},"modified":"2023-06-07T08:19:25","modified_gmt":"2023-06-07T12:19:25","slug":"aluno-costariquense-conquista-medalha-de-bronze-na-olimpiada-brasileira-de-matematica","status":"publish","type":"post","link":"https:\/\/www.ocorreionews.com.br\/acervo-correio\/?p=241837","title":{"rendered":"Aluno costariquense conquista medalha de bronze na Olimp\u00edada Brasileira de Matem\u00e1tica"},"content":{"rendered":"<div class=\"ntc_cont_descricao_noticia sw_txteditor\">\n<div>Isa\u00edas de Oliveira de Paula, de 15 anos, aluno da Escola Municipal Vale do Amanhecer em Costa Rica, \u00e9 medalha de bronze na OBMEP (Olimp\u00edada Brasileira de Matem\u00e1tica das Escolas P\u00fablicas). A premia\u00e7\u00e3o faz parte da 17\u00aa edi\u00e7\u00e3o, realizada em 2022, entre alunos de todo pa\u00eds.<\/p>\n<p>A OBMEP \u00e9 dirigida aos alunos do 6\u00ba ao 9\u00ba ano do Ensino Fundamental e aos alunos do Ensino M\u00e9dio de escolas p\u00fablicas municipais, estaduais, federais e de escolas privadas, bem como aos respectivos professores, escolas e secretarias de educa\u00e7\u00e3o, localizados no territ\u00f3rio brasileiro.<\/p>\n<p>\u201cA olimp\u00edada \u00e9 uma importante ferramenta para estimular e promover o estudo da Matem\u00e1tica, contribuindo para a melhoria da qualidade da educa\u00e7\u00e3o b\u00e1sica al\u00e9m de identificar jovens talentos nas \u00e1reas cient\u00edficas e tecnol\u00f3gicas. Parab\u00e9ns Isa\u00edas por seu desempenho e dedica\u00e7\u00e3o e pela conquista da medalha para Costa Rica, comprovando que a Rede Municipal de Ensino est\u00e1 no caminho certo\u201d, afirmou o prefeito de Costa Rica, delegado Cleverson Alves, ao receber o estudante.<\/p>\n<p>Isa\u00edas conta que al\u00e9m dos professores, sua maior influ\u00eancia para a matem\u00e1tica veio do pai, o guarda Joaquim Neves de Paula, que faleceu em 2020. \u201cEle sempre me incentivou e foi minha maior inspira\u00e7\u00e3o at\u00e9 os 13 anos, me ensinou o m\u00e9todo sudoku, que faz muita diferen\u00e7a nas disputas das olimp\u00edadas\u201d, relembra ele.<\/p>\n<p>O estudante tamb\u00e9m destacou que seu desejo \u00e9 inspirar outros jovens. \u201c\u00c9 uma honra e uma grande responsabilidade representar Costa Rica, ter gente confiando e apostando em mim, meu objetivo \u00e9 motivar outras pessoas \u201d, disse o adolescente.<\/p>\n<p>Al\u00e9m da OBMEP, em 2022 Isa\u00edas tamb\u00e9m faturou medalha de ouro na 2\u00aa ONEE (Olimp\u00edada Nacional de Efici\u00eancia Energ\u00e9tica), que tem como objetivo promover o conhecimento sobre o uso eficiente da energia e formas de combater o seu desperd\u00edcio. A ONEE \u00e9 uma iniciativa da Aneel (Ag\u00eancia Nacional de Energia El\u00e9trica), que conta com a coordena\u00e7\u00e3o do Instituto da Abradee (Associa\u00e7\u00e3o Brasileira de Distribuidores de Energia El\u00e9trica) e com a realiza\u00e7\u00e3o de concession\u00e1rias de energia que operam em 22 estados e no Distrito Federal.<\/p>\n<p>A diretora da Escola Municipal Vale do Amanhecer, Deuz\u00e9lia Aparecida de Souza Menezes, ressaltou a dedica\u00e7\u00e3o do estudante nas duas etapas da OBMEP e na ONEE. \u201cIsa\u00edas \u00e9 um aluno muito dedicado e compromissado. Desejamos sucesso e cada vez mais conquistas em sua trajet\u00f3ria escolar \u201d, completa a diretora.<\/p>\n<p>A coordenadora da institui\u00e7\u00e3o, Louizyanne Morila, tamb\u00e9m elogiou o curr\u00edculo escolar do aluno. \u201cEle \u00e9 exemplar, al\u00e9m de um excelente aluno com \u00f3timas notas, \u00e9 uma pessoa prestativa e carism\u00e1tica\u201d, ressaltou ela.<\/p>\n<p>A edi\u00e7\u00e3o de 2023 da OBMEP j\u00e1 est\u00e1 em andamento. A prova da 1\u00aa fase foi realizada no dia 30 de maio e a 2\u00aa fase acontece no dia 7 de outubro. A divulga\u00e7\u00e3o dos premiados da 18\u00aa OBMP acontece no dia 20 de dezembro.<\/p><\/div>\n<\/div>\n<div><\/div>\n<div class=\"ntc_area_info_noticia sw_lato\">\n<div>\n<div class=\"ntc_info_noticia\"><strong class=\"sw_lato_black\">Fonte: <\/strong>Assessoria de Comunica\u00e7\u00e3o,<strong class=\"sw_lato_black\">\u00a0<\/strong>Angela Bezerra<\/div>\n<\/div>\n<\/div>\n","protected":false},"excerpt":{"rendered":"<p>Isa\u00edas de Oliveira de Paula, de 15 anos, aluno da Escola Municipal Vale do Amanhecer em Costa Rica, \u00e9 medalha de bronze na OBMEP (Olimp\u00edada Brasileira de Matem\u00e1tica das Escolas P\u00fablicas). A premia\u00e7\u00e3o faz parte da 17\u00aa edi\u00e7\u00e3o, realizada em 2022, entre alunos de todo pa\u00eds. A OBMEP \u00e9 dirigida aos alunos do 6\u00ba ao [&hellip;]<\/p>\n","protected":false},"author":5,"featured_media":241839,"comment_status":"closed","ping_status":"closed","sticky":false,"template":"","format":"standard","meta":{"footnotes":""},"categories":[25],"tags":[],"class_list":["post-241837","post","type-post","status-publish","format-standard","has-post-thumbnail","hentry","category-costa-rica"],"_links":{"self":[{"href":"https:\/\/www.ocorreionews.com.br\/acervo-correio\/index.php?rest_route=\/wp\/v2\/posts\/241837","targetHints":{"allow":["GET"]}}],"collection":[{"href":"https:\/\/www.ocorreionews.com.br\/acervo-correio\/index.php?rest_route=\/wp\/v2\/posts"}],"about":[{"href":"https:\/\/www.ocorreionews.com.br\/acervo-correio\/index.php?rest_route=\/wp\/v2\/types\/post"}],"author":[{"embeddable":true,"href":"https:\/\/www.ocorreionews.com.br\/acervo-correio\/index.php?rest_route=\/wp\/v2\/users\/5"}],"replies":[{"embeddable":true,"href":"https:\/\/www.ocorreionews.com.br\/acervo-correio\/index.php?rest_route=%2Fwp%2Fv2%2Fcomments&post=241837"}],"version-history":[{"count":1,"href":"https:\/\/www.ocorreionews.com.br\/acervo-correio\/index.php?rest_route=\/wp\/v2\/posts\/241837\/revisions"}],"predecessor-version":[{"id":241840,"href":"https:\/\/www.ocorreionews.com.br\/acervo-correio\/index.php?rest_route=\/wp\/v2\/posts\/241837\/revisions\/241840"}],"wp:featuredmedia":[{"embeddable":true,"href":"https:\/\/www.ocorreionews.com.br\/acervo-correio\/index.php?rest_route=\/wp\/v2\/media\/241839"}],"wp:attachment":[{"href":"https:\/\/www.ocorreionews.com.br\/acervo-correio\/index.php?rest_route=%2Fwp%2Fv2%2Fmedia&parent=241837"}],"wp:term":[{"taxonomy":"category","embeddable":true,"href":"https:\/\/www.ocorreionews.com.br\/acervo-correio\/index.php?rest_route=%2Fwp%2Fv2%2Fcategories&post=241837"},{"taxonomy":"post_tag","embeddable":true,"href":"https:\/\/www.ocorreionews.com.br\/acervo-correio\/index.php?rest_route=%2Fwp%2Fv2%2Ftags&post=241837"}],"curies":[{"name":"wp","href":"https:\/\/api.w.org\/{rel}","templated":true}]}}