{"id":241838,"date":"2023-06-07T09:32:08","date_gmt":"2023-06-07T13:32:08","guid":{"rendered":"https:\/\/www.ocorreionews.com.br\/acervo-correio\/?p=241838"},"modified":"2023-06-07T09:32:08","modified_gmt":"2023-06-07T13:32:08","slug":"em-sua-2a-edicao-camara-homenageia-14-mulheres-que-inspiram","status":"publish","type":"post","link":"https:\/\/www.ocorreionews.com.br\/acervo-correio\/?p=241838","title":{"rendered":"Em sua 2\u00aa edi\u00e7\u00e3o C\u00e2mara homenageia 14 \u201cMulheres que Inspiram\u201d"},"content":{"rendered":"<div class=\"noticia row\">\n<div class=\"texto\">\n<p>A C\u00e2mara de Vereadores promoveu no dia 26 de maio a sess\u00e3o solene de Distin\u00e7\u00e3o Honor\u00edfica \u201cMulheres que Inspiram\u201d 2023. A 2\u00aa edi\u00e7\u00e3o da honraria premiou 14 mulheres que se destacaram \u00e0 frente de institui\u00e7\u00f5es p\u00fablicas e privadas e que contribu\u00edram o para o desenvolvimento de Costa Rica.<\/p>\n<p>&nbsp;<\/p>\n<p>O presidente da Casa, Ailton Martins de Amorim (MDB), agradeceu a presen\u00e7a de todos e falou sobre a distin\u00e7\u00e3o.<\/p>\n<p>&nbsp;<\/p>\n<p>\u201cAgrade\u00e7o a todos os colegas vereadores pelas escolhas dessas mulheres, senhoras e jovens aqui presentes que independente da idade inspiram a nossa sociedade, aos servidores que fizeram com que o evento fosse poss\u00edvel os nossos parab\u00e9ns em nome da Casa de Leis\u201d, disse o presidente.<\/p>\n<p>&nbsp;<\/p>\n<p>O prefeito de Costa Rica, Cleverson Alves dos Santos teve como homenageada a dona do lar Venirce F\u00e9lix da Silva, ao final do evento ele parabenizou a C\u00e2mara.<\/p>\n<p>&nbsp;<\/p>\n<p>\u201cEm especial queria parabenizar a professora Manuelina por este brilhante projeto para que possamos elogiar e homenagear as Mulheres que Inspiram, e inspiram em vida o que \u00e9 muito importante. Em especial deixar a minha alegria em homenagear a dona Vernice no qual tive o privil\u00e9gio de conhecer quando atuei como delegado, onde ela com muito esfor\u00e7o e dificuldade financeira cuidava de v\u00e1rias crian\u00e7as, uma Casa Lar. Parab\u00e9ns a todas as mulheres e que Deus aben\u00e7oe a cada uma de voc\u00eas\u201d, disse o prefeito.<\/p>\n<p>&nbsp;<\/p>\n<p>A sess\u00e3o foi realizada no Plen\u00e1rio de Delibera\u00e7\u00f5es Simino Jorge de Oliveira e reuniu mais de 75 pessoas entre homenageadas, familiares, secret\u00e1rios municipais e amigos.<\/p>\n<p>&nbsp;<\/p>\n<p>Conforme o protocolo do evento, o foi reproduzido um v\u00eddeo retratando a biografia das personagens e em seguida uma breve mensagem das autoridades \u00e0s protagonistas da festa.<\/p>\n<p>&nbsp;<\/p>\n<p>Convidadas a estarem \u00e0 frente da tribuna, as mulheres receberam a distin\u00e7\u00e3o e o broche \u201cMulheres que Inspiram\u201d.<\/p>\n<p>&nbsp;<\/p>\n<p>&nbsp;<\/p>\n<p>&nbsp;<\/p>\n<p>Homenageadas<\/p>\n<p>&nbsp;<\/p>\n<p>Entre as homenageadas esteve a m\u00e9dica do ESF Central, Rianny Flavia Pereira de Oliveira indicada coletivamente pela C\u00e2mara Municipal de Vereadores.<\/p>\n<p>&nbsp;<\/p>\n<p>Rianny nasceu em Parana\u00edba-MS, mas logo ap\u00f3s o nascimento mudou-se para Costa Rica. Aos 28 anos, formada em medicina atua como cl\u00ednica geral no ESF Central e teve papel fundamental do per\u00edodo de pandemia. Ela \u00e9 sobrinha do saudoso vereador Ant\u00f4nio Rodrigues.<\/p>\n<p>&nbsp;<\/p>\n<p>\u201c\u00c9 um imenso prazer ser homenageada ao lado dessas mulheres que desempenham um papel social t\u00e3o importante e estar aqui sendo homenageada com t\u00e3o pouca idade ao lado das senhoras \u00e9 uma honra muito grande. Fui criada aqui, minha fam\u00edlia \u00e9 daqui, sai por 10 aos para estudar e a convite do meu tio retornei e essa homenagem tem um peso importante pela mem\u00f3ria dele, sou muito grata\u201d disse Rianny.<\/p>\n<p>&nbsp;<\/p>\n<p>Conhe\u00e7a \u00e0s \u201c14 Mulheres que Inspiram\u201d 2023:<\/p>\n<p>&nbsp;<\/p>\n<p>A professora Anirce Marta Silva, indicada pela 2\u00aa secret\u00e1ria Manuelina Martins da Silva Arantes Cabral; A agente de sa\u00fade Girlene Fernandes de Oliveira Dias, indicada pelo Ver. Alecksander da Silva Pimenta; A t\u00e9cnica de enfermagem Isabel Cristina Teles Piva, indicada pelo Ver. Lucas L\u00e1zaro Gerolomo; A empres\u00e1ria e dona do O Botic\u00e1rio Ivaldete Maria Coelho, indicada pelo Ver. Waldomiro Bocalan.<\/p>\n<p>&nbsp;<\/p>\n<p>A ex-diretora de Cultura Jacy de Pina Bulh\u00f5es Rodi, indicada pelo vice-prefeito Ronivaldo Garcia Cota; A dona do lar Julia Maria de Amorim, indicada pelo presidente Ailton Martins de Amorim; A terapeuta ocupacional Juliana Dias de Oliveira Corr\u00eaa, indicada pelo Ver. Adair Tiago de Oliveira; A fisioterapeuta Luiza Ad\u00e9bora Pereira Paniago, indicada pela vice-presidente Ros\u00e2ngela Mar\u00e7al Paes; A farmac\u00eautica Maria Aparecida Carboni da Costa de Castro, indicada pelo Ver. Artur Delgado Baird.<\/p>\n<p>&nbsp;<\/p>\n<p>A dona do lar Nirce Ancelmo da Costa, indicada pelo 1\u00ba secret\u00e1rio Averaldo Barbosa da Costa; A m\u00e9dica Rianny Fl\u00e1via Pereira de Oliveira, indicada coletivamente pela C\u00e2mara Municipal; A assistente administrativa Selma Cardoso de Souza Urzedo, indicada pelo Ver. Claudomiro Martins Rosa; A microempres\u00e1ria Terezinha Oliveira da Silva, indicada pelo Ver. Evaldo Paulino Garcia e a dona do lar Venirce F\u00e9lix da Silva, indicada pelo prefeito municipal Cleverson Alves dos Santos.<\/p>\n<p>&nbsp;<\/p>\n<p>&nbsp;<\/p>\n<p>&nbsp;<\/p>\n<p>Confira as Biografias das homenageadas:<\/p>\n<p>&nbsp;<\/p>\n<p>&nbsp;<\/p>\n<p>&nbsp;<\/p>\n<p>BIOGRAFIA &#8211; Girlene Fernandes de Oliveira Dias \u2013 POP\u00d3<\/p>\n<p>&nbsp;<\/p>\n<p>Girlene Fernandes de Oliveira Dias nasceu no dia 03 de janeiro de 1985, na cidade de Cassil\u00e2ndia.<\/p>\n<p>&nbsp;<\/p>\n<p>Aos tr\u00eas anos de idade, mudou-se com a fam\u00edlia para Costa Rica. Casada, \u00e9 m\u00e3e de Leandro, Amanda, Jo\u00e3o Victor e Jo\u00e3o Pl\u00ednio. Atualmente, atua no servi\u00e7o p\u00fablico como agente comunit\u00e1ria de sa\u00fade.<\/p>\n<p>&nbsp;<\/p>\n<p>Atua ativamente ajudando pessoas desamparadas por meio de doa\u00e7\u00f5es e amparo sentimental, al\u00e9m de contribuir com a causa animal. Ela diz que sempre amou ajudar o pr\u00f3ximo, tanto em quest\u00f5es financeiras, quanto sentimentais. Afirma tamb\u00e9m ser uma mulher atenciosa e solid\u00e1ria, sempre procurando cumprir as metas que s\u00e3o dadas a ela.<\/p>\n<p>&nbsp;<\/p>\n<p>&nbsp;<\/p>\n<p>&nbsp;<\/p>\n<p>BIOGRAFIA &#8211; Izabel Cristina Teles Piva \u2013 LUCAS<\/p>\n<p>&nbsp;<\/p>\n<p>Izabel Cristina Teles Piva nasceu em Catanduva, S\u00e3o Paulo, em 07 de julho de 1970. Filha de Abel Costa e Petron\u00edlia Ferreira Teles.<\/p>\n<p>&nbsp;<\/p>\n<p>Em Fernand\u00f3polis, se formou como t\u00e9cnica de enfermagem, e foi naquela cidade que ela iniciou trabalhos volunt\u00e1rios no Centro Esp\u00edrita Mei Mei, onde inclusive conheceu o marido Adalberto Luiz Piva, que era o presidente da mocidade, naquela \u00e9poca.<\/p>\n<p>&nbsp;<\/p>\n<p>O casamento do casal foi realizado no Centro Esp\u00edrita.<\/p>\n<p>&nbsp;<\/p>\n<p>Em 2004, j\u00e1 casada, Izabel se mudou para Costa Rica, quando inaugurou a Relojoaria Cristal. Ela conta que em Costa Rica nasceu a filha Ana Beatriz Teles Piva, o maior presente da vida dela, conforme Izabel mesma conta.<\/p>\n<p>&nbsp;<\/p>\n<p>Com a mudan\u00e7a para Costa Rica, Izabel passou a frequentar o Centro Esp\u00edrita Amor e Caridade, a Casa da Sopa, onde ela desenvolve servi\u00e7os volunt\u00e1rios com crian\u00e7as, evangeliza\u00e7\u00e3o, a campanha do quilo, bazar e obras assistenciais, trabalhos estes que Izabel tamb\u00e9m realizava no Centro Esp\u00edrita de Fernand\u00f3polis, quando ela morava na cidade paulista.<\/p>\n<p>&nbsp;<\/p>\n<p>&nbsp;<\/p>\n<p>&nbsp;<\/p>\n<p>BIOGRAFIA &#8211; Ivaldete Maria Coelho \u2013 BIRI<\/p>\n<p>&nbsp;<\/p>\n<p>Ivaldete Mria Coelho nasceu em Mineiros -GO. Filha de Ant\u00f4nio Candido Martins e Enivalda Carolina Carrijo Martins. Cheguei em Costa Rica em 1958, com apenas dois dias de vida.<\/p>\n<p>&nbsp;<\/p>\n<p>Casei em Costa Rica em 1979 com Jo\u00e3o Santos Coelho de Oliveira e desta uni\u00e3o nasceram tr\u00eas filhos: Dr\u00aa Vivian Martins Coelho, Dr\u00aa Lilian Martins Coelho Galoro, casada com Dr Gustavo Sbroggio Galoro, e em mem\u00f3ria Olitony Martins Coelho, filho este que ela diz permanecer presente todos os dias de sua vida em pensamentos do qual \u00e9 grata a Deus por a presentear com a sua presen\u00e7a durante 34 anos.<\/p>\n<p>&nbsp;<\/p>\n<p>Netos: Antony Mazzini Coelho filho de Olitony (solteiro) e Mayara &#8211; e Guilherme Coelho Galoro filho de Lilian e Gustavo;<\/p>\n<p>&nbsp;<\/p>\n<p>Cursou do 1\u00ba ao 4\u00ba ano na escola rural \u2013 Cabeceira da Vaca, onde mudou-se para Mineiros GO e cursou em uma escola estadual de 5\u00ba ao 8\u00ba ano terminando assim o ensino fundamental; mudando para Goi\u00e2nia e cursando 1\u00ba e 2\u00ba colegial na escola Carlos Chagas \u2013 O 3\u00ba ano do colegial foi conclu\u00eddo aqui em Costa Rica na Escola Jos\u00e9 Ferreira da Costa no ano de 1993, onde, j\u00e1 era casada e m\u00e3e dos seus tr\u00eas filhos;<\/p>\n<p>&nbsp;<\/p>\n<p>Fez parte da Casa da Amizade; Diretoria do Costa Rica Recreativo Clube; Amor exigente; Pastoral carcer\u00e1ria; Doa\u00e7\u00e3o de mais de onze mil cadernos para o munic\u00edpio de Costa Rica; Trabalhou no cart\u00f3rio Laerte Pais Coelho no per\u00edodo de tr\u00eas anos; Coordenadora da Cidade FM de Costa Rica por um per\u00edodo de sete anos;<\/p>\n<p>&nbsp;<\/p>\n<p>Deixou a fun\u00e7\u00e3o para empreender tornando-se propriet\u00e1ria da franquia da rede &#8211; O Botic\u00e1rio com Loja em Costa Rica e Chapad\u00e3o do Sul &#8211; com quinze empregos diretos e tamb\u00e9m com a \u2013 Venda Direta gerando renda para mais de quatrocentas fam\u00edlias indiretamente fazendo um trabalho de conscientiza\u00e7\u00e3o de prote\u00e7\u00e3o ao meio ambiente \u2013 O Botic\u00e1rio sempre preocupado com o Planeta realiza a\u00e7\u00f5es como o projeto \u2013 \u201cDescarte Consciente\u201d &#8211; Recebendo embalagens vazias do O Botic\u00e1rio e qualquer outro fornecedor bonificando o cliente com desconto em qualquer produto da loja para incentivar a pr\u00e1tica da sustentabilidade.<\/p>\n<p>&nbsp;<\/p>\n<p>&nbsp;<\/p>\n<p>&nbsp;<\/p>\n<p>BIOGRAGIA &#8211; Juliana Oliveira Dias Corr\u00eaa \u2013 ADAIR TIAGO<\/p>\n<p>&nbsp;<\/p>\n<p>Juliana Oliveira Dias Corr\u00eaa nasceu em Dourados, Mato Grosso do Sul, filha de Joaquim Souza Dias e Eliana Oliveira Dias. Mudou-se para Costa Rica em setembro de 2000, onde se casou com o cirurgi\u00e3o dentista Jairo Corr\u00eaa Ribeiro, no dia 07 de setembro de 2000.<\/p>\n<p>&nbsp;<\/p>\n<p>Juliana tem dois filhos, Ana Julia Dias Corr\u00eaa, que est\u00e1 cursando odontologia na Fadba \u2013 Faculdade Adventista da Bahia &#8211; e Gabriel Dias Corr\u00eaa, que estuda na escola Santos Dumont.<\/p>\n<p>&nbsp;<\/p>\n<p>Juliana formou-se em Terapia Ocupacional pela Universidade Cat\u00f3lica Dom Bosco em 1999, fazendo parte da primeira turma de Terapia Ocupacional do estado de Mato Grosso do Sul. Posteriormente, ela concluiu uma P\u00f3s-Gradua\u00e7\u00e3o em Did\u00e1tica e Metodologia da Educa\u00e7\u00e3o B\u00e1sica e Superior na FECRA e obteve uma Especializa\u00e7\u00e3o em Aten\u00e7\u00e3o B\u00e1sica em Sa\u00fade da Fam\u00edlia pela Escola de Sa\u00fade P\u00fablica de Mato Grosso do Sul.<\/p>\n<p>&nbsp;<\/p>\n<p>Em 2001, Juliana come\u00e7ou sua carreira como terapeuta ocupacional na Secretaria de Sa\u00fade de Costa Rica, trabalhando no Nasf (N\u00facleo de Apoio \u00e0 Sa\u00fade da Fam\u00edlia) e nos postos de sa\u00fade do munic\u00edpio. Ela tamb\u00e9m atuou como auditora e planejadora na Secretaria Municipal de Sa\u00fade e atualmente coordena o CAPS (Centro de Aten\u00e7\u00e3o Psicossocial) em Costa Rica.<\/p>\n<p>&nbsp;<\/p>\n<p>Juliana contribui com diversas entidades filantr\u00f3picas e associa\u00e7\u00f5es beneficentes, incluindo o Lar dos Idosos e o Minist\u00e9rio da Fam\u00edlia. Foi terapeuta ocupacional na Funda\u00e7\u00e3o Hospitalar de Costa Rica de 2002 at\u00e9 2010. Al\u00e9m disso, ela criou o Projeto Primavera em 2011, que \u00e9 uma a\u00e7\u00e3o para as jovens debutantes da cidade.<\/p>\n<p>&nbsp;<\/p>\n<p>Juliana colabora significativamente para o desenvolvimento da comunidade por meio de seu trabalho como terapeuta ocupacional, sua coordena\u00e7\u00e3o do CAPS e a cria\u00e7\u00e3o do projeto Primavera. Ela tamb\u00e9m oferece atendimento \u00e0s fam\u00edlias e idosos carentes em Costa Rica e tem um papel importante na melhoria da qualidade de vida da popula\u00e7\u00e3o local.<\/p>\n<p>&nbsp;<\/p>\n<p>&nbsp;<\/p>\n<p>&nbsp;<\/p>\n<p>BIOGRAFIA Maria Aparecida Carboni da Costa de Castro &#8211; ARTUR<\/p>\n<p>&nbsp;<\/p>\n<p>?Maria Aparecida Carboni da Costa de Castro nasceu em Jales, S\u00e3o Paulo, no dia 26 de agosto de 1958.<\/p>\n<p>&nbsp;<\/p>\n<p>?\u00c9 casada com Carlos Ramos de Castro e m\u00e3e de dois filhos: o Rafael Aparecido Carboni da Costa de Castro e a Raissa Carboni da Costa de Castro. Possui tr\u00eas netos: Pedro Henrique, Caio Manoel e Rafaela.<\/p>\n<p>&nbsp;<\/p>\n<p>?Ela veio morar em Costa Rica a 39 anos atr\u00e1s, depois de ser incentivada pelo pai que j\u00e1 era pecuarista aqui na regi\u00e3o.<\/p>\n<p>&nbsp;<\/p>\n<p>Assim como o pai dela, Maria Aparecida e o marido tamb\u00e9m s\u00e3o pecuaristas, h\u00e1 39 anos.<\/p>\n<p>&nbsp;<\/p>\n<p>Doutora Cida, como \u00e9 popularmente conhecida, \u00e9 formada em Biomedicina.<\/p>\n<p>&nbsp;<\/p>\n<p>Em 1984, quando ela se mudou para Costa Rica, Doutora Cida inaugurou o primeiro laborat\u00f3rio de an\u00e1lises cl\u00ednicas da cidade, o Laborat\u00f3rio Oswaldo Cruz.<\/p>\n<p>&nbsp;<\/p>\n<p>Inspirados pela m\u00e3e, o filho Rafael formou-se em Farm\u00e1cia Bioqu\u00edmica e a filha Raissa em Medicina e ambos atuam em Costa Rica.<\/p>\n<p>&nbsp;<\/p>\n<p>&nbsp;<\/p>\n<p>&nbsp;<\/p>\n<p>BIOGRAFIA &#8211; Selma Cardoso de Souza Urzedo \u2013 COC\u00d3<\/p>\n<p>&nbsp;<\/p>\n<p>Selma Cardoso de Souza Urzedo nasceu em Ponte Branca, Mato Grosso, em 14 de dezembro de 1996, filha de Ruth Pedro Soares e Jos\u00e9 Mariano.<\/p>\n<p>&nbsp;<\/p>\n<p>Mudou-se para Costa Rica em 07 de maio de 2012. \u00c9 casada com Silonei Barcelos de Urzedo com quem teve dois filhos, Rayner Pablo Souza Urzedo e Rayan Eduardo Souza Urzedo.<\/p>\n<p>&nbsp;<\/p>\n<p>Desde 15 de fevereiro de 2016, ao lado do esposo, ela atua na Associa\u00e7\u00e3o Beneficente e Promocional Evang\u00e9lica Resgatando Vidas (ABPERV), em Costa Rica, que desenvolve o trabalho de recupera\u00e7\u00e3o e ressocializa\u00e7\u00e3o de dependentes qu\u00edmicos e alco\u00f3latras.<\/p>\n<p>&nbsp;<\/p>\n<p>Selma conta que atualmente a cl\u00ednica atende 15 internos, e que entre os afazeres dela na entidade est\u00e1 o acompanhamento dos internos at\u00e9 o m\u00e9dico, controle de medica\u00e7\u00f5es di\u00e1rias, al\u00e9m de assumir a cozinha aos finais de semana.<\/p>\n<p>&nbsp;<\/p>\n<p>Outra atividade desenvolvida por ela \u00e9 na \u00e1rea de confeitaria, a tr\u00eas anos trabalhando na venda de bolos, tortas e doces finos, por meio da microempresa Ref\u00fagio das Del\u00edcias, al\u00e9m de fazer artesanatos.<\/p>\n<p>&nbsp;<\/p>\n<p>&nbsp;<\/p>\n<p>&nbsp;<\/p>\n<p>BIOGRAFIA &#8211; Terezinha Oliveira da Silva &#8211; EVALDO<\/p>\n<p>&nbsp;<\/p>\n<p>Terezinha Oliveira da Silva nasceu em Mineiros, Goi\u00e1s, no dia 11 de maio de 1935. Casou-se com Lauderino Rosa da Silva, com quem teve tr\u00eas filhos: Ari Oliveira Silva, Arindo Oliveira Silva e Arceni.<\/p>\n<p>&nbsp;<\/p>\n<p>Terezinha \u00e9 av\u00f3 de cinco netos: Weslei, Welligton, Uilquer, Yuri e Temistodes, conhecido como Tacri. Em 1981, cursou magist\u00e9rio na Escola Estadual Santos Dumont, onde atuou tamb\u00e9m como professora durante dois anos.<\/p>\n<p>&nbsp;<\/p>\n<p>\u00c9 cat\u00f3lica e participa do grupo de apostolado de ora\u00e7\u00e3o, no qual realiza a\u00e7\u00f5es sociais. Al\u00e9m disso, tamb\u00e9m faz parte da liturgia da igreja.<\/p>\n<p>&nbsp;<\/p>\n<p>Dona Terezinha ajudou muitas fam\u00edlias. Em um tempo em que n\u00e3o existiam creches em Costa Rica, ela cuidava dos filhos de pais e m\u00e3es que precisam sair para trabalhar.\u00a0 Dona Terezinha afirma que chegou a cuidar de 15 crian\u00e7as ao mesmo tempo, sempre com muita alegria.<\/p>\n<p>&nbsp;<\/p>\n<p>Assim, hoje esta mulher frequentemente encontra ex-alunos e pessoas que ela cuidou quando eram crian\u00e7as, os quais agradecem a Dona Terezinha pelos ensinamentos de vida que ela passou para cada um eles.<\/p>\n<p>&nbsp;<\/p>\n<p>&nbsp;<\/p>\n<p>&nbsp;<\/p>\n<p>BIOGRAFIA \u2013 Anirce Marta Silva \u2013 MANUELINA<\/p>\n<p>&nbsp;<\/p>\n<p>Anirce Marta Silva nasceu em Mineiros, Goi\u00e1s, no dia seis de mar\u00e7o de 1960, filha de Joana Maria Concei\u00e7\u00e3o e Melanio Guimar\u00e3es da Silva.<\/p>\n<p>&nbsp;<\/p>\n<p>Mudou-se para Costa Rica junto com os pais dela, no ano de 1965. Foi casada com Valter Calisto da Silva, com quem teve o filho Rog\u00e9rio Calazans da Silva, pai dos dois netos de Anirce: o Natan Benjamim e o Josu\u00e9 Jud\u00e1.<\/p>\n<p>&nbsp;<\/p>\n<p>Ela possui forma\u00e7\u00e3o em magist\u00e9rio e pedagogia, habilitada em educa\u00e7\u00e3o infantil. Tamb\u00e9m possui especializa\u00e7\u00e3o em neuropedagogia e transtorno de aprendizagens; psicopedagogia cl\u00ednica e institucional, educa\u00e7\u00e3o infantil e especial; e forma\u00e7\u00e3o de orienta\u00e7\u00e3o acad\u00eamica.<\/p>\n<p>&nbsp;<\/p>\n<p>Em 2002, Anirce assumiu o primeiro concurso p\u00fablico dela, para o cargo de professora da rede municipal de ensino de Costa Rica. J\u00e1 em 2003, ela foi nomeada como diretora da Escola Municipal Professor Adenocre Alexandre de Moraes, sendo reeleita nos dois anos seguintes.<\/p>\n<p>&nbsp;<\/p>\n<p>Em 2008, Anirce tomou posse no segundo concurso dela, assumindo a partir de ent\u00e3o dois per\u00edodos de concurso como professora. J\u00e1 em 2011 e 2012, ela exerceu o cargo de coordenadora pedag\u00f3gica de centros de educa\u00e7\u00e3o infantil.<\/p>\n<p>&nbsp;<\/p>\n<p>No ano de 2013, foi nomeada diretora da Escola Municipal Joaquim Faustino Rosa. Nesse per\u00edodo, durante a gest\u00e3o de Anirce, a escola ficou na lista de excel\u00eancia do pa\u00eds pelo QEdu e alcan\u00e7ou a nota 7,4 no Ideb de 2019, acima da m\u00e9dia nacional.<\/p>\n<p>&nbsp;<\/p>\n<p>Atualmente, Anirce est\u00e1 aposentada em um per\u00edodo como professora e continua na atividade em outro per\u00edodo, no Centro de Educa\u00e7\u00e3o Infantil Sonho de Ninar, fazendo o que mais ama, que \u00e9 lecionar.<\/p>\n<p>&nbsp;<\/p>\n<p>&nbsp;<\/p>\n<p>&nbsp;<\/p>\n<p>BIOGRAFIA &#8211; Nirce Ancelmo da Costa \u2013 AVERALDO BARBOSA<\/p>\n<p>&nbsp;<\/p>\n<p>Nirce Ancelmo da Costa nasceu no dia 22 de junho de 1947 no Buriti distrito de Alto Araguaia-MT, filha de Geraldino Ancelmo Vieira e Maria Aparecida Ancelmo da Silva.<\/p>\n<p>&nbsp;<\/p>\n<p>Mudou-se para Costa Rica em meados de 1957. Casou-se em 1966 com Jo\u00e3o Barbosa da Costa, e desta uni\u00e3o nasceram 4 filhos: Elizabete Ancelmo da Costa, Nilza Ancelmo da Costa, Paulino Jesus Ancelmo da Costa e Cleiton Ancelmo da Costa, do qual tiveram 6 netos.<\/p>\n<p>&nbsp;<\/p>\n<p>Estudou at\u00e9 o 4\u00b0 ano na Escola Rural Mista.<\/p>\n<p>&nbsp;<\/p>\n<p>Mulher do campo, Nirce sempre trabalhou com os afazeres da ro\u00e7a e da casa. No campo tinha como atividade principal tirar e vender o leite.<\/p>\n<p>&nbsp;<\/p>\n<p>Ela conta que viveu um per\u00edodo de 30 na cidade, onde passava boa parte do tempo cuidando de crian\u00e7as. Ela conta que os amigos confiavam nela, e deixavam as crian\u00e7as sob seus cuidados enquanto trabalhavam.<\/p>\n<p>&nbsp;<\/p>\n<p>Outro fato marcante na hist\u00f3ria de Nirce, foi a constru\u00e7\u00e3o da a 1\u00aa concession\u00e1ria fiat em Costa Rica, a Graciela Com\u00e9rcio de ve\u00edculos ltda no ano de 1984.<\/p>\n<p>&nbsp;<\/p>\n<p>Hoje, aposentada, Nirce vive a 28 anos ao lado do marido na Est\u00e2ncia 4 irm\u00e3os, local pr\u00f3ximo da cidade, onde tem como lazer fazer croch\u00ea, cuidar do bisneto e se reunir com os familiares nos finais de semana.<\/p>\n<p>&nbsp;<\/p>\n<p>&nbsp;<\/p>\n<p>&nbsp;<\/p>\n<p>BIOGRAFIA Luiza Ad\u00e9bora Pereira Paniago \u2013 ROS\u00c2NGELA<\/p>\n<p>&nbsp;<\/p>\n<p>Luiza Ad\u00e9bora Pereira Paniago nasceu em 7 de janeiro de 1983, em Costa Rica.<\/p>\n<p>&nbsp;<\/p>\n<p>Ela \u00e9 casada com Jacimar Pereira Paniago e \u00e9 m\u00e3e de Sander Pereira Paniago e Yanni Victoria Pereira Paniago.<\/p>\n<p>&nbsp;<\/p>\n<p>Em 2011, Luiza teve um sonho, enquanto dormia, e nesse sonho ela fazia uma massagem, apesar de nunca ter visto ningu\u00e9m fazer isso antes.<\/p>\n<p>&nbsp;<\/p>\n<p>Foi ent\u00e3o que ela se mudou para Campo Grande para perseguir o sonho de ser massagista e fez v\u00e1rios cursos na \u00e1rea antes de voltar para Costa Rica.<\/p>\n<p>&nbsp;<\/p>\n<p>Ao chegar \u00e0 cidade natal, Luiza inicialmente passou a oferecer massagens no quarto do filho. Depois, construiu um espa\u00e7o dedicado a massagens e, dois anos depois, adquiriu o ESPA\u00c7O RENASCER, que j\u00e1 funciona h\u00e1 seis anos.<\/p>\n<p>&nbsp;<\/p>\n<p>Durante a carreira profissional, Luiza fez v\u00e1rios cursos de massoterapia, inclusive no Senac e no Instituto Hishinuma, na Escola de Massagem SOS Corpo e no Grupo de Terapia Ueda. Ela tamb\u00e9m concluiu cursos de coaching e cura terap\u00eautica.<\/p>\n<p>&nbsp;<\/p>\n<p>Al\u00e9m de massagens, Luiza e o marido ainda administram a empresa Renascer Confort, onde vendem cal\u00e7ados ortop\u00e9dicos, confort\u00e1veis, ??em couro leg\u00edtimo, e bolsas em couro.<\/p>\n<p>&nbsp;<\/p>\n<p>O marido de Luiza, Jacimar, tem apoiado o sonho dela e juntos tem o tornado realidade.<\/p>\n<p>&nbsp;<\/p>\n<p>&nbsp;<\/p>\n<p>&nbsp;<\/p>\n<p>BIOGRAFIA &#8211; Julia Maria de Amorim \u2013 AILTON<\/p>\n<p>&nbsp;<\/p>\n<p>Julia Maria de Amorim Julia Maria de Amorim nasceu no dia 10 de dezembro de 1935 na Fazenda Maca\u00faba, Distrito de Camapu\u00e3 \u2013 MS, hoje munic\u00edpio de Costa Rica \u2013 MS. Filha de F\u00e9lix Martins de Souza e Vitorina Maria de Souza.<\/p>\n<p>&nbsp;<\/p>\n<p>Casou-se com Jo\u00e3o Batista de Amorim Neto aos 14 anos de idade no Porto Curralinho, Zona Rural, hoje distrito de Para\u00edso das \u00c1guas &#8211; MS.<\/p>\n<p>&nbsp;<\/p>\n<p>Depois mudou-se para Fazenda Capim Branco, onde morou por muitos anos, depois mudou-se para Fazenda C\u00f3rrego Feio, onde morou por 07 anos e logo ap\u00f3s no ano de 1978 veio para Costa Rica, onde reside at\u00e9 os dias atuais.<\/p>\n<p>&nbsp;<\/p>\n<p>Casada a 72 anos (Bodas de Manjerona) Teve 16 (dezesseis) filhos, sendo 10 (dez) homens: Jos\u00e9 Marcos, Doralino, Hon\u00f3rio, Alcides, Oscar, Ant\u00f4nio, Adevaldo, Anivaldo, Ademildo e Manoel (In Memoriam). E 06 (seis) mulheres: Maria Luzia, Idalina, Moralina (In memoriam), Manoelina, Luzia e Ozenilda.<\/p>\n<p>&nbsp;<\/p>\n<p>Tem 43 netos, 58 bisnetos e 08 tataranetos. Sua fam\u00edlia tem hoje um total de 172 pessoas, entre filhos, filhas, genros, noras, netos, esposas (os) dos netos, bisnetos, esposas (os) dos bisnetos e tataranetos.<\/p>\n<p>&nbsp;<\/p>\n<p>Dona Julia estudou at\u00e9 a 5\u00aa S\u00e9rie do Ensino Fundamental Escola Adenocre Alexandre de Moraes, e no ano de 1986, com 51 anos de idade, voltou a sala de aula para estudar nesta mesma escola.<\/p>\n<p>&nbsp;<\/p>\n<p>Em 2006 participou do Concurso de Miss Terceira Idade sendo eleita Miss Simpatia. Em 2007 participou novamente, e foi eleita Miss Terceira Idade.<\/p>\n<p>&nbsp;<\/p>\n<p>Dona Julia realizou alguns partos caseiros de algumas crian\u00e7as na cidade, segundo ela foram 04 partos. Mulher de muita f\u00e9, religiosa, sempre participou das missas e realizou encontros religiosos no bairro onde mora. Criou junto com seu esposo Jo\u00e3o Amorim, seus 14 (catorze) filhos com dedica\u00e7\u00e3o, amor e carinho, pois s\u00e3o homens e mulheres de bem, que trabalham e contribuem para o desenvolvimento de Costa Rica.<\/p>\n<p>&nbsp;<\/p>\n<p>&nbsp;<\/p>\n<p>&nbsp;<\/p>\n<p>Biografia &#8211; Jacy de Pina Bulh\u00f5es Rodi \u2013 RONI COTA<\/p>\n<p>&nbsp;<\/p>\n<p>Jacy de Pina Bulh\u00f5es Rodi nasceu em Avar\u00e9, S\u00e3o Paulo, no dia 16 de agosto de 1954, sendo a filha mais velha de Hilton Bulh\u00f5es e Jacinta Am\u00e9lia Pina Bulh\u00f5es. Ela cresceu em uma fam\u00edlia grande, com 10 irm\u00e3os. Jacy se tornou professora e servidora p\u00fablica aposentada.<\/p>\n<p>&nbsp;<\/p>\n<p>Aos 18 anos, Jacy se casou com Alberto de Oliveira Rodi, na base a\u00e9rea de Campo Grande. Dessa uni\u00e3o, nasceram Marcos e Danielly, seus dois filhos, e depois, vieram os quatro netos: Jairo, Lucas, Jo\u00e3o Pedro e Eduardo. A fam\u00edlia se completou com o genro Ewerton e a nora Rose.<\/p>\n<p>&nbsp;<\/p>\n<p>No ano de 1979, Jacy e seu marido se mudaram para Costa Rica, pois a COMAVE, uma Concession\u00e1ria de M\u00e1quinas e Implementos Agr\u00edcolas precisava de um gerente na cidade.<\/p>\n<p>&nbsp;<\/p>\n<p>Jacy acompanhou o marido e veio trabalhar como correspondente do Previsul (Instituto de Previd\u00eancia Social de Mato Grosso do Sul), onde atuou por mais de 20 anos. Posteriormente, foi cedida para a Prefeitura de Costa Rica, onde ocupou diversos cargos p\u00fablicos, como diretora do Hospital Municipal por tr\u00eas anos, chefe do Centro de Sa\u00fade, assessora de Cultura e diretora de Cultura.<\/p>\n<p>&nbsp;<\/p>\n<p>Jacy \u00e9 uma inspira\u00e7\u00e3o para a sociedade costarriquense por causa da dedica\u00e7\u00e3o dela no trabalho como servidora p\u00fablica e amor pela cidade, e tem um gosto especial pela pol\u00edtica. Ela ainda lembra do resultado da primeira elei\u00e7\u00e3o de Costa Rica que foi comunicado por r\u00e1dio amador devido \u00e0 dificuldade de comunica\u00e7\u00e3o de telefonia da \u00e9poca.<\/p>\n<p>&nbsp;<\/p>\n<p>&nbsp;<\/p>\n<p>&nbsp;<\/p>\n<p>BIOGRAFIA &#8211; Rianny Flavia Pereira de Oliveira \u2013 C\u00c2MARA<\/p>\n<p>&nbsp;<\/p>\n<p>Rianny Flavia Pereira de Oliveira, nasceu na cidade de Parana\u00edba-MS em 1995, em 08 de maio de 1995. Filha de F\u00e1tima Rodrigues Pereira e Manoel Rodrigues de Oliveira, mudou-se para Costa Rica logo ap\u00f3s o seu nascimento. \u00c9 m\u00e3e do pequeno Miguel, de 6 anos Miguel Oliveira Fernandes.<\/p>\n<p>&nbsp;<\/p>\n<p>Estou durante a inf\u00e2ncia e juventude na Escola Municipal Joaquim Faustino Rosa e na estadual Jos\u00e9 Ferreira da Costa.<\/p>\n<p>&nbsp;<\/p>\n<p>Formou-se em medicina em Fernand\u00f3polis-SP na Universidade Camilo Castelo Branco- Unicastelo, em 2020.<\/p>\n<p>&nbsp;<\/p>\n<p>Ap\u00f3s 10 anos morando fora para estudar, a convite do tio Antonio Rodrigues, que foi v\u00edtima da covid em 2021, Rianny retornou para Costa Rica para ajudar na linha de frente da pandemia devido ao n\u00famero reduzido de m\u00e9dicos.<\/p>\n<p>&nbsp;<\/p>\n<p>Atua como m\u00e9dica cl\u00ednica geral no munic\u00edpio desde fevereiro de 2021, tendo atuado na linha de frente de combate ao Covid, aten\u00e7\u00e3o b\u00e1sica e Funda\u00e7\u00e3o Hospitalar. No auge da pandemia de covid exerceu a profiss\u00e3o na unidade sentinela por 8 meses, na Funda\u00e7\u00e3o Hospitalar, UTI.<\/p>\n<p>&nbsp;<\/p>\n<p>Atualmente trabalha na aten\u00e7\u00e3o B\u00e1sica, junto \u00e0 equipe do ESF Central proporcionando aos pacientes um atendimento hol\u00edstico, humanizado, focado n\u00e3o somente na condi\u00e7\u00e3o de sa\u00fade, mas no seu contexto geral; tentando promover n\u00e3o s\u00f3 recupera\u00e7\u00e3o da sa\u00fade, mas tamb\u00e9m preven\u00e7\u00e3o e qualidade de vida do geral.<\/p>\n<p>&nbsp;<\/p>\n<p>&nbsp;<\/p>\n<p>&nbsp;<\/p>\n<p>Informa\u00e7\u00f5es:<\/p>\n<p>&nbsp;<\/p>\n<p>Cassiane Mews\/ Assessora de Imprensa<\/p>\n<\/div>\n<\/div>\n","protected":false},"excerpt":{"rendered":"<p>A C\u00e2mara de Vereadores promoveu no dia 26 de maio a sess\u00e3o solene de Distin\u00e7\u00e3o Honor\u00edfica \u201cMulheres que Inspiram\u201d 2023. A 2\u00aa edi\u00e7\u00e3o da honraria premiou 14 mulheres que se destacaram \u00e0 frente de institui\u00e7\u00f5es p\u00fablicas e privadas e que contribu\u00edram o para o desenvolvimento de Costa Rica. &nbsp; O presidente da Casa, Ailton Martins [&hellip;]<\/p>\n","protected":false},"author":4,"featured_media":241864,"comment_status":"closed","ping_status":"closed","sticky":false,"template":"","format":"standard","meta":{"footnotes":""},"categories":[20,25],"tags":[],"class_list":["post-241838","post","type-post","status-publish","format-standard","has-post-thumbnail","hentry","category-camara-municipal","category-costa-rica"],"_links":{"self":[{"href":"https:\/\/www.ocorreionews.com.br\/acervo-correio\/index.php?rest_route=\/wp\/v2\/posts\/241838","targetHints":{"allow":["GET"]}}],"collection":[{"href":"https:\/\/www.ocorreionews.com.br\/acervo-correio\/index.php?rest_route=\/wp\/v2\/posts"}],"about":[{"href":"https:\/\/www.ocorreionews.com.br\/acervo-correio\/index.php?rest_route=\/wp\/v2\/types\/post"}],"author":[{"embeddable":true,"href":"https:\/\/www.ocorreionews.com.br\/acervo-correio\/index.php?rest_route=\/wp\/v2\/users\/4"}],"replies":[{"embeddable":true,"href":"https:\/\/www.ocorreionews.com.br\/acervo-correio\/index.php?rest_route=%2Fwp%2Fv2%2Fcomments&post=241838"}],"version-history":[{"count":1,"href":"https:\/\/www.ocorreionews.com.br\/acervo-correio\/index.php?rest_route=\/wp\/v2\/posts\/241838\/revisions"}],"predecessor-version":[{"id":241865,"href":"https:\/\/www.ocorreionews.com.br\/acervo-correio\/index.php?rest_route=\/wp\/v2\/posts\/241838\/revisions\/241865"}],"wp:featuredmedia":[{"embeddable":true,"href":"https:\/\/www.ocorreionews.com.br\/acervo-correio\/index.php?rest_route=\/wp\/v2\/media\/241864"}],"wp:attachment":[{"href":"https:\/\/www.ocorreionews.com.br\/acervo-correio\/index.php?rest_route=%2Fwp%2Fv2%2Fmedia&parent=241838"}],"wp:term":[{"taxonomy":"category","embeddable":true,"href":"https:\/\/www.ocorreionews.com.br\/acervo-correio\/index.php?rest_route=%2Fwp%2Fv2%2Fcategories&post=241838"},{"taxonomy":"post_tag","embeddable":true,"href":"https:\/\/www.ocorreionews.com.br\/acervo-correio\/index.php?rest_route=%2Fwp%2Fv2%2Ftags&post=241838"}],"curies":[{"name":"wp","href":"https:\/\/api.w.org\/{rel}","templated":true}]}}