{"id":241841,"date":"2023-06-07T08:35:44","date_gmt":"2023-06-07T12:35:44","guid":{"rendered":"https:\/\/www.ocorreionews.com.br\/acervo-correio\/?p=241841"},"modified":"2023-06-07T08:35:44","modified_gmt":"2023-06-07T12:35:44","slug":"entre-os-rios-mais-assoreados-do-pais-taquari-vai-ter-mil-hectares-reflorestados-com-2-milhoes-de-arvores-em-ms","status":"publish","type":"post","link":"https:\/\/www.ocorreionews.com.br\/acervo-correio\/?p=241841","title":{"rendered":"Entre os rios mais assoreados do pa\u00eds, Taquari vai ter mil hectares reflorestados com 2 milh\u00f5es de \u00e1rvores em MS"},"content":{"rendered":"<div id=\"chunk-8aems\">\n<div class=\"mc-column content-text active-extra-styles \" data-block-type=\"unstyled\" data-block-weight=\"56\" data-block-id=\"3\">\n<p class=\"content-text__container \" data-track-category=\"Link no Texto\" data-track-links=\"\">Entre os rios mais assoreados do Brasil, o Taquari receber\u00e1 investimento do governo de Mato Grosso do Sul para o reflorestamento de 1,3 mil hectares. O pedido de socorro para o afluente j\u00e1 havia sido debatido por especialistas h\u00e1 alguns anos, como no caso da Confer\u00eancia sobre as Mudan\u00e7as Clim\u00e1ticas da Organiza\u00e7\u00e3o das Na\u00e7\u00f5es Unidas (COP-27).<\/p>\n<p data-track-category=\"Link no Texto\" data-track-links=\"\">\n<\/div>\n<\/div>\n<div class=\"wall protected-content\">\n<div id=\"chunk-f8nrg\">\n<div class=\"mc-column content-text active-extra-styles \" data-block-type=\"unstyled\" data-block-weight=\"42\" data-block-id=\"4\">\n<p class=\"content-text__container \" data-track-category=\"Link no Texto\" data-track-links=\"\">O anuncio do investimento de R$ 5 milh\u00f5es para o reflorestamento de parte da bacia do Taquari foi feito, nesta ter\u00e7a-feira (6), em Campo Grande. <span class=\"highlight highlighted\">O projeto visa restaurar \u00e1reas das cabeceiras do rio, com o plantio de 2 milh\u00f5es de \u00e1rvores.<\/span><\/p>\n<p data-track-category=\"Link no Texto\" data-track-links=\"\">\n<\/div>\n<\/div>\n<div id=\"chunk-5nk32\">\n<div class=\"mc-column content-text active-extra-styles \" data-block-type=\"unstyled\" data-block-weight=\"67\" data-block-id=\"5\">\n<p class=\"content-text__container \" data-track-category=\"Link no Texto\" data-track-links=\"\"><strong><span class=\"highlight highlighted\">O Rio Taquari nasce no extremo sul de Mato Grosso e percorre boa parte do Pantanal, em Mato Grosso do Sul, desaguando no Rio Paraguai.<\/span><\/strong> O rio tem quase 850 km de extens\u00e3o. <strong><span class=\"highlight highlighted\">A situa\u00e7\u00e3o mais grave e preocupante \u00e9 na regi\u00e3o de Corumb\u00e1, onde quase 100 km est\u00e3o completamente secos. No local, onde deveria correr \u00e1gua, tudo o que se v\u00ea \u00e9 uma estrada de areia.<\/span><\/strong><\/p>\n<\/div>\n<\/div>\n<div id=\"chunk-f74o3\">\n<div class=\"content-ads content-ads--reveal\" data-block-type=\"ads\" data-block-id=\"6\">\n<div><\/div>\n<\/div>\n<\/div>\n<div id=\"chunk-oebi\">\n<div class=\"mc-column content-text active-extra-styles \" data-block-type=\"unstyled\" data-block-weight=\"60\" data-block-id=\"7\">\n<p class=\"content-text__container \" data-track-category=\"Link no Texto\" data-track-links=\"\">O governador do estado, Eduardo Riedel (PSDB), foi categ\u00f3rico na fala ao abordar o combate ao desmatamento ilegal. Al\u00e9m do governo estadual, o projeto &#8220;Sementes do Taquari&#8221; ter\u00e1 apoio de empresas privadas. &#8220;O resultado ser\u00e1 um estado pr\u00f3spero e sustent\u00e1vel, n\u00e3o vamos abrir m\u00e3o destas premissas. Estamos seguindo um caminho seguro, que vai oferecer prosperidade e inclus\u00e3o para nossa gente\u201d.<\/p>\n<p data-track-category=\"Link no Texto\" data-track-links=\"\">\n<\/div>\n<\/div>\n<div id=\"chunk-f9an3\">\n<div class=\"mc-column content-text active-extra-styles \" data-block-type=\"unstyled\" data-block-weight=\"56\" data-block-id=\"8\">\n<p class=\"content-text__container \" data-track-category=\"Link no Texto\" data-track-links=\"\">O diretor-presidente do Instituto de Meio Ambiente de Mato Grosso do Sul (Imasul), Andr\u00e9 Borges, destacou que o parque tem 33 mil hectares. Para o representante, o estado vir\u00e1 na toada de conserva\u00e7\u00e3o. \u201cVamos atuar em 1.300 hectares. <span class=\"highlight highlighted\">Nosso objetivo \u00e9 fazer a recupera\u00e7\u00e3o, que representa 21% do Parque, que \u00e9 uma \u00e1rea degradada de pastagem\u201d.<\/span><\/p>\n<p data-track-category=\"Link no Texto\" data-track-links=\"\">\n<\/div>\n<\/div>\n<div class=\"mc-column content-text active-extra-styles\" data-block-type=\"raw\" data-block-weight=\"2\" data-block-id=\"9\">\n<p class=\"content-text__container\">\n<div class=\"content-intertitle\">\n<h2>Problema antigo<\/h2>\n<p>&nbsp;<\/p>\n<\/div>\n<p>&nbsp;<\/p>\n<\/div>\n<div id=\"chunk-e7j40\">\n<div class=\"row medium-uncollapsed content-media content-photo\" data-block-type=\"backstage-photo\" data-block-id=\"10\">\n<div class=\" mc-column  content-media__container\">\n<div class=\"content-media-container glb-skeleton-box\">\n<figure class=\"content-media-figure\">\n<p><figure style=\"width: 647px\" class=\"wp-caption aligncenter\"><img loading=\"lazy\" decoding=\"async\" class=\"i-amphtml-fill-content i-amphtml-replaced-content\" src=\"https:\/\/s2-g1.glbimg.com\/iz1cheWjMWzzVpb3xRgkA2sbQDc=\/0x0:1229x563\/984x0\/smart\/filters:strip_icc()\/i.s3.glbimg.com\/v1\/AUTH_59edd422c0c84a879bd37670ae4f538a\/internal_photos\/bs\/2022\/W\/X\/5zLx3BTWiVq0eRR8sNwQ\/whatsapp-image-2022-11-14-at-20.09.26.jpg\" sizes=\"auto, (max-width: 1366px) 648px, 100vw\" srcset=\"https:\/\/s2-g1.glbimg.com\/0WjUFlfNPDnjvBCEn_spTULFEHM=\/0x0:1229x563\/1000x0\/smart\/filters:strip_icc()\/i.s3.glbimg.com\/v1\/AUTH_59edd422c0c84a879bd37670ae4f538a\/internal_photos\/bs\/2022\/W\/X\/5zLx3BTWiVq0eRR8sNwQ\/whatsapp-image-2022-11-14-at-20.09.26.jpg 1000w, https:\/\/s2-g1.glbimg.com\/iz1cheWjMWzzVpb3xRgkA2sbQDc=\/0x0:1229x563\/984x0\/smart\/filters:strip_icc()\/i.s3.glbimg.com\/v1\/AUTH_59edd422c0c84a879bd37670ae4f538a\/internal_photos\/bs\/2022\/W\/X\/5zLx3BTWiVq0eRR8sNwQ\/whatsapp-image-2022-11-14-at-20.09.26.jpg 984w, https:\/\/s2-g1.glbimg.com\/ATosiH2mnG8SyrYra4GG2cYR6nA=\/0x0:1229x563\/640x0\/smart\/filters:strip_icc()\/i.s3.glbimg.com\/v1\/AUTH_59edd422c0c84a879bd37670ae4f538a\/internal_photos\/bs\/2022\/W\/X\/5zLx3BTWiVq0eRR8sNwQ\/whatsapp-image-2022-11-14-at-20.09.26.jpg 640w, https:\/\/s2-g1.glbimg.com\/vx5KzLR_68-hJmzJ2gzph-_UrkQ=\/0x0:1229x563\/600x0\/smart\/filters:strip_icc()\/i.s3.glbimg.com\/v1\/AUTH_59edd422c0c84a879bd37670ae4f538a\/internal_photos\/bs\/2022\/W\/X\/5zLx3BTWiVq0eRR8sNwQ\/whatsapp-image-2022-11-14-at-20.09.26.jpg 600w\" alt=\"Carca\u00e7a de jacar\u00e9 em parte assoreada do Rio Taquari. \u2014 Foto: Reprodu\u00e7\u00e3o\/TVMorena\" width=\"647\" height=\"297\" \/><figcaption class=\"wp-caption-text\">Carca\u00e7a de jacar\u00e9 em parte assoreada do Rio Taquari. \u2014 Foto: Reprodu\u00e7\u00e3o\/TVMorena<\/figcaption><\/figure><\/figure>\n<\/div>\n<p class=\"content-media__description  \">\n<\/div>\n<\/div>\n<\/div>\n<div id=\"chunk-3j6sr\">\n<div class=\"content-ads content-ads--reveal\" data-block-type=\"ads\" data-block-id=\"11\">\n<div><\/div>\n<\/div>\n<\/div>\n<div id=\"chunk-6398g\">\n<div class=\"mc-column content-text active-extra-styles \" data-block-type=\"unstyled\" data-block-weight=\"27\" data-block-id=\"12\">\n<p class=\"content-text__container \" data-track-category=\"Link no Texto\" data-track-links=\"\">O assoreamento do Taquari \u00e9 considerado por especialistas um dos maiores desastres ambientais do Brasil. Segundo os profissionais, o rio s\u00f3 ser\u00e1 recuperado se houver a\u00e7\u00f5es cont\u00ednuas.<\/p>\n<p data-track-category=\"Link no Texto\" data-track-links=\"\">\n<\/div>\n<\/div>\n<div id=\"chunk-7h6m0\">\n<div class=\"mc-column content-text active-extra-styles \" data-block-type=\"unstyled\" data-block-weight=\"31\" data-block-id=\"13\">\n<p class=\"content-text__container \" data-track-category=\"Link no Texto\" data-track-links=\"\">O ac\u00famulo de sedimentos no fundo do rio j\u00e1 dura mais de 30 anos e \u00e9 provocado pela explora\u00e7\u00e3o do Cerrado, como explica o diretor-executivo do Instituto Taquari Vivo, Renato Roscoe.<\/p>\n<p data-track-category=\"Link no Texto\" data-track-links=\"\">\n<\/div>\n<\/div>\n<div class=\"mc-column content-text active-extra-styles\" data-block-type=\"raw\" data-block-weight=\"69\" data-block-id=\"14\">\n<p class=\"content-text__container\">\n<blockquote class=\"content-blockquote theme-border-color-primary-before\"><p>\u201cO produtor rural naquela \u00e9poca, h\u00e1 quase trinta, quarenta anos atr\u00e1s, usou o que se tinha de conhecimento na \u00e9poca para abertura dessas \u00e1reas, sem se atentar que essas \u00e1reas eram muito mais fr\u00e1geis que as \u00e1reas do Cerrado. Por tanto, apontar os respons\u00e1veis por isso \u00e9 muito dif\u00edcil. Foi um processo hist\u00f3rico de ocupa\u00e7\u00e3o que acabou gerando os problemas que n\u00f3s vemos hoje no Rio Taquari\u201d, detalha Roscoe.<\/p><\/blockquote>\n<\/div>\n<p>&nbsp;<\/p>\n<div id=\"chunk-4h200\">\n<div class=\"mc-column content-text active-extra-styles \" data-block-type=\"unstyled\" data-block-weight=\"52\" data-block-id=\"15\">\n<p class=\"content-text__container \" data-track-category=\"Link no Texto\" data-track-links=\"\">Quem vive e cuida da regi\u00e3o sente os impactos do problema ambiental. \u201cO Rio Taquari realmente nos entristece pelo acontecido, penalizando a gente pantaneira, a gente do Taquari, a economia daquele lugar, das fazendas e, com certeza, uma perda de biodiversidade irrepar\u00e1vel\u201d, comenta o presidente do Instituto Homem Pantaneiro (IHP), \u00c2ngelo Rabelo.<\/p>\n<p data-track-category=\"Link no Texto\" data-track-links=\"\">\n<p class=\"content-publication-data__from\" title=\"Jos\u00e9 C\u00e2mara, g1 MS\">Por Jos\u00e9 C\u00e2mara, g1 MS<\/p>\n<\/div>\n<\/div>\n<\/div>\n","protected":false},"excerpt":{"rendered":"<p>Entre os rios mais assoreados do Brasil, o Taquari receber\u00e1 investimento do governo de Mato Grosso do Sul para o reflorestamento de 1,3 mil hectares. O pedido de socorro para o afluente j\u00e1 havia sido debatido por especialistas h\u00e1 alguns anos, como no caso da Confer\u00eancia sobre as Mudan\u00e7as Clim\u00e1ticas da Organiza\u00e7\u00e3o das Na\u00e7\u00f5es Unidas [&hellip;]<\/p>\n","protected":false},"author":5,"featured_media":90287,"comment_status":"closed","ping_status":"closed","sticky":false,"template":"","format":"standard","meta":{"footnotes":""},"categories":[144],"tags":[],"class_list":["post-241841","post","type-post","status-publish","format-standard","has-post-thumbnail","hentry","category-meio-ambiente"],"_links":{"self":[{"href":"https:\/\/www.ocorreionews.com.br\/acervo-correio\/index.php?rest_route=\/wp\/v2\/posts\/241841","targetHints":{"allow":["GET"]}}],"collection":[{"href":"https:\/\/www.ocorreionews.com.br\/acervo-correio\/index.php?rest_route=\/wp\/v2\/posts"}],"about":[{"href":"https:\/\/www.ocorreionews.com.br\/acervo-correio\/index.php?rest_route=\/wp\/v2\/types\/post"}],"author":[{"embeddable":true,"href":"https:\/\/www.ocorreionews.com.br\/acervo-correio\/index.php?rest_route=\/wp\/v2\/users\/5"}],"replies":[{"embeddable":true,"href":"https:\/\/www.ocorreionews.com.br\/acervo-correio\/index.php?rest_route=%2Fwp%2Fv2%2Fcomments&post=241841"}],"version-history":[{"count":1,"href":"https:\/\/www.ocorreionews.com.br\/acervo-correio\/index.php?rest_route=\/wp\/v2\/posts\/241841\/revisions"}],"predecessor-version":[{"id":241845,"href":"https:\/\/www.ocorreionews.com.br\/acervo-correio\/index.php?rest_route=\/wp\/v2\/posts\/241841\/revisions\/241845"}],"wp:featuredmedia":[{"embeddable":true,"href":"https:\/\/www.ocorreionews.com.br\/acervo-correio\/index.php?rest_route=\/wp\/v2\/media\/90287"}],"wp:attachment":[{"href":"https:\/\/www.ocorreionews.com.br\/acervo-correio\/index.php?rest_route=%2Fwp%2Fv2%2Fmedia&parent=241841"}],"wp:term":[{"taxonomy":"category","embeddable":true,"href":"https:\/\/www.ocorreionews.com.br\/acervo-correio\/index.php?rest_route=%2Fwp%2Fv2%2Fcategories&post=241841"},{"taxonomy":"post_tag","embeddable":true,"href":"https:\/\/www.ocorreionews.com.br\/acervo-correio\/index.php?rest_route=%2Fwp%2Fv2%2Ftags&post=241841"}],"curies":[{"name":"wp","href":"https:\/\/api.w.org\/{rel}","templated":true}]}}