{"id":241844,"date":"2023-06-07T08:41:30","date_gmt":"2023-06-07T12:41:30","guid":{"rendered":"https:\/\/www.ocorreionews.com.br\/acervo-correio\/?p=241844"},"modified":"2023-06-07T08:41:30","modified_gmt":"2023-06-07T12:41:30","slug":"homem-que-foi-baleado-em-paraiso-das-aguas-nao-resiste-e-morre-a-caminho-da-capital","status":"publish","type":"post","link":"https:\/\/www.ocorreionews.com.br\/acervo-correio\/?p=241844","title":{"rendered":"Homem que foi baleado em Para\u00edso das \u00c1guas n\u00e3o resiste e morre a caminho da capital"},"content":{"rendered":"<p>Faleceu na manh\u00e3 desta quarta-feira(7), o pedreiro, Cleverson Gon\u00e7alo da Silva, 29 anos, v\u00edtima de disparo de arma de fogo (tiro), alvejado na noite desta ter\u00e7a-feira(6), em sua resid\u00eancia, na Rua Nove, no Sonho Meu II, pr\u00f3ximo ao Clube do La\u00e7o de Para\u00edso das \u00c1guas.<\/p>\n<p>O suspeito do crime \u00e9 um morador do Assentamento Mateira, que chegou armado em uma picape na resid\u00eancia da v\u00edtima, chamou pelo seu nome, ao sair para atender, recebeu o disparo da arma de fogo.<\/p>\n<p>Um disparo atingiu o abd\u00f4men da v\u00edtima, que foi socorrido e conduzido ao PAM (Pronto Atendimento M\u00e9dico) e ap\u00f3s receber os primeiros socorros, foi conduzido ao Hospital Municipal de Chapad\u00e3o do Sul, onde passou por procedimentos m\u00e9dicos e transferido para a capital no in\u00edcio da manh\u00e3 desta quarta-feira, onde pr\u00f3ximo ao Posto S\u00e3o Pedro, na rodovia BR 060, n\u00e3o resistiu e veio a \u00f3bito.<\/p>\n<p><img loading=\"lazy\" decoding=\"async\" class=\"note-float-right aligncenter\" src=\"https:\/\/www.bncnoticias.com.br\/arquivos\/img-uploads\/imagem_639.jpg\" width=\"472\" height=\"627\" \/><\/p>\n<p>O autor do crime evadiu-se do local. A Pol\u00edcia Civil rapidamente o identificou e iniciou dilig\u00eancia madrugada a fora, sem \u00eaxito. Na resid\u00eancia do suspeito, em um lote no assentamento, foram apreendidas algumas armas, que acredita n\u00e3o ser nenhuma utilizada no crime.<\/p>\n<p><span style=\"font-family: Verdana;\">O delegado Dr. Igor Duarte Sousa encaminhou ao judici\u00e1rio, o pedido de pris\u00e3o preventiva do autor, onde o crime at\u00e9 ent\u00e3o tentativa de homic\u00eddio, dever\u00e1 ser convertido em homic\u00eddio.<\/span><\/p>\n<p><span style=\"font-family: Verdana;\">O corpo de Cleverson ser\u00e1 encaminhado ao IML (Instituto M\u00e9dico Legal) de Costa Rica (MS) pela Funer\u00e1ria e Pax S\u00e3o Judas Tadeu. Ele deixa filhos menores de idade.<\/span><\/p>\n<p>&nbsp;<\/p>\n<p>&nbsp;<\/p>\n<p>*BNC Not\u00edcias<\/p>\n","protected":false},"excerpt":{"rendered":"<p>Faleceu na manh\u00e3 desta quarta-feira(7), o pedreiro, Cleverson Gon\u00e7alo da Silva, 29 anos, v\u00edtima de disparo de arma de fogo (tiro), alvejado na noite desta ter\u00e7a-feira(6), em sua resid\u00eancia, na Rua Nove, no Sonho Meu II, pr\u00f3ximo ao Clube do La\u00e7o de Para\u00edso das \u00c1guas. O suspeito do crime \u00e9 um morador do Assentamento Mateira, [&hellip;]<\/p>\n","protected":false},"author":5,"featured_media":241846,"comment_status":"closed","ping_status":"closed","sticky":false,"template":"","format":"standard","meta":{"footnotes":""},"categories":[41,36],"tags":[],"class_list":["post-241844","post","type-post","status-publish","format-standard","has-post-thumbnail","hentry","category-destaque","category-paraiso-das-aguas"],"_links":{"self":[{"href":"https:\/\/www.ocorreionews.com.br\/acervo-correio\/index.php?rest_route=\/wp\/v2\/posts\/241844","targetHints":{"allow":["GET"]}}],"collection":[{"href":"https:\/\/www.ocorreionews.com.br\/acervo-correio\/index.php?rest_route=\/wp\/v2\/posts"}],"about":[{"href":"https:\/\/www.ocorreionews.com.br\/acervo-correio\/index.php?rest_route=\/wp\/v2\/types\/post"}],"author":[{"embeddable":true,"href":"https:\/\/www.ocorreionews.com.br\/acervo-correio\/index.php?rest_route=\/wp\/v2\/users\/5"}],"replies":[{"embeddable":true,"href":"https:\/\/www.ocorreionews.com.br\/acervo-correio\/index.php?rest_route=%2Fwp%2Fv2%2Fcomments&post=241844"}],"version-history":[{"count":1,"href":"https:\/\/www.ocorreionews.com.br\/acervo-correio\/index.php?rest_route=\/wp\/v2\/posts\/241844\/revisions"}],"predecessor-version":[{"id":241848,"href":"https:\/\/www.ocorreionews.com.br\/acervo-correio\/index.php?rest_route=\/wp\/v2\/posts\/241844\/revisions\/241848"}],"wp:featuredmedia":[{"embeddable":true,"href":"https:\/\/www.ocorreionews.com.br\/acervo-correio\/index.php?rest_route=\/wp\/v2\/media\/241846"}],"wp:attachment":[{"href":"https:\/\/www.ocorreionews.com.br\/acervo-correio\/index.php?rest_route=%2Fwp%2Fv2%2Fmedia&parent=241844"}],"wp:term":[{"taxonomy":"category","embeddable":true,"href":"https:\/\/www.ocorreionews.com.br\/acervo-correio\/index.php?rest_route=%2Fwp%2Fv2%2Fcategories&post=241844"},{"taxonomy":"post_tag","embeddable":true,"href":"https:\/\/www.ocorreionews.com.br\/acervo-correio\/index.php?rest_route=%2Fwp%2Fv2%2Ftags&post=241844"}],"curies":[{"name":"wp","href":"https:\/\/api.w.org\/{rel}","templated":true}]}}