{"id":241847,"date":"2023-06-07T08:52:54","date_gmt":"2023-06-07T12:52:54","guid":{"rendered":"https:\/\/www.ocorreionews.com.br\/acervo-correio\/?p=241847"},"modified":"2023-06-07T08:52:54","modified_gmt":"2023-06-07T12:52:54","slug":"carro-em-lavoura-de-milho-leva-policia-a-suspeito-de-acidente-que-matou-ciclista-em-ms","status":"publish","type":"post","link":"https:\/\/www.ocorreionews.com.br\/acervo-correio\/?p=241847","title":{"rendered":"Carro em lavoura de milho leva pol\u00edcia a suspeito de acidente que matou ciclista em MS"},"content":{"rendered":"<div id=\"chunk-e9rbr\">\n<div class=\"mc-column content-text active-extra-styles \" data-block-type=\"unstyled\" data-block-weight=\"57\" data-block-id=\"3\">\n<p class=\"content-text__container \" data-track-category=\"Link no Texto\" data-track-links=\"\">O condutor do ve\u00edculo que atingiu e matou o ciclista Jorge Gomes, de 59 anos, no domingo (4), foi encontrado pela Pol\u00edcia Civil. De acordo com nota divulgada, nesta ter\u00e7a (6), o suspeito foi descoberto ap\u00f3s investigadores encontrarem o carro do homem, de 35 anos, escondido em uma planta\u00e7\u00e3o de milho, na regi\u00e3o de Dourados (MS).<\/p>\n<p data-track-category=\"Link no Texto\" data-track-links=\"\">\n<\/div>\n<\/div>\n<div class=\"wall protected-content\">\n<div id=\"chunk-fpfgv\">\n<div class=\"mc-column content-text active-extra-styles \" data-block-type=\"unstyled\" data-block-weight=\"31\" data-block-id=\"4\">\n<p class=\"content-text__container \" data-track-category=\"Link no Texto\" data-track-links=\"\">Durante as dilig\u00eancias, os policiais encontraram o ve\u00edculo abandonado e confirmaram o envolvimento do carro na morte do ciclista. Jorge foi encontrado morto \u00e0s margens da BR-163, em Caarap\u00f3 (MS).<\/p>\n<p data-track-category=\"Link no Texto\" data-track-links=\"\">\n<\/div>\n<\/div>\n<div id=\"chunk-4nunc\">\n<div class=\"mc-column content-text active-extra-styles \" data-block-type=\"unstyled\" data-block-weight=\"42\" data-block-id=\"5\">\n<p class=\"content-text__container \" data-track-category=\"Link no Texto\" data-track-links=\"\">Ap\u00f3s a descoberta do carro, o suspeito foi identificado e interrogado. Em depoimento, o homem disse que n\u00e3o distinguiu na hora do acidente se teria colidido contra um animal ou contra uma pessoa. O suspeito fugiu sem prestar socorro \u00e0 v\u00edtima.<\/p>\n<\/div>\n<\/div>\n<div id=\"chunk-2qn4g\">\n<div><\/div>\n<\/div>\n<div id=\"chunk-7kfjp\">\n<div class=\"mc-column content-text active-extra-styles \" data-block-type=\"unstyled\" data-block-weight=\"23\" data-block-id=\"7\">\n<p class=\"content-text__container \" data-track-category=\"Link no Texto\" data-track-links=\"\">O autor foi indiciado pela pr\u00e1tica homic\u00eddio culposo na dire\u00e7\u00e3o de ve\u00edculo automotor, com aumento de pena em raz\u00e3o da omiss\u00e3o de socorro.<\/p>\n<p data-track-category=\"Link no Texto\" data-track-links=\"\">\n<\/div>\n<\/div>\n<div class=\"mc-column content-text active-extra-styles\" data-block-type=\"raw\" data-block-weight=\"3\" data-block-id=\"8\">\n<p class=\"content-text__container\">\n<div class=\"content-intertitle\">\n<h2>Entenda o caso<\/h2>\n<\/div>\n<\/div>\n<p>&nbsp;<\/p>\n<div id=\"chunk-c0t7c\">\n<div class=\"row medium-uncollapsed content-media content-photo\" data-block-type=\"backstage-photo\" data-block-id=\"9\">\n<div class=\" mc-column  content-media__container\">\n<div class=\"content-media-container glb-skeleton-box\">\n<figure class=\"content-media-figure\">\n<p><figure style=\"width: 647px\" class=\"wp-caption aligncenter\"><img loading=\"lazy\" decoding=\"async\" class=\"i-amphtml-fill-content i-amphtml-replaced-content\" src=\"https:\/\/s2-g1.glbimg.com\/I4w1M0uCKgKG1p9jkPXC9_x8qEM=\/0x0:1464x1080\/984x0\/smart\/filters:strip_icc()\/i.s3.glbimg.com\/v1\/AUTH_59edd422c0c84a879bd37670ae4f538a\/internal_photos\/bs\/2023\/t\/T\/vGdI7tQKK0qTAGiHaCDg\/sem-titulo.jpg\" sizes=\"auto, (max-width: 1366px) 648px, 100vw\" srcset=\"https:\/\/s2-g1.glbimg.com\/HS1-FDPMgYLoJDh42ifFa0FW67c=\/0x0:1464x1080\/1000x0\/smart\/filters:strip_icc()\/i.s3.glbimg.com\/v1\/AUTH_59edd422c0c84a879bd37670ae4f538a\/internal_photos\/bs\/2023\/t\/T\/vGdI7tQKK0qTAGiHaCDg\/sem-titulo.jpg 1000w, https:\/\/s2-g1.glbimg.com\/I4w1M0uCKgKG1p9jkPXC9_x8qEM=\/0x0:1464x1080\/984x0\/smart\/filters:strip_icc()\/i.s3.glbimg.com\/v1\/AUTH_59edd422c0c84a879bd37670ae4f538a\/internal_photos\/bs\/2023\/t\/T\/vGdI7tQKK0qTAGiHaCDg\/sem-titulo.jpg 984w, https:\/\/s2-g1.glbimg.com\/zxYyLuVK413Q0QgM96XDVAg0kEo=\/0x0:1464x1080\/640x0\/smart\/filters:strip_icc()\/i.s3.glbimg.com\/v1\/AUTH_59edd422c0c84a879bd37670ae4f538a\/internal_photos\/bs\/2023\/t\/T\/vGdI7tQKK0qTAGiHaCDg\/sem-titulo.jpg 640w, https:\/\/s2-g1.glbimg.com\/XtGlYhC3UvU_S2E8Wvww97rRzHc=\/0x0:1464x1080\/600x0\/smart\/filters:strip_icc()\/i.s3.glbimg.com\/v1\/AUTH_59edd422c0c84a879bd37670ae4f538a\/internal_photos\/bs\/2023\/t\/T\/vGdI7tQKK0qTAGiHaCDg\/sem-titulo.jpg 600w\" alt=\"Ciclista \u00e9 encontrado morto em rodovia federal.  \u2014 Foto: PCMS\/Reprodu\u00e7\u00e3o\" width=\"647\" height=\"478\" \/><figcaption class=\"wp-caption-text\">Ciclista \u00e9 encontrado morto em rodovia federal. \u2014 Foto: PCMS\/Reprodu\u00e7\u00e3o<\/figcaption><\/figure><\/figure>\n<\/div>\n<p class=\"content-media__description  \">\n<p>&nbsp;<\/p>\n<\/div>\n<\/div>\n<\/div>\n<div id=\"chunk-8abl3\">\n<div class=\"mc-column content-text active-extra-styles \" data-block-type=\"unstyled\" data-block-weight=\"28\" data-block-id=\"10\">\n<p class=\"content-text__container \" data-track-category=\"Link no Texto\" data-track-links=\"\">Um ciclista foi encontrado morto, \u00e0s margens da BR-163, em Caarap\u00f3 (MS), nesse domingo (4). A v\u00edtima foi identificada pela Pol\u00edcia Civil como Jorge Gomes, de 59 anos.<\/p>\n<p data-track-category=\"Link no Texto\" data-track-links=\"\">\n<\/div>\n<\/div>\n<div id=\"chunk-bg447\">\n<div class=\"mc-column content-text active-extra-styles \" data-block-type=\"unstyled\" data-block-weight=\"24\" data-block-id=\"11\">\n<p class=\"content-text__container \" data-track-category=\"Link no Texto\" data-track-links=\"\">De acordo com as informa\u00e7\u00f5es do Boletim de Ocorr\u00eancia, o ciclista foi encontrado morto por um motorista, que acionou a Pol\u00edcia Rodovi\u00e1ria Federal (PRF).<\/p>\n<p data-track-category=\"Link no Texto\" data-track-links=\"\">\n<\/div>\n<\/div>\n<div id=\"chunk-6or9m\">\n<div class=\"mc-column content-text active-extra-styles \" data-block-type=\"unstyled\" data-block-weight=\"26\" data-block-id=\"12\">\n<p class=\"content-text__container \" data-track-category=\"Link no Texto\" data-track-links=\"\">Assim que os oficiais chegaram ao local, viram o ciclista morto e acionaram a Pol\u00edcia Civil. Per\u00edcia T\u00e9cnica foi encaminhada ao local e constatou a morte.<\/p>\n<p data-track-category=\"Link no Texto\" data-track-links=\"\">\n<\/div>\n<\/div>\n<\/div>\n<p title=\"g1 MS\">\n<p class=\"content-publication-data__from\" title=\"g1 MS\">Por g1 MS<\/p>\n","protected":false},"excerpt":{"rendered":"<p>O condutor do ve\u00edculo que atingiu e matou o ciclista Jorge Gomes, de 59 anos, no domingo (4), foi encontrado pela Pol\u00edcia Civil. De acordo com nota divulgada, nesta ter\u00e7a (6), o suspeito foi descoberto ap\u00f3s investigadores encontrarem o carro do homem, de 35 anos, escondido em uma planta\u00e7\u00e3o de milho, na regi\u00e3o de Dourados [&hellip;]<\/p>\n","protected":false},"author":5,"featured_media":241849,"comment_status":"closed","ping_status":"closed","sticky":false,"template":"","format":"standard","meta":{"footnotes":""},"categories":[38],"tags":[],"class_list":["post-241847","post","type-post","status-publish","format-standard","has-post-thumbnail","hentry","category-policia"],"_links":{"self":[{"href":"https:\/\/www.ocorreionews.com.br\/acervo-correio\/index.php?rest_route=\/wp\/v2\/posts\/241847","targetHints":{"allow":["GET"]}}],"collection":[{"href":"https:\/\/www.ocorreionews.com.br\/acervo-correio\/index.php?rest_route=\/wp\/v2\/posts"}],"about":[{"href":"https:\/\/www.ocorreionews.com.br\/acervo-correio\/index.php?rest_route=\/wp\/v2\/types\/post"}],"author":[{"embeddable":true,"href":"https:\/\/www.ocorreionews.com.br\/acervo-correio\/index.php?rest_route=\/wp\/v2\/users\/5"}],"replies":[{"embeddable":true,"href":"https:\/\/www.ocorreionews.com.br\/acervo-correio\/index.php?rest_route=%2Fwp%2Fv2%2Fcomments&post=241847"}],"version-history":[{"count":1,"href":"https:\/\/www.ocorreionews.com.br\/acervo-correio\/index.php?rest_route=\/wp\/v2\/posts\/241847\/revisions"}],"predecessor-version":[{"id":241850,"href":"https:\/\/www.ocorreionews.com.br\/acervo-correio\/index.php?rest_route=\/wp\/v2\/posts\/241847\/revisions\/241850"}],"wp:featuredmedia":[{"embeddable":true,"href":"https:\/\/www.ocorreionews.com.br\/acervo-correio\/index.php?rest_route=\/wp\/v2\/media\/241849"}],"wp:attachment":[{"href":"https:\/\/www.ocorreionews.com.br\/acervo-correio\/index.php?rest_route=%2Fwp%2Fv2%2Fmedia&parent=241847"}],"wp:term":[{"taxonomy":"category","embeddable":true,"href":"https:\/\/www.ocorreionews.com.br\/acervo-correio\/index.php?rest_route=%2Fwp%2Fv2%2Fcategories&post=241847"},{"taxonomy":"post_tag","embeddable":true,"href":"https:\/\/www.ocorreionews.com.br\/acervo-correio\/index.php?rest_route=%2Fwp%2Fv2%2Ftags&post=241847"}],"curies":[{"name":"wp","href":"https:\/\/api.w.org\/{rel}","templated":true}]}}