{"id":241851,"date":"2023-06-07T09:07:06","date_gmt":"2023-06-07T13:07:06","guid":{"rendered":"https:\/\/www.ocorreionews.com.br\/acervo-correio\/?p=241851"},"modified":"2023-06-07T09:07:06","modified_gmt":"2023-06-07T13:07:06","slug":"volei-de-praia-de-chapadao-do-sul-participou-do-jojums-individuais-em-campo-grande","status":"publish","type":"post","link":"https:\/\/www.ocorreionews.com.br\/acervo-correio\/?p=241851","title":{"rendered":"V\u00f4lei de Praia de Chapad\u00e3o do Sul participou do JOJUMS individuais em Campo Grande"},"content":{"rendered":"<p>O v\u00f4lei de praia foi uma das modalidades individuais dos\u00a0JOJUMS (Jogos Escolares da Juventude de Mato Grosso do Sul), realizados em Campo Grande entre os dias 2 e 4 de junho. O evento promovido pela Fundesporte, contou com a participa\u00e7\u00e3o de mais de 400 atletas do Estado.<\/p>\n<p>Chapad\u00e3o do Sul foi representada por duas duplas, uma em cada naipe, que se destacaram na competi\u00e7\u00e3o. No masculino, Matheus Vilalva Neri e Luan Henrique de Queiroz Tiecher passaram em primeiro na fase de grupos e avan\u00e7aram at\u00e9 as oitavas de final, onde foram derrotados por Tr\u00eas Lagoas. No feminino, Anna Luiza Barreto e Kailani de Oliveira Carlos tamb\u00e9m ficaram em primeiro na fase de grupos, mas perderam nas oitavas de final para Bela Vista. O t\u00e9cnico respons\u00e1vel pelas equipes foi o professor Djairo Lima Domingues de Holanda.<\/p>\n<p>O v\u00f4lei de praia \u00e9 uma modalidade que vem crescendo no cen\u00e1rio esportivo nacional e estadual. Campo Grande j\u00e1 sediou etapas do Circuito Brasileiro de V\u00f4lei de Praia, que re\u00fane as melhores duplas do pa\u00eds. Os JOJUMS s\u00e3o uma oportunidade para revelar novos talentos e incentivar a pr\u00e1tica esportiva entre os estudantes.<\/p>\n<p>&nbsp;<\/p>\n<p>&nbsp;<\/p>\n<p>*Assecom PMCS<\/p>\n","protected":false},"excerpt":{"rendered":"<p>O v\u00f4lei de praia foi uma das modalidades individuais dos\u00a0JOJUMS (Jogos Escolares da Juventude de Mato Grosso do Sul), realizados em Campo Grande entre os dias 2 e 4 de junho. O evento promovido pela Fundesporte, contou com a participa\u00e7\u00e3o de mais de 400 atletas do Estado. Chapad\u00e3o do Sul foi representada por duas duplas, [&hellip;]<\/p>\n","protected":false},"author":5,"featured_media":241852,"comment_status":"closed","ping_status":"closed","sticky":false,"template":"","format":"standard","meta":{"footnotes":""},"categories":[23,29],"tags":[],"class_list":["post-241851","post","type-post","status-publish","format-standard","has-post-thumbnail","hentry","category-chapadao-do-sul","category-esporte"],"_links":{"self":[{"href":"https:\/\/www.ocorreionews.com.br\/acervo-correio\/index.php?rest_route=\/wp\/v2\/posts\/241851","targetHints":{"allow":["GET"]}}],"collection":[{"href":"https:\/\/www.ocorreionews.com.br\/acervo-correio\/index.php?rest_route=\/wp\/v2\/posts"}],"about":[{"href":"https:\/\/www.ocorreionews.com.br\/acervo-correio\/index.php?rest_route=\/wp\/v2\/types\/post"}],"author":[{"embeddable":true,"href":"https:\/\/www.ocorreionews.com.br\/acervo-correio\/index.php?rest_route=\/wp\/v2\/users\/5"}],"replies":[{"embeddable":true,"href":"https:\/\/www.ocorreionews.com.br\/acervo-correio\/index.php?rest_route=%2Fwp%2Fv2%2Fcomments&post=241851"}],"version-history":[{"count":1,"href":"https:\/\/www.ocorreionews.com.br\/acervo-correio\/index.php?rest_route=\/wp\/v2\/posts\/241851\/revisions"}],"predecessor-version":[{"id":241859,"href":"https:\/\/www.ocorreionews.com.br\/acervo-correio\/index.php?rest_route=\/wp\/v2\/posts\/241851\/revisions\/241859"}],"wp:featuredmedia":[{"embeddable":true,"href":"https:\/\/www.ocorreionews.com.br\/acervo-correio\/index.php?rest_route=\/wp\/v2\/media\/241852"}],"wp:attachment":[{"href":"https:\/\/www.ocorreionews.com.br\/acervo-correio\/index.php?rest_route=%2Fwp%2Fv2%2Fmedia&parent=241851"}],"wp:term":[{"taxonomy":"category","embeddable":true,"href":"https:\/\/www.ocorreionews.com.br\/acervo-correio\/index.php?rest_route=%2Fwp%2Fv2%2Fcategories&post=241851"},{"taxonomy":"post_tag","embeddable":true,"href":"https:\/\/www.ocorreionews.com.br\/acervo-correio\/index.php?rest_route=%2Fwp%2Fv2%2Ftags&post=241851"}],"curies":[{"name":"wp","href":"https:\/\/api.w.org\/{rel}","templated":true}]}}