{"id":241858,"date":"2023-06-07T09:12:50","date_gmt":"2023-06-07T13:12:50","guid":{"rendered":"https:\/\/www.ocorreionews.com.br\/acervo-correio\/?p=241858"},"modified":"2023-06-07T09:12:50","modified_gmt":"2023-06-07T13:12:50","slug":"sem-vacina-contra-leishmaniose-donos-buscam-alternativa-para-proteger-caes","status":"publish","type":"post","link":"https:\/\/www.ocorreionews.com.br\/acervo-correio\/?p=241858","title":{"rendered":"Sem vacina contra leishmaniose, donos buscam alternativa para proteger c\u00e3es"},"content":{"rendered":"<p>Donos de c\u00e3es est\u00e3o preocupados com a recente suspens\u00e3o tempor\u00e1ria da venda da vacina Leish-Tec, o \u00fanico imunizante contra leishmaniose dispon\u00edvel no Brasil. A medida de suspens\u00e3o foi tomada pela empresa de sa\u00fade e bem-estar animal, Ceva Sa\u00fade Animal, que \u00e9 respons\u00e1vel pela comercializa\u00e7\u00e3o da vacina no pa\u00eds.<\/p>\n<p>A suspens\u00e3o foi anunciada no dia 22 de maio, ap\u00f3s suspeitas de viola\u00e7\u00e3o em seis lotes do imunizante. Em nota emitida pela empresa, foram identificados desvios em 42 lotes. A multinacional decretou que os imunizantes deveriam ser recolhidos imediatamente para an\u00e1lise.<\/p>\n<p>Com a suspens\u00e3o do \u00fanico imunizante dispon\u00edvel no mercado, os donos de pets se mostraram apreensivos com a decis\u00e3o. Um deles \u00e9 o engenheiro eletricista Gustavo Roberto Vieira Nunes, de 54 anos, que sempre vacinou seus cachorros com a Leish-Tec. &#8220;Sempre tratei meus animais com essa vacina, mas agora estamos sem saber como ser\u00e1 o desenrolar. N\u00e3o sabemos se a imuniza\u00e7\u00e3o foi efetiva.&#8221;<\/p>\n<p>Gustavo \u00e9 dono de sete cachorros, sendo que dois deles moram com ele em sua resid\u00eancia em Campo Grande. Os outros cinco est\u00e3o em uma fazenda, na regi\u00e3o do munic\u00edpio de Terenos, a 25 km da Capital. \u201cCom exce\u00e7\u00e3o de um cachorro, todos os outros eram tratados com a Leish-Tec. A gente agora est\u00e1 sem saber o que fazer, porque essa \u00e9 a \u00fanica vacina que temos no Brasil para leishmaniose.\u201d<\/p>\n<figure style=\"width: 900px\" class=\"wp-caption aligncenter\"><img loading=\"lazy\" decoding=\"async\" class=\"img-fluid\" src=\"https:\/\/cdn6.campograndenews.com.br\/uploads\/noticias\/2023\/06\/06\/obfuypbh2f65.jpeg\" sizes=\"auto, (min-width: 1024px) calc(.5 * (100vw - 21.875em)), 100vw\" srcset=\"https:\/\/cdn6.campograndenews.com.br\/uploads\/noticias\/2023\/06\/06\/10hplmr6pfdjo.jpeg 1024w, https:\/\/cdn6.campograndenews.com.br\/uploads\/noticias\/2023\/06\/06\/1soycrrvvu501.jpeg 640w, https:\/\/cdn6.campograndenews.com.br\/uploads\/noticias\/2023\/06\/06\/obfuypbh2f65.jpeg 320w\" alt=\"Rambo, cane corso recentemente vacinado (Foto: Arquivo pessoal)\" width=\"900\" height=\"963\" \/><figcaption class=\"wp-caption-text\">Rambo, cane corso recentemente vacinado (Foto: Arquivo pessoal)<\/figcaption><\/figure>\n<p>&nbsp;<\/p>\n<p>Um dos cachorros \u00e9 Rambo, um cane corso que recentemente foi vacinado com a Leish-Tec. \u201cO mais novinho tomou as tr\u00eas doses. Uma semana depois, eu fiquei sabendo da suspens\u00e3o, ent\u00e3o n\u00e3o sabemos se o animal est\u00e1 imunizado ou n\u00e3o\u201d, relata Gustavo.<\/p>\n<p>De acordo com Gustavo, ele e sua fam\u00edlia sempre tentaram dar uma condi\u00e7\u00e3o digna para os animais, mas o cuidado foi redobrado ap\u00f3s perder Edu, um cachorro da ra\u00e7a fox, no ano passado para a leishmaniose. \u201cFizemos todo o acompanhamento com a veterin\u00e1ria durante um ano e meio. Usamos os medicamentos recomendados, monitoramos com exames. S\u00f3 que infelizmente ele n\u00e3o resistiu e faleceu\u201d, lamenta.<\/p>\n<p>Desde ent\u00e3o, o engenheiro eletricista vacina regularmente seus outros c\u00e3es com a Leish-Tec. \u201cA gente conhecia a doen\u00e7a, mas n\u00e3o tinha no\u00e7\u00e3o de qu\u00e3o agressiva era. Com a perda do Edu, ficamos preocupados e come\u00e7amos a procurar mais informa\u00e7\u00f5es. Foi quando encontramos a vacina. Desde ent\u00e3o come\u00e7amos a fazer a vacina\u00e7\u00e3o peri\u00f3dica dos nossos animais.\u201d<\/p>\n<p>Para Gustavo, a Leish-Tec era considerada a principal op\u00e7\u00e3o de preven\u00e7\u00e3o, entretanto, com a suspens\u00e3o, ele relata que est\u00e1 apreensivo. \u201cMesmo que o animal use a coleira, \u00e9 arriscado, ainda mais para animais que moram em fazenda e tem o risco de se perder no mato. A vacina dava um refor\u00e7o a mais\u201d.<\/p>\n<figure style=\"width: 900px\" class=\"wp-caption aligncenter\"><img loading=\"lazy\" decoding=\"async\" class=\"img-fluid\" src=\"https:\/\/cdn6.campograndenews.com.br\/uploads\/noticias\/2023\/06\/06\/1dzoiehjhbmww.jpeg\" sizes=\"auto, (min-width: 1024px) calc(.5 * (100vw - 21.875em)), 100vw\" srcset=\"https:\/\/cdn6.campograndenews.com.br\/uploads\/noticias\/2023\/06\/06\/2y0akcfbyqkg0.jpeg 1024w, https:\/\/cdn6.campograndenews.com.br\/uploads\/noticias\/2023\/06\/06\/152smbbfhhsqs.jpeg 640w, https:\/\/cdn6.campograndenews.com.br\/uploads\/noticias\/2023\/06\/06\/1dzoiehjhbmww.jpeg 320w\" alt=\"Gustavo adotou Tim\u00e3o e Pumba, que moram em sua fazenda em Terenos (Foto: Arquivo pessoal)\" width=\"900\" height=\"836\" \/><figcaption class=\"wp-caption-text\">Gustavo adotou Tim\u00e3o e Pumba, que moram em sua fazenda em Terenos (Foto: Arquivo pessoal)<\/figcaption><\/figure>\n<p>&nbsp;<\/p>\n<p><strong>Preven\u00e7\u00e3o &#8211;<\/strong> Mesmo sem previs\u00e3o de volta da vacina, alguns veterin\u00e1rios t\u00eam recomendado outras medidas de preven\u00e7\u00e3o. A veterin\u00e1ria Ana Beatriz de Barros Maciel aponta que existem tratamentos que podem auxiliar na preven\u00e7\u00e3o da doen\u00e7a, como o uso de repelentes.<\/p>\n<p>\u201cAtualmente, com a suspens\u00e3o da vacina, a orienta\u00e7\u00e3o para os tutores \u00e9 usar repelentes t\u00f3picos e manter a limpeza dos quintais para evitar a prolifera\u00e7\u00e3o do fleb\u00f3tomo, al\u00e9m do uso de coleiras e sprays repelentes. Existem op\u00e7\u00f5es de dura\u00e7\u00e3o curta e longa, de modo que \u00e9 essencial proteger os animais que n\u00e3o foram vacinados para evitar que se infectem com a Leishmaniose\u201d, explica Ana Beatriz.<\/p>\n<p>No caso de animais j\u00e1 infectados, ela menciona que, embora n\u00e3o haja uma cura definitiva para a doen\u00e7a, \u00e9 poss\u00edvel alcan\u00e7ar a cura cl\u00ednica, proporcionando aos animais uma boa qualidade de vida.<\/p>\n<p>A veterin\u00e1ria Ana Beatriz tamb\u00e9m ressalta que caso os animais estejam em tratamento com a terapia autoimune, \u00e9 recomendado que os donos procurem um veterin\u00e1rio para fazer a troca do tratamento, a fim de evitar a dissemina\u00e7\u00e3o da Leishmaniose. \u201c\u00c9 importante ajustar e adaptar o tratamento de acordo com a situa\u00e7\u00e3o de cada animal.&#8221;<\/p>\n<p><strong>Doen\u00e7a &#8211;<\/strong> A leishmaniose visceral \u00e9 uma doen\u00e7a transmitida pela picada de flebotom\u00edneos infectados, conhecidos popularmente como mosquito-palha. No Brasil, de acordo com os dados mais recentes do Minist\u00e9rio da Sa\u00fade, foram registrados 1.683 casos de leishmaniose visceral humana no ano de 2021.<\/p>\n<figure style=\"width: 714px\" class=\"wp-caption aligncenter\"><img loading=\"lazy\" decoding=\"async\" class=\"img-fluid\" src=\"https:\/\/cdn6.campograndenews.com.br\/uploads\/noticias\/2023\/06\/06\/1z7pfztceun4o.jpg\" sizes=\"auto, (min-width: 1024px) calc(.5 * (100vw - 21.875em)), 100vw\" srcset=\"https:\/\/cdn6.campograndenews.com.br\/uploads\/noticias\/2023\/06\/06\/2jds4tmep4cgw.jpg 1024w, https:\/\/cdn6.campograndenews.com.br\/uploads\/noticias\/2023\/06\/06\/3j02yd35dpusk.jpg 640w, https:\/\/cdn6.campograndenews.com.br\/uploads\/noticias\/2023\/06\/06\/1z7pfztceun4o.jpg 320w\" alt=\"Cachorro em est\u00e1gio intermedi\u00e1rio da leishmaniose visceral (Foto: Arquivo\/Divulga\u00e7\u00e3o)\" width=\"714\" height=\"474\" \/><figcaption class=\"wp-caption-text\">Cachorro em est\u00e1gio intermedi\u00e1rio da leishmaniose visceral (Foto: Arquivo\/Divulga\u00e7\u00e3o)<\/figcaption><\/figure>\n<p>&nbsp;<\/p>\n<p>A enfermidade tamb\u00e9m afeta os animais, sendo um problema especialmente relevante em Campo Grande. Segundo o CCZ (Centro de Controle de Zoonoses), em 2022 foram registrados 1.670 casos positivos de leishmaniose em animais, considerando apenas os tutores que procuraram o \u00f3rg\u00e3o para realizar testes.<\/p>\n<p>Os exames realizados em cl\u00ednicas particulares n\u00e3o s\u00e3o computados nas estat\u00edsticas do CCZ. Entre janeiro e abril deste ano, j\u00e1 foram registrados 703 casos positivos, representando um \u00edndice de 35% em rela\u00e7\u00e3o ao n\u00famero total de coletas realizadas.<\/p>\n<p><strong>Previs\u00e3o<\/strong> &#8211; A reportagem entrou em contato com a Ceva Sa\u00fade Animal para obter informa\u00e7\u00f5es sobre a previs\u00e3o de retorno da vacina Leish-Tec ao mercado. At\u00e9 o fechamento desta mat\u00e9ria, n\u00e3o foi obtida resposta. O espa\u00e7o permanece aberto para futuros posicionamentos da empresa.<\/p>\n<p>&nbsp;<\/p>\n<p>Por Mylena Fraiha &#8211;\u00a0 CAMPO GRANDE NEWS<\/p>\n","protected":false},"excerpt":{"rendered":"<p>Donos de c\u00e3es est\u00e3o preocupados com a recente suspens\u00e3o tempor\u00e1ria da venda da vacina Leish-Tec, o \u00fanico imunizante contra leishmaniose dispon\u00edvel no Brasil. A medida de suspens\u00e3o foi tomada pela empresa de sa\u00fade e bem-estar animal, Ceva Sa\u00fade Animal, que \u00e9 respons\u00e1vel pela comercializa\u00e7\u00e3o da vacina no pa\u00eds. A suspens\u00e3o foi anunciada no dia 22 [&hellip;]<\/p>\n","protected":false},"author":5,"featured_media":241854,"comment_status":"closed","ping_status":"closed","sticky":false,"template":"","format":"standard","meta":{"footnotes":""},"categories":[39],"tags":[],"class_list":["post-241858","post","type-post","status-publish","format-standard","has-post-thumbnail","hentry","category-saude"],"_links":{"self":[{"href":"https:\/\/www.ocorreionews.com.br\/acervo-correio\/index.php?rest_route=\/wp\/v2\/posts\/241858","targetHints":{"allow":["GET"]}}],"collection":[{"href":"https:\/\/www.ocorreionews.com.br\/acervo-correio\/index.php?rest_route=\/wp\/v2\/posts"}],"about":[{"href":"https:\/\/www.ocorreionews.com.br\/acervo-correio\/index.php?rest_route=\/wp\/v2\/types\/post"}],"author":[{"embeddable":true,"href":"https:\/\/www.ocorreionews.com.br\/acervo-correio\/index.php?rest_route=\/wp\/v2\/users\/5"}],"replies":[{"embeddable":true,"href":"https:\/\/www.ocorreionews.com.br\/acervo-correio\/index.php?rest_route=%2Fwp%2Fv2%2Fcomments&post=241858"}],"version-history":[{"count":1,"href":"https:\/\/www.ocorreionews.com.br\/acervo-correio\/index.php?rest_route=\/wp\/v2\/posts\/241858\/revisions"}],"predecessor-version":[{"id":241862,"href":"https:\/\/www.ocorreionews.com.br\/acervo-correio\/index.php?rest_route=\/wp\/v2\/posts\/241858\/revisions\/241862"}],"wp:featuredmedia":[{"embeddable":true,"href":"https:\/\/www.ocorreionews.com.br\/acervo-correio\/index.php?rest_route=\/wp\/v2\/media\/241854"}],"wp:attachment":[{"href":"https:\/\/www.ocorreionews.com.br\/acervo-correio\/index.php?rest_route=%2Fwp%2Fv2%2Fmedia&parent=241858"}],"wp:term":[{"taxonomy":"category","embeddable":true,"href":"https:\/\/www.ocorreionews.com.br\/acervo-correio\/index.php?rest_route=%2Fwp%2Fv2%2Fcategories&post=241858"},{"taxonomy":"post_tag","embeddable":true,"href":"https:\/\/www.ocorreionews.com.br\/acervo-correio\/index.php?rest_route=%2Fwp%2Fv2%2Ftags&post=241858"}],"curies":[{"name":"wp","href":"https:\/\/api.w.org\/{rel}","templated":true}]}}