{"id":241866,"date":"2023-06-07T09:36:18","date_gmt":"2023-06-07T13:36:18","guid":{"rendered":"https:\/\/www.ocorreionews.com.br\/acervo-correio\/?p=241866"},"modified":"2023-06-07T09:36:18","modified_gmt":"2023-06-07T13:36:18","slug":"inaugurada-ampliacao-e-acessibilidade-da-camara-de-vereadores-de-costa-rica","status":"publish","type":"post","link":"https:\/\/www.ocorreionews.com.br\/acervo-correio\/?p=241866","title":{"rendered":"Inaugurada amplia\u00e7\u00e3o e acessibilidade da C\u00e2mara de Vereadores de Costa Rica"},"content":{"rendered":"<p>A C\u00e2mara de Vereadores inaugurou na segunda-feira (29) a obra de amplia\u00e7\u00e3o do Plen\u00e1rio Simino Jorge de Oliveira e novo telhado, a constru\u00e7\u00e3o de novos e mais amplos banheiros do Plen\u00e1rio, com acessibilidade, de uma nova fachada em vidros, com hall de entrada com acessibilidade, de uma nova copa, salas administrativas e dep\u00f3sito.<\/p>\n<p>A obra ainda possibilitou a realoca\u00e7\u00e3o da Secretaria Legislativa da C\u00e2mara, em um espa\u00e7o mais amplo para acomodar a servidoras desse setor. A Secretaria \u00e9 o cora\u00e7\u00e3o da Casa de Leis, respons\u00e1vel pela gest\u00e3o de todos os processos legislativos da C\u00e2mara, em conjunto com a Assessoria Parlamentar e a Diretoria Geral, que tamb\u00e9m ganharam novas salas.<\/p>\n<p>Antes da reforma, o Plen\u00e1rio da C\u00e2mara possu\u00eda 109,39 metros quadrados. Agora, com a amplia\u00e7\u00e3o, ele passou a ter 160,93 metros quadrados, um aumento de 47,12% da \u00e1rea total do Plen\u00e1rio, o que aumenta o espa\u00e7o para o p\u00fablico e garante mais conforto para a plateia assistir aos eventos na C\u00e2mara.<\/p>\n<p>Ao iniciar a cerim\u00f4nia de inaugura\u00e7\u00e3o na presen\u00e7a dos 11 vereadores, o vice-prefeito Roni Cota, secret\u00e1rios, servidores do legislativo e mun\u00edcipes o padre da Par\u00f3quia Santo Ant\u00f4nio de P\u00e1dua, Ivanildo J\u00fanior da Silva, promoveu a ben\u00e7\u00e3o do pr\u00e9dio.<\/p>\n<p>Representando os servidores da Casa, a assistente de secretaria desta Casa de Leis Priscila Barbosa Pali\u00e3o Diniz falou sobre as melhorias que a obra representa.<\/p>\n<p>\u201cEstamos felizes com a amplia\u00e7\u00e3o, pois propiciou um ambiente mais confort\u00e1vel para desempenhar nossas fun\u00e7\u00f5es com excel\u00eancia e celeridade, al\u00e9m de proporcionar a nossa sociedade a acompanhar os trabalhos da Camara em um local mais amplo e confort\u00e1vel. Quero parabenizar a ex-presidente Prof\u00aa Manuelina pelo brilhante projeto e a gest\u00e3o atual por concluir essas melhorias\u201d, disse.<\/p>\n<p>Lembrada por todos como idealizadora da obra, a 2\u00aa secret\u00e1ria e ex-presidente do Legislativo Municipal em 2022, prof. Me. Manuelina Martins da Silva Arantes Cabral (MDB), contou como foram dados os primeiros passos para a concretiza\u00e7\u00e3o da obra.<\/p>\n<p>\u201cFomos questionados quando iniciamos mais uma obra, mas quando cheguei aqui em 2020, uma coisa que me incomodava era a falta de acessibilidade do plen\u00e1rio e os banheiros n\u00e3o atendiam a nossa popula\u00e7\u00e3o. Nossa secretaria legislativa era um pouco em cada ala do pr\u00e9dio e hoje est\u00e3o todos no mesmo espa\u00e7o e \u00e9 uma alegria contribuir um pouquinho com a qualidade de servi\u00e7o que ser\u00e1 ofertado a nossa popula\u00e7\u00e3o\u201d, falou a vereadora prof. Manuelina.<\/p>\n<p>O presidente da C\u00e2mara, Ailton Martins de Amorim (MDB), finalizou falando da execu\u00e7\u00e3o da obra.<\/p>\n<p>\u201cAgradecer aos servidores que desde o in\u00edcio trabalharam no projeto, e aqueles que foram afetados com a reforma, pois sabemos os contratempos que nos s\u00e3o colocados, por isso agradecemos a compreens\u00e3o. Parab\u00e9ns a professora Manuelina, como sabemos a gente inicia e entramos querendo finalizar, por\u00e9m dentro de um ano sabemos que \u00e9 muito pouco para concluir e n\u00f3s cumprimos e ainda conseguimos contribuir com outras melhorias, como a nova cobertura e telhado da secretaria que n\u00e3o constava no projeto inicial. Esse \u00e9 um espa\u00e7o do povo e ele est\u00e1 aqui dispon\u00edvel para nossa popula\u00e7\u00e3o\u201d, destacou Ailton.<\/p>\n<p>&nbsp;<\/p>\n<p><strong>Hist\u00f3rico de investimentos <\/strong><\/p>\n<p>Nos \u00faltimos cinco anos, a C\u00e2mara de Vereadores investiu em importantes obras, cada uma delas essenciais para o funcionamento do Poder Legislativo Municipal.<\/p>\n<p>Em 2018, na gest\u00e3o do presidente \u00e0 \u00e9poca, Dr. Maia, a C\u00e2mara ganhou uma nova fachada, que melhorou o aspecto visual externo da Casa de Leis.<\/p>\n<p>Naquele ano, o Poder Legislativo tamb\u00e9m inaugurou o sistema pr\u00f3prio de gera\u00e7\u00e3o de energia solar e investiu na constru\u00e7\u00e3o de um novo telhado sobre a parte mais antiga do pr\u00e9dio da C\u00e2mara, para resolver problemas com goteiras e abrigar as placas de gera\u00e7\u00e3o de energia solar.<\/p>\n<p>J\u00e1 em 2019, na gest\u00e3o do presidente naquele ano, Averaldo Barbosa, a C\u00e2mara investiu na amplia\u00e7\u00e3o do pr\u00e9dio do Poder Legislativo, com a constru\u00e7\u00e3o de uma sala de reuni\u00f5es, novos banheiros e mais setes salas para acomodarem a maioria dos setores administrativos da Casa de Leis.<\/p>\n<p>Vale lembrar que em 2018 a C\u00e2mara realizou concurso p\u00fablico e, ap\u00f3s tomarem posse, a maioria desses novos servidores efetivos n\u00e3o tinham salas para trabalharem.<\/p>\n<p>Em 2021, mais uma vez na gest\u00e3o de Averaldo Barbosa como presidente, a C\u00e2mara investiu na constru\u00e7\u00e3o da sala de controle de som e v\u00eddeo do Plen\u00e1rio e em adequa\u00e7\u00f5es para melhorar a acessibilidade ao Plen\u00e1rio para pessoas deficientes ou com mobilidade reduzida.<\/p>\n<p>E por fim, em 2022, na gest\u00e3o da presidente \u00e0 \u00e9poca, Professora Manuelina, a C\u00e2mara lan\u00e7ou a obra de amplia\u00e7\u00e3o do Plen\u00e1rio do Poder Legislativo, com o objetivo de aumentar a capacidade de p\u00fablico nesse espa\u00e7o.<\/p>\n<p>&nbsp;<\/p>\n<p>&nbsp;<\/p>\n<p><strong>Informa\u00e7\u00f5es:<\/strong><\/p>\n<p>Cassiane Mews\/ Assessora de Imprensa<\/p>\n","protected":false},"excerpt":{"rendered":"<p>A C\u00e2mara de Vereadores inaugurou na segunda-feira (29) a obra de amplia\u00e7\u00e3o do Plen\u00e1rio Simino Jorge de Oliveira e novo telhado, a constru\u00e7\u00e3o de novos e mais amplos banheiros do Plen\u00e1rio, com acessibilidade, de uma nova fachada em vidros, com hall de entrada com acessibilidade, de uma nova copa, salas administrativas e dep\u00f3sito. A obra [&hellip;]<\/p>\n","protected":false},"author":4,"featured_media":241870,"comment_status":"closed","ping_status":"closed","sticky":false,"template":"","format":"standard","meta":{"footnotes":""},"categories":[20,25],"tags":[],"class_list":["post-241866","post","type-post","status-publish","format-standard","has-post-thumbnail","hentry","category-camara-municipal","category-costa-rica"],"_links":{"self":[{"href":"https:\/\/www.ocorreionews.com.br\/acervo-correio\/index.php?rest_route=\/wp\/v2\/posts\/241866","targetHints":{"allow":["GET"]}}],"collection":[{"href":"https:\/\/www.ocorreionews.com.br\/acervo-correio\/index.php?rest_route=\/wp\/v2\/posts"}],"about":[{"href":"https:\/\/www.ocorreionews.com.br\/acervo-correio\/index.php?rest_route=\/wp\/v2\/types\/post"}],"author":[{"embeddable":true,"href":"https:\/\/www.ocorreionews.com.br\/acervo-correio\/index.php?rest_route=\/wp\/v2\/users\/4"}],"replies":[{"embeddable":true,"href":"https:\/\/www.ocorreionews.com.br\/acervo-correio\/index.php?rest_route=%2Fwp%2Fv2%2Fcomments&post=241866"}],"version-history":[{"count":1,"href":"https:\/\/www.ocorreionews.com.br\/acervo-correio\/index.php?rest_route=\/wp\/v2\/posts\/241866\/revisions"}],"predecessor-version":[{"id":241871,"href":"https:\/\/www.ocorreionews.com.br\/acervo-correio\/index.php?rest_route=\/wp\/v2\/posts\/241866\/revisions\/241871"}],"wp:featuredmedia":[{"embeddable":true,"href":"https:\/\/www.ocorreionews.com.br\/acervo-correio\/index.php?rest_route=\/wp\/v2\/media\/241870"}],"wp:attachment":[{"href":"https:\/\/www.ocorreionews.com.br\/acervo-correio\/index.php?rest_route=%2Fwp%2Fv2%2Fmedia&parent=241866"}],"wp:term":[{"taxonomy":"category","embeddable":true,"href":"https:\/\/www.ocorreionews.com.br\/acervo-correio\/index.php?rest_route=%2Fwp%2Fv2%2Fcategories&post=241866"},{"taxonomy":"post_tag","embeddable":true,"href":"https:\/\/www.ocorreionews.com.br\/acervo-correio\/index.php?rest_route=%2Fwp%2Fv2%2Ftags&post=241866"}],"curies":[{"name":"wp","href":"https:\/\/api.w.org\/{rel}","templated":true}]}}