{"id":242184,"date":"2023-06-11T09:26:17","date_gmt":"2023-06-11T13:26:17","guid":{"rendered":"https:\/\/www.ocorreionews.com.br\/acervo-correio\/?p=242184"},"modified":"2023-06-12T09:56:30","modified_gmt":"2023-06-12T13:56:30","slug":"policial-perito-criminal-mata-homem-apos-discursao-no-interior-de-ms","status":"publish","type":"post","link":"https:\/\/www.ocorreionews.com.br\/acervo-correio\/?p=242184","title":{"rendered":"Policial perito criminal mata homem ap\u00f3s discuss\u00e3o no interior de MS"},"content":{"rendered":"<p>Homem identificado como Wanson Filiacin, de 30 anos, foi morto com dois tiros no t\u00f3rax ap\u00f3s discuss\u00e3o com o perito criminal Edmilson Nunes Jardim J\u00fanior, 36, durante a tarde deste s\u00e1bado (10) no terminal rodovi\u00e1rio de Itaquira\u00ed, cidade a 405 quil\u00f4metros da Capital.<\/p>\n<p>De acordo com o boletim da ocorr\u00eancia, a guarni\u00e7\u00e3o da Pol\u00edcia Militar foi acionada por volta das 15h40 para atender uma ocorr\u00eancia de disparo de arma de fogo no p\u00e1tio do terminal. Ao chegar no local, o corpo de Wanson estava ca\u00eddo ao solo e sem sinais vitais.<\/p>\n<p>Veja o Video no Link Abaixo<\/p>\n<p><a href=\"https:\/\/www.campograndenews.com.br\/brid\/brid.php?id=18987&amp;video=1323137&amp;partner_id=14682&amp;monetize=true\">https:\/\/www.campograndenews.com.br\/brid\/brid.php?id=18987&amp;video=1323137&amp;partner_id=14682&amp;monetize=true<\/a><\/p>\n<p>O registro apontou que o civil foi abordado pela equipe que atendeu a ocorr\u00eancia. Durante a dilig\u00eancia, ele teve a pistola de calibre .40 recolhida. Ao ser questionado, ele relatou que teve uma discuss\u00e3o com a v\u00edtima.<\/p>\n<p>Em seu depoimento, o perito afirmou que foi agredido de forma verbal por Wanson. A discuss\u00e3o evoluiu para agress\u00f5es f\u00edsicas que rasgaram a parte frontal de sua camiseta. Ao derrubar a v\u00edtima, Edmilson sacou a arma e realizou os disparos.<\/p>\n<p><img decoding=\"async\" src=\"https:\/\/cdn.brid.tv\/live\/partners\/14682\/snapshot\/1323137_sd_6485255aa0c9c_1686447450.jpg\" \/><\/p>\n<p>Ainda segundo o hist\u00f3rico da ocorr\u00eancia, amigos e familiares da v\u00edtima chegaram no local do crime em dire\u00e7\u00e3o ao perito na inten\u00e7\u00e3o de agredi-lo. A guarni\u00e7\u00e3o utilizou for\u00e7a moderada e realizou um disparo para dispersar o grupo. O cap\u00f4 da viatura que transportava o perito at\u00e9 a Delegacia de Pol\u00edcia do munic\u00edpio, onde o caso foi registrado como homic\u00eddio simples, foi danificado.<\/p>\n<p>Edmilson Nunes j\u00e1 foi perito papilocopista, mas passou em novo concurso e tomou posse como perito criminal no dia 31 de maio deste ano.<\/p>\n<p>Por Gustavo Bonotto -: CAMPO GRANDE NEWS<\/p>\n","protected":false},"excerpt":{"rendered":"<p>Homem identificado como Wanson Filiacin, de 30 anos, foi morto com dois tiros no t\u00f3rax ap\u00f3s discuss\u00e3o com o perito criminal Edmilson Nunes Jardim J\u00fanior, 36, durante a tarde deste s\u00e1bado (10) no terminal rodovi\u00e1rio de Itaquira\u00ed, cidade a 405 quil\u00f4metros da Capital. De acordo com o boletim da ocorr\u00eancia, a guarni\u00e7\u00e3o da Pol\u00edcia Militar [&hellip;]<\/p>\n","protected":false},"author":4,"featured_media":242189,"comment_status":"closed","ping_status":"closed","sticky":false,"template":"","format":"standard","meta":{"footnotes":""},"categories":[31],"tags":[],"class_list":["post-242184","post","type-post","status-publish","format-standard","has-post-thumbnail","hentry","category-geral"],"_links":{"self":[{"href":"https:\/\/www.ocorreionews.com.br\/acervo-correio\/index.php?rest_route=\/wp\/v2\/posts\/242184","targetHints":{"allow":["GET"]}}],"collection":[{"href":"https:\/\/www.ocorreionews.com.br\/acervo-correio\/index.php?rest_route=\/wp\/v2\/posts"}],"about":[{"href":"https:\/\/www.ocorreionews.com.br\/acervo-correio\/index.php?rest_route=\/wp\/v2\/types\/post"}],"author":[{"embeddable":true,"href":"https:\/\/www.ocorreionews.com.br\/acervo-correio\/index.php?rest_route=\/wp\/v2\/users\/4"}],"replies":[{"embeddable":true,"href":"https:\/\/www.ocorreionews.com.br\/acervo-correio\/index.php?rest_route=%2Fwp%2Fv2%2Fcomments&post=242184"}],"version-history":[{"count":1,"href":"https:\/\/www.ocorreionews.com.br\/acervo-correio\/index.php?rest_route=\/wp\/v2\/posts\/242184\/revisions"}],"predecessor-version":[{"id":242266,"href":"https:\/\/www.ocorreionews.com.br\/acervo-correio\/index.php?rest_route=\/wp\/v2\/posts\/242184\/revisions\/242266"}],"wp:featuredmedia":[{"embeddable":true,"href":"https:\/\/www.ocorreionews.com.br\/acervo-correio\/index.php?rest_route=\/wp\/v2\/media\/242189"}],"wp:attachment":[{"href":"https:\/\/www.ocorreionews.com.br\/acervo-correio\/index.php?rest_route=%2Fwp%2Fv2%2Fmedia&parent=242184"}],"wp:term":[{"taxonomy":"category","embeddable":true,"href":"https:\/\/www.ocorreionews.com.br\/acervo-correio\/index.php?rest_route=%2Fwp%2Fv2%2Fcategories&post=242184"},{"taxonomy":"post_tag","embeddable":true,"href":"https:\/\/www.ocorreionews.com.br\/acervo-correio\/index.php?rest_route=%2Fwp%2Fv2%2Ftags&post=242184"}],"curies":[{"name":"wp","href":"https:\/\/api.w.org\/{rel}","templated":true}]}}