{"id":242229,"date":"2023-06-12T07:41:27","date_gmt":"2023-06-12T11:41:27","guid":{"rendered":"https:\/\/www.ocorreionews.com.br\/acervo-correio\/?p=242229"},"modified":"2023-06-12T07:41:27","modified_gmt":"2023-06-12T11:41:27","slug":"acidente-envolvendo-duas-carretas-e-uma-camionete-deixa-dois-mortos-na-br-163","status":"publish","type":"post","link":"https:\/\/www.ocorreionews.com.br\/acervo-correio\/?p=242229","title":{"rendered":"Acidente envolvendo duas carretas e uma camionete deixa dois mortos na BR-163"},"content":{"rendered":"<p>uas pessoas, ainda n\u00e3o identificadas, morreram na tarde deste domingo (11) em acidente envolvendo duas carretas carregadas com gr\u00e3os e ra\u00e7\u00e3o e uma camionete Fiat Toro, na BR-163 entre Mundo Novo e Eldorado, regi\u00e3o sul do Estado.<\/p>\n<p>De acordo com informa\u00e7\u00f5es preliminares, as vitimas eram ocupantes da camionete que seguia sentido Mundo Novo, que era conduzida por um homem e tinha uma mulher como passageira. Ambos ficaram presos \u00e0s ferragens que ficou soterrada com gr\u00e3os de soja.<\/p>\n<div id=\"taboola-mid-article\" class=\"d-print-none my-3\"><\/div>\n<p>Ainda n\u00e3o se sabe o que motivou o acidente. Com o impacto a carga de soja e de ra\u00e7\u00e3o ficaram espalhadas pela pista, que ficou interditada por algumas horas, causando grande congestionamento. Os motoristas das carretas n\u00e3o ficaram feridos.<\/p>\n<p>O Corpo de Bombeiros foi acionado para retirar as vitimas das ferragens juntamente com funcion\u00e1rios da CCR MSvia. A PRF (Pol\u00edcia Rodovi\u00e1ria Federal) foi acionada para controlar o trafego e peritos da Pol\u00edcia Civil foram ao local para apurar as causas do acidente.<\/p>\n<p>Campo Grande news<\/p>\n","protected":false},"excerpt":{"rendered":"<p>uas pessoas, ainda n\u00e3o identificadas, morreram na tarde deste domingo (11) em acidente envolvendo duas carretas carregadas com gr\u00e3os e ra\u00e7\u00e3o e uma camionete Fiat Toro, na BR-163 entre Mundo Novo e Eldorado, regi\u00e3o sul do Estado. De acordo com informa\u00e7\u00f5es preliminares, as vitimas eram ocupantes da camionete que seguia sentido Mundo Novo, que era [&hellip;]<\/p>\n","protected":false},"author":4,"featured_media":242231,"comment_status":"closed","ping_status":"closed","sticky":false,"template":"","format":"standard","meta":{"footnotes":""},"categories":[31],"tags":[],"class_list":["post-242229","post","type-post","status-publish","format-standard","has-post-thumbnail","hentry","category-geral"],"_links":{"self":[{"href":"https:\/\/www.ocorreionews.com.br\/acervo-correio\/index.php?rest_route=\/wp\/v2\/posts\/242229","targetHints":{"allow":["GET"]}}],"collection":[{"href":"https:\/\/www.ocorreionews.com.br\/acervo-correio\/index.php?rest_route=\/wp\/v2\/posts"}],"about":[{"href":"https:\/\/www.ocorreionews.com.br\/acervo-correio\/index.php?rest_route=\/wp\/v2\/types\/post"}],"author":[{"embeddable":true,"href":"https:\/\/www.ocorreionews.com.br\/acervo-correio\/index.php?rest_route=\/wp\/v2\/users\/4"}],"replies":[{"embeddable":true,"href":"https:\/\/www.ocorreionews.com.br\/acervo-correio\/index.php?rest_route=%2Fwp%2Fv2%2Fcomments&post=242229"}],"version-history":[{"count":1,"href":"https:\/\/www.ocorreionews.com.br\/acervo-correio\/index.php?rest_route=\/wp\/v2\/posts\/242229\/revisions"}],"predecessor-version":[{"id":242232,"href":"https:\/\/www.ocorreionews.com.br\/acervo-correio\/index.php?rest_route=\/wp\/v2\/posts\/242229\/revisions\/242232"}],"wp:featuredmedia":[{"embeddable":true,"href":"https:\/\/www.ocorreionews.com.br\/acervo-correio\/index.php?rest_route=\/wp\/v2\/media\/242231"}],"wp:attachment":[{"href":"https:\/\/www.ocorreionews.com.br\/acervo-correio\/index.php?rest_route=%2Fwp%2Fv2%2Fmedia&parent=242229"}],"wp:term":[{"taxonomy":"category","embeddable":true,"href":"https:\/\/www.ocorreionews.com.br\/acervo-correio\/index.php?rest_route=%2Fwp%2Fv2%2Fcategories&post=242229"},{"taxonomy":"post_tag","embeddable":true,"href":"https:\/\/www.ocorreionews.com.br\/acervo-correio\/index.php?rest_route=%2Fwp%2Fv2%2Ftags&post=242229"}],"curies":[{"name":"wp","href":"https:\/\/api.w.org\/{rel}","templated":true}]}}