{"id":242286,"date":"2023-06-12T10:55:23","date_gmt":"2023-06-12T14:55:23","guid":{"rendered":"https:\/\/www.ocorreionews.com.br\/acervo-correio\/?p=242286"},"modified":"2023-06-12T18:11:13","modified_gmt":"2023-06-12T22:11:13","slug":"acidente-na-serra-sucuriu-em-paraiso-das-aguas","status":"publish","type":"post","link":"https:\/\/www.ocorreionews.com.br\/acervo-correio\/?p=242286","title":{"rendered":"Caminh\u00e3o perde freio e atingi carro que seguia atr\u00e1s na serra da ponte do rio Sucuri\u00fa em Para\u00edso das \u00c1guas"},"content":{"rendered":"<p>Na manh\u00e3 desta segunda-feira (12) foi registrado um acidente envolvendo um ve\u00edculo de passeio e um caminh\u00e3o basculante, na serra Sucuri\u00fa, na rodovia BR 060, a 3 km do per\u00edmetro urbano de Para\u00edso das \u00c1guas.<\/p>\n<p>As primeiras informa\u00e7\u00f5es s\u00e3o de que o caminh\u00e3o estava carregado com areia e teve problemas no freio e embreagem ao subir a serra, quando voltou de marcha r\u00e9 e o ve\u00edculo que seguia no mesmo sentido, acabou colidindo contra a ca\u00e7amba do caminh\u00e3o.<\/p>\n<p>O Condutor do carro de passeio morador de Chapad\u00e3o do Sul era o diretor administrativo da Ampasul, que nada sofreu.<\/p>\n<p><a href=\"https:\/\/www.ocorreionews.com.br\/acervo-correio\/wp-content\/uploads\/2023\/06\/ac-pont-paraiso33.png\"><img loading=\"lazy\" decoding=\"async\" class=\"alignnone size-full wp-image-242288\" src=\"https:\/\/www.ocorreionews.com.br\/acervo-correio\/wp-content\/uploads\/2023\/06\/ac-pont-paraiso33.png\" alt=\"\" width=\"707\" height=\"989\" srcset=\"https:\/\/www.ocorreionews.com.br\/acervo-correio\/wp-content\/uploads\/2023\/06\/ac-pont-paraiso33.png 707w, https:\/\/www.ocorreionews.com.br\/acervo-correio\/wp-content\/uploads\/2023\/06\/ac-pont-paraiso33-214x300.png 214w\" sizes=\"auto, (max-width: 707px) 100vw, 707px\" \/><\/a> <a href=\"https:\/\/www.ocorreionews.com.br\/acervo-correio\/wp-content\/uploads\/2023\/06\/ac-caminhao-serra.png\"><img loading=\"lazy\" decoding=\"async\" class=\"alignnone size-full wp-image-242289\" src=\"https:\/\/www.ocorreionews.com.br\/acervo-correio\/wp-content\/uploads\/2023\/06\/ac-caminhao-serra.png\" alt=\"\" width=\"717\" height=\"439\" srcset=\"https:\/\/www.ocorreionews.com.br\/acervo-correio\/wp-content\/uploads\/2023\/06\/ac-caminhao-serra.png 717w, https:\/\/www.ocorreionews.com.br\/acervo-correio\/wp-content\/uploads\/2023\/06\/ac-caminhao-serra-300x184.png 300w\" sizes=\"auto, (max-width: 717px) 100vw, 717px\" \/><\/a> <a href=\"https:\/\/www.ocorreionews.com.br\/acervo-correio\/wp-content\/uploads\/2023\/06\/ac-pont-paraisok.jpg\"><img loading=\"lazy\" decoding=\"async\" class=\"alignnone size-full wp-image-242291\" src=\"https:\/\/www.ocorreionews.com.br\/acervo-correio\/wp-content\/uploads\/2023\/06\/ac-pont-paraisok.jpg\" alt=\"\" width=\"1600\" height=\"1200\" srcset=\"https:\/\/www.ocorreionews.com.br\/acervo-correio\/wp-content\/uploads\/2023\/06\/ac-pont-paraisok.jpg 1600w, https:\/\/www.ocorreionews.com.br\/acervo-correio\/wp-content\/uploads\/2023\/06\/ac-pont-paraisok-300x225.jpg 300w, https:\/\/www.ocorreionews.com.br\/acervo-correio\/wp-content\/uploads\/2023\/06\/ac-pont-paraisok-1024x768.jpg 1024w, https:\/\/www.ocorreionews.com.br\/acervo-correio\/wp-content\/uploads\/2023\/06\/ac-pont-paraisok-768x576.jpg 768w, https:\/\/www.ocorreionews.com.br\/acervo-correio\/wp-content\/uploads\/2023\/06\/ac-pont-paraisok-1536x1152.jpg 1536w, https:\/\/www.ocorreionews.com.br\/acervo-correio\/wp-content\/uploads\/2023\/06\/ac-pont-paraisok-86x64.jpg 86w\" sizes=\"auto, (max-width: 1600px) 100vw, 1600px\" \/><\/a><\/p>\n","protected":false},"excerpt":{"rendered":"<p>Na manh\u00e3 desta segunda-feira (12) foi registrado um acidente envolvendo um ve\u00edculo de passeio e um caminh\u00e3o basculante, na serra Sucuri\u00fa, na rodovia BR 060, a 3 km do per\u00edmetro urbano de Para\u00edso das \u00c1guas. As primeiras informa\u00e7\u00f5es s\u00e3o de que o caminh\u00e3o estava carregado com areia e teve problemas no freio e embreagem ao [&hellip;]<\/p>\n","protected":false},"author":4,"featured_media":242290,"comment_status":"closed","ping_status":"closed","sticky":false,"template":"","format":"standard","meta":{"footnotes":""},"categories":[36,38],"tags":[],"class_list":["post-242286","post","type-post","status-publish","format-standard","has-post-thumbnail","hentry","category-paraiso-das-aguas","category-policia"],"_links":{"self":[{"href":"https:\/\/www.ocorreionews.com.br\/acervo-correio\/index.php?rest_route=\/wp\/v2\/posts\/242286","targetHints":{"allow":["GET"]}}],"collection":[{"href":"https:\/\/www.ocorreionews.com.br\/acervo-correio\/index.php?rest_route=\/wp\/v2\/posts"}],"about":[{"href":"https:\/\/www.ocorreionews.com.br\/acervo-correio\/index.php?rest_route=\/wp\/v2\/types\/post"}],"author":[{"embeddable":true,"href":"https:\/\/www.ocorreionews.com.br\/acervo-correio\/index.php?rest_route=\/wp\/v2\/users\/4"}],"replies":[{"embeddable":true,"href":"https:\/\/www.ocorreionews.com.br\/acervo-correio\/index.php?rest_route=%2Fwp%2Fv2%2Fcomments&post=242286"}],"version-history":[{"count":1,"href":"https:\/\/www.ocorreionews.com.br\/acervo-correio\/index.php?rest_route=\/wp\/v2\/posts\/242286\/revisions"}],"predecessor-version":[{"id":242366,"href":"https:\/\/www.ocorreionews.com.br\/acervo-correio\/index.php?rest_route=\/wp\/v2\/posts\/242286\/revisions\/242366"}],"wp:featuredmedia":[{"embeddable":true,"href":"https:\/\/www.ocorreionews.com.br\/acervo-correio\/index.php?rest_route=\/wp\/v2\/media\/242290"}],"wp:attachment":[{"href":"https:\/\/www.ocorreionews.com.br\/acervo-correio\/index.php?rest_route=%2Fwp%2Fv2%2Fmedia&parent=242286"}],"wp:term":[{"taxonomy":"category","embeddable":true,"href":"https:\/\/www.ocorreionews.com.br\/acervo-correio\/index.php?rest_route=%2Fwp%2Fv2%2Fcategories&post=242286"},{"taxonomy":"post_tag","embeddable":true,"href":"https:\/\/www.ocorreionews.com.br\/acervo-correio\/index.php?rest_route=%2Fwp%2Fv2%2Ftags&post=242286"}],"curies":[{"name":"wp","href":"https:\/\/api.w.org\/{rel}","templated":true}]}}