{"id":242303,"date":"2023-06-12T14:10:00","date_gmt":"2023-06-12T18:10:00","guid":{"rendered":"https:\/\/www.ocorreionews.com.br\/acervo-correio\/?p=242303"},"modified":"2023-06-12T14:10:00","modified_gmt":"2023-06-12T18:10:00","slug":"homem-furta-carro-de-parente-colidi-com-poste-ao-fugir-de-abordagem-policial-em-chapadao-do-sul","status":"publish","type":"post","link":"https:\/\/www.ocorreionews.com.br\/acervo-correio\/?p=242303","title":{"rendered":"Homem furta carro de parente colidi com poste ao fugir de abordagem policial em Chapad\u00e3o do Sul"},"content":{"rendered":"<p>Na madrugada do ultimo s\u00e1bado (10), um homem de 32 anos, foi preso ap\u00f3s tentar fugir de uma abordagem policial, colidir o ve\u00edculo que havia furtado de um familiar em um poste de energia no Centro de Chapad\u00e3o do Sul. O autor ainda usava uma tornozeleira eletr\u00f4nica que estava sem funcionar.<\/p>\n<p>De acordo com informa\u00e7\u00f5es do Boletim de Ocorr\u00eancia, uma guarni\u00e7\u00e3o da PM realizava rondas de rotinas na regi\u00e3o central de Chapad\u00e3o do Sul, quando visualizaram um ve\u00edculo VW\/Gol 1.6 Power, de cor prata, ap\u00f3s tentar uma abordagem e o condutor desobedecer \u00e0 ordem de parada e empreendeu fuga at\u00e9 colidir em um poste de energia na Rua Vinte com R. Sete.<\/p>\n<p>Em seguida continuou a fuga a p\u00e9, mas foi alcan\u00e7ado pelos policiais que realizaram a abordagem e, durante entrevista, o condutor relatou que pegou o ve\u00edculo emprestado para comprar drogas e estava fazendo uso de crack dentro do carro. Mas que foi desmentido posteriormente pelo propriet\u00e1rio do ve\u00edculo, que informou que o autor havia pegado ve\u00edculo\u00a0 sem autoriza\u00e7\u00e3o.<\/p>\n<p>O autor se encontra monitorado com uso de tornozeleira eletr\u00f4nica, por\u00e9m a mesma estava desligada.<\/p>\n<p>O ve\u00edculo teve danos na parte lateral esquerda e traseira.<\/p>\n<p>O condutor foi encaminhado para delegacia para provid\u00eancias.<\/p>\n","protected":false},"excerpt":{"rendered":"<p>Na madrugada do ultimo s\u00e1bado (10), um homem de 32 anos, foi preso ap\u00f3s tentar fugir de uma abordagem policial, colidir o ve\u00edculo que havia furtado de um familiar em um poste de energia no Centro de Chapad\u00e3o do Sul. O autor ainda usava uma tornozeleira eletr\u00f4nica que estava sem funcionar. De acordo com informa\u00e7\u00f5es [&hellip;]<\/p>\n","protected":false},"author":5,"featured_media":229309,"comment_status":"closed","ping_status":"closed","sticky":false,"template":"","format":"standard","meta":{"footnotes":""},"categories":[23,38],"tags":[],"class_list":["post-242303","post","type-post","status-publish","format-standard","has-post-thumbnail","hentry","category-chapadao-do-sul","category-policia"],"_links":{"self":[{"href":"https:\/\/www.ocorreionews.com.br\/acervo-correio\/index.php?rest_route=\/wp\/v2\/posts\/242303","targetHints":{"allow":["GET"]}}],"collection":[{"href":"https:\/\/www.ocorreionews.com.br\/acervo-correio\/index.php?rest_route=\/wp\/v2\/posts"}],"about":[{"href":"https:\/\/www.ocorreionews.com.br\/acervo-correio\/index.php?rest_route=\/wp\/v2\/types\/post"}],"author":[{"embeddable":true,"href":"https:\/\/www.ocorreionews.com.br\/acervo-correio\/index.php?rest_route=\/wp\/v2\/users\/5"}],"replies":[{"embeddable":true,"href":"https:\/\/www.ocorreionews.com.br\/acervo-correio\/index.php?rest_route=%2Fwp%2Fv2%2Fcomments&post=242303"}],"version-history":[{"count":1,"href":"https:\/\/www.ocorreionews.com.br\/acervo-correio\/index.php?rest_route=\/wp\/v2\/posts\/242303\/revisions"}],"predecessor-version":[{"id":242306,"href":"https:\/\/www.ocorreionews.com.br\/acervo-correio\/index.php?rest_route=\/wp\/v2\/posts\/242303\/revisions\/242306"}],"wp:featuredmedia":[{"embeddable":true,"href":"https:\/\/www.ocorreionews.com.br\/acervo-correio\/index.php?rest_route=\/wp\/v2\/media\/229309"}],"wp:attachment":[{"href":"https:\/\/www.ocorreionews.com.br\/acervo-correio\/index.php?rest_route=%2Fwp%2Fv2%2Fmedia&parent=242303"}],"wp:term":[{"taxonomy":"category","embeddable":true,"href":"https:\/\/www.ocorreionews.com.br\/acervo-correio\/index.php?rest_route=%2Fwp%2Fv2%2Fcategories&post=242303"},{"taxonomy":"post_tag","embeddable":true,"href":"https:\/\/www.ocorreionews.com.br\/acervo-correio\/index.php?rest_route=%2Fwp%2Fv2%2Ftags&post=242303"}],"curies":[{"name":"wp","href":"https:\/\/api.w.org\/{rel}","templated":true}]}}