{"id":242323,"date":"2023-06-12T14:55:19","date_gmt":"2023-06-12T18:55:19","guid":{"rendered":"https:\/\/www.ocorreionews.com.br\/acervo-correio\/?p=242323"},"modified":"2023-06-12T14:55:19","modified_gmt":"2023-06-12T18:55:19","slug":"usuario-e-traficante-sao-presos-em-praca-no-centro-de-chapadao-do-sul","status":"publish","type":"post","link":"https:\/\/www.ocorreionews.com.br\/acervo-correio\/?p=242323","title":{"rendered":"Usu\u00e1rio e traficante s\u00e3o presos em pra\u00e7a no Centro de Chapad\u00e3o do Sul"},"content":{"rendered":"<p>Na noite do \u00faltimo s\u00e1bado (10), dois jovens foram presos na Pra\u00e7a 23 de Outubro, ap\u00f3s policias flagrarem os autores em atitudes suspeitas.<\/p>\n<p>De acordo com informa\u00e7\u00f5es do Boletim de Ocorr\u00eancia, por volta das 23h50min uma guarni\u00e7\u00e3o realizava patrulhamento na Pra\u00e7a 23 de outubro, e abordou dois indiv\u00edduos, sendo que o homem de 25 anos relatou que \u00e9 usu\u00e1rio e iria comprar drogas. Durante revista pessoal, foi localizada uma por\u00e7\u00e3o de coca\u00edna com o homem de 21 anos, que confirmou que entregaria o entorpecente ao outro abordado.<\/p>\n<p>O homem de 21 anos informou ainda que teria mais drogas em sua resid\u00eancia e acompanhou os policiais at\u00e9 l\u00e1, onde foram encontradas mais 6,4 gramas de coca\u00edna e 7,9 gramas de maconha, al\u00e9m de uma balan\u00e7a de precis\u00e3o, embalagens pl\u00e1sticas e a quantia de R$851,00 em esp\u00e9cie.<\/p>\n<p>Diante da situa\u00e7\u00e3o ambos foram presos e encaminhados para delegacia de pol\u00edcia para provid\u00eancias cab\u00edveis.<\/p>\n<p><a href=\"https:\/\/www.ocorreionews.com.br\/acervo-correio\/wp-content\/uploads\/2023\/06\/trafico-praca.jpg\"><img loading=\"lazy\" decoding=\"async\" class=\"wp-image-242326 aligncenter\" src=\"https:\/\/www.ocorreionews.com.br\/acervo-correio\/wp-content\/uploads\/2023\/06\/trafico-praca.jpg\" alt=\"\" width=\"595\" height=\"1058\" srcset=\"https:\/\/www.ocorreionews.com.br\/acervo-correio\/wp-content\/uploads\/2023\/06\/trafico-praca.jpg 900w, https:\/\/www.ocorreionews.com.br\/acervo-correio\/wp-content\/uploads\/2023\/06\/trafico-praca-169x300.jpg 169w, https:\/\/www.ocorreionews.com.br\/acervo-correio\/wp-content\/uploads\/2023\/06\/trafico-praca-576x1024.jpg 576w, https:\/\/www.ocorreionews.com.br\/acervo-correio\/wp-content\/uploads\/2023\/06\/trafico-praca-768x1365.jpg 768w, https:\/\/www.ocorreionews.com.br\/acervo-correio\/wp-content\/uploads\/2023\/06\/trafico-praca-864x1536.jpg 864w\" sizes=\"auto, (max-width: 595px) 100vw, 595px\" \/><\/a><\/p>\n","protected":false},"excerpt":{"rendered":"<p>Na noite do \u00faltimo s\u00e1bado (10), dois jovens foram presos na Pra\u00e7a 23 de Outubro, ap\u00f3s policias flagrarem os autores em atitudes suspeitas. De acordo com informa\u00e7\u00f5es do Boletim de Ocorr\u00eancia, por volta das 23h50min uma guarni\u00e7\u00e3o realizava patrulhamento na Pra\u00e7a 23 de outubro, e abordou dois indiv\u00edduos, sendo que o homem de 25 anos [&hellip;]<\/p>\n","protected":false},"author":5,"featured_media":242325,"comment_status":"closed","ping_status":"closed","sticky":false,"template":"","format":"standard","meta":{"footnotes":""},"categories":[23,38],"tags":[],"class_list":["post-242323","post","type-post","status-publish","format-standard","has-post-thumbnail","hentry","category-chapadao-do-sul","category-policia"],"_links":{"self":[{"href":"https:\/\/www.ocorreionews.com.br\/acervo-correio\/index.php?rest_route=\/wp\/v2\/posts\/242323","targetHints":{"allow":["GET"]}}],"collection":[{"href":"https:\/\/www.ocorreionews.com.br\/acervo-correio\/index.php?rest_route=\/wp\/v2\/posts"}],"about":[{"href":"https:\/\/www.ocorreionews.com.br\/acervo-correio\/index.php?rest_route=\/wp\/v2\/types\/post"}],"author":[{"embeddable":true,"href":"https:\/\/www.ocorreionews.com.br\/acervo-correio\/index.php?rest_route=\/wp\/v2\/users\/5"}],"replies":[{"embeddable":true,"href":"https:\/\/www.ocorreionews.com.br\/acervo-correio\/index.php?rest_route=%2Fwp%2Fv2%2Fcomments&post=242323"}],"version-history":[{"count":1,"href":"https:\/\/www.ocorreionews.com.br\/acervo-correio\/index.php?rest_route=\/wp\/v2\/posts\/242323\/revisions"}],"predecessor-version":[{"id":242327,"href":"https:\/\/www.ocorreionews.com.br\/acervo-correio\/index.php?rest_route=\/wp\/v2\/posts\/242323\/revisions\/242327"}],"wp:featuredmedia":[{"embeddable":true,"href":"https:\/\/www.ocorreionews.com.br\/acervo-correio\/index.php?rest_route=\/wp\/v2\/media\/242325"}],"wp:attachment":[{"href":"https:\/\/www.ocorreionews.com.br\/acervo-correio\/index.php?rest_route=%2Fwp%2Fv2%2Fmedia&parent=242323"}],"wp:term":[{"taxonomy":"category","embeddable":true,"href":"https:\/\/www.ocorreionews.com.br\/acervo-correio\/index.php?rest_route=%2Fwp%2Fv2%2Fcategories&post=242323"},{"taxonomy":"post_tag","embeddable":true,"href":"https:\/\/www.ocorreionews.com.br\/acervo-correio\/index.php?rest_route=%2Fwp%2Fv2%2Ftags&post=242323"}],"curies":[{"name":"wp","href":"https:\/\/api.w.org\/{rel}","templated":true}]}}