{"id":242324,"date":"2023-06-12T15:14:21","date_gmt":"2023-06-12T19:14:21","guid":{"rendered":"https:\/\/www.ocorreionews.com.br\/acervo-correio\/?p=242324"},"modified":"2023-06-12T18:31:54","modified_gmt":"2023-06-12T22:31:54","slug":"jovem-e-preso-ao-ameacar-e-funcionarios-e-clientes-de-um-comercio-de-chapadao-do-sul-e-ainda-desacatar-os-policiais","status":"publish","type":"post","link":"https:\/\/www.ocorreionews.com.br\/acervo-correio\/?p=242324","title":{"rendered":"Jovem \u00e9 preso ao amea\u00e7ar funcion\u00e1rios e clientes de um comercio de Chapad\u00e3o do Sul e ainda desacatar os policiais"},"content":{"rendered":"<p>&nbsp;<\/p>\n<p>Na noite deste domingo (11), um jovem de 24 anos foi preso ap\u00f3s ir at\u00e9 um estabelecimento comercial amea\u00e7ar funcion\u00e1rio e clientes, e tamb\u00e9m os policiais em Chapad\u00e3o do Sul.<\/p>\n<p>De acordo com informa\u00e7\u00f5es do Boletim de Ocorr\u00eancia, por volta das 19 horas, a pol\u00edcia militar de Chapad\u00e3o do Sul foi acionada via 190, a comparecer em um estabelecimento comercial na Rua Dourados no Bairro Espat\u00f3dia, onde o autor estava amea\u00e7ando clientes e funcion\u00e1rios duas mulheres \u00a017 e 26 anos e dois homens 28 e 21 anos ali presentes.<\/p>\n<p>Ainda segundo as v\u00edtimas, o autor ficava mexendo em sua roupa insinuando que portava alguma arma.<\/p>\n<p>De imediato os policias foram at\u00e9 o local, e encontrou o indiv\u00edduo que resistiu a abordagem e come\u00e7ou a desacatar e desobedi\u00eancia contra a Pol\u00edcia Militar, falas do tipo \u201cvou trombar com voc\u00eas na cidade\u201d, \u201csei onde voc\u00eas est\u00e3o na folga\u201d.<\/p>\n<p>Diante o acontecido o autor foi levado para exame de corpo de delito e encaminhado para a Delegacia de Pol\u00edcia para tomar as providencias cab\u00edveis.<\/p>\n","protected":false},"excerpt":{"rendered":"<p>&nbsp; Na noite deste domingo (11), um jovem de 24 anos foi preso ap\u00f3s ir at\u00e9 um estabelecimento comercial amea\u00e7ar funcion\u00e1rio e clientes, e tamb\u00e9m os policiais em Chapad\u00e3o do Sul. De acordo com informa\u00e7\u00f5es do Boletim de Ocorr\u00eancia, por volta das 19 horas, a pol\u00edcia militar de Chapad\u00e3o do Sul foi acionada via 190, [&hellip;]<\/p>\n","protected":false},"author":5,"featured_media":203225,"comment_status":"closed","ping_status":"closed","sticky":false,"template":"","format":"standard","meta":{"footnotes":""},"categories":[23,38],"tags":[],"class_list":["post-242324","post","type-post","status-publish","format-standard","has-post-thumbnail","hentry","category-chapadao-do-sul","category-policia"],"_links":{"self":[{"href":"https:\/\/www.ocorreionews.com.br\/acervo-correio\/index.php?rest_route=\/wp\/v2\/posts\/242324","targetHints":{"allow":["GET"]}}],"collection":[{"href":"https:\/\/www.ocorreionews.com.br\/acervo-correio\/index.php?rest_route=\/wp\/v2\/posts"}],"about":[{"href":"https:\/\/www.ocorreionews.com.br\/acervo-correio\/index.php?rest_route=\/wp\/v2\/types\/post"}],"author":[{"embeddable":true,"href":"https:\/\/www.ocorreionews.com.br\/acervo-correio\/index.php?rest_route=\/wp\/v2\/users\/5"}],"replies":[{"embeddable":true,"href":"https:\/\/www.ocorreionews.com.br\/acervo-correio\/index.php?rest_route=%2Fwp%2Fv2%2Fcomments&post=242324"}],"version-history":[{"count":1,"href":"https:\/\/www.ocorreionews.com.br\/acervo-correio\/index.php?rest_route=\/wp\/v2\/posts\/242324\/revisions"}],"predecessor-version":[{"id":242368,"href":"https:\/\/www.ocorreionews.com.br\/acervo-correio\/index.php?rest_route=\/wp\/v2\/posts\/242324\/revisions\/242368"}],"wp:featuredmedia":[{"embeddable":true,"href":"https:\/\/www.ocorreionews.com.br\/acervo-correio\/index.php?rest_route=\/wp\/v2\/media\/203225"}],"wp:attachment":[{"href":"https:\/\/www.ocorreionews.com.br\/acervo-correio\/index.php?rest_route=%2Fwp%2Fv2%2Fmedia&parent=242324"}],"wp:term":[{"taxonomy":"category","embeddable":true,"href":"https:\/\/www.ocorreionews.com.br\/acervo-correio\/index.php?rest_route=%2Fwp%2Fv2%2Fcategories&post=242324"},{"taxonomy":"post_tag","embeddable":true,"href":"https:\/\/www.ocorreionews.com.br\/acervo-correio\/index.php?rest_route=%2Fwp%2Fv2%2Ftags&post=242324"}],"curies":[{"name":"wp","href":"https:\/\/api.w.org\/{rel}","templated":true}]}}