{"id":242330,"date":"2023-06-12T15:09:37","date_gmt":"2023-06-12T19:09:37","guid":{"rendered":"https:\/\/www.ocorreionews.com.br\/acervo-correio\/?p=242330"},"modified":"2023-06-12T15:09:37","modified_gmt":"2023-06-12T19:09:37","slug":"paraiso-das-aguas-tera-primeira-perita-papiloscopista-da-policia-civil","status":"publish","type":"post","link":"https:\/\/www.ocorreionews.com.br\/acervo-correio\/?p=242330","title":{"rendered":"Para\u00edso das \u00c1guas ter\u00e1 primeira perita papiloscopista da Pol\u00edcia Civil"},"content":{"rendered":"<p class=\"x_MsoNormal\">O Prefeito de Para\u00edso das \u00c1guas, An\u00edzio de Andrade, acompanhado da Secret\u00e1ria Municipal de Assist\u00eancia Social, Habita\u00e7\u00e3o e Cidadania, Rozilda Pereira, recebeu na manh\u00e3 desta segunda-feira (12), em seu gabinete, a equipe da Pol\u00edcia Civil de Para\u00edso das \u00c1guas.<\/p>\n<p class=\"x_MsoNormal\">Liderados pelo delegado Igor Duarte Souza, a equipe veio at\u00e9 o gabinete do prefeito para apresentar a primeira papiloscopista concursada a prestar atendimento no munic\u00edpio, a policial Graziela Portilho Monteiro Soares.<\/p>\n<p class=\"x_MsoNormal\">O Papiloscopista \u00e9 o profissional especialista e habilitado que faz uso da papiloscopia para a identifica\u00e7\u00e3o de pessoas e demais atividades de sua responsabilidade. A coleta de fragmentos humanos no local do crime \u00e9 a principal atividade de um papiloscopista.<\/p>\n<p class=\"x_MsoNormal\">O prefeito An\u00edzio Andrade deu as boas vindas a nova profissional da seguran\u00e7a p\u00fablica.<\/p>\n<p class=\"x_MsoNormal\">\u201cPara\u00edso das \u00c1guas e a seguran\u00e7a de nossa gente ganha muito com a chegada dessa profissional que vem somar ao efetivo policial de nosso munic\u00edpio. Seja bem-vinda a nossa cidade\u201d, afirmou o prefeito.<\/p>\n<div>ascom<\/div>\n","protected":false},"excerpt":{"rendered":"<p>O Prefeito de Para\u00edso das \u00c1guas, An\u00edzio de Andrade, acompanhado da Secret\u00e1ria Municipal de Assist\u00eancia Social, Habita\u00e7\u00e3o e Cidadania, Rozilda Pereira, recebeu na manh\u00e3 desta segunda-feira (12), em seu gabinete, a equipe da Pol\u00edcia Civil de Para\u00edso das \u00c1guas. Liderados pelo delegado Igor Duarte Souza, a equipe veio at\u00e9 o gabinete do prefeito para apresentar [&hellip;]<\/p>\n","protected":false},"author":4,"featured_media":242331,"comment_status":"closed","ping_status":"closed","sticky":false,"template":"","format":"standard","meta":{"footnotes":""},"categories":[36],"tags":[],"class_list":["post-242330","post","type-post","status-publish","format-standard","has-post-thumbnail","hentry","category-paraiso-das-aguas"],"_links":{"self":[{"href":"https:\/\/www.ocorreionews.com.br\/acervo-correio\/index.php?rest_route=\/wp\/v2\/posts\/242330","targetHints":{"allow":["GET"]}}],"collection":[{"href":"https:\/\/www.ocorreionews.com.br\/acervo-correio\/index.php?rest_route=\/wp\/v2\/posts"}],"about":[{"href":"https:\/\/www.ocorreionews.com.br\/acervo-correio\/index.php?rest_route=\/wp\/v2\/types\/post"}],"author":[{"embeddable":true,"href":"https:\/\/www.ocorreionews.com.br\/acervo-correio\/index.php?rest_route=\/wp\/v2\/users\/4"}],"replies":[{"embeddable":true,"href":"https:\/\/www.ocorreionews.com.br\/acervo-correio\/index.php?rest_route=%2Fwp%2Fv2%2Fcomments&post=242330"}],"version-history":[{"count":1,"href":"https:\/\/www.ocorreionews.com.br\/acervo-correio\/index.php?rest_route=\/wp\/v2\/posts\/242330\/revisions"}],"predecessor-version":[{"id":242334,"href":"https:\/\/www.ocorreionews.com.br\/acervo-correio\/index.php?rest_route=\/wp\/v2\/posts\/242330\/revisions\/242334"}],"wp:featuredmedia":[{"embeddable":true,"href":"https:\/\/www.ocorreionews.com.br\/acervo-correio\/index.php?rest_route=\/wp\/v2\/media\/242331"}],"wp:attachment":[{"href":"https:\/\/www.ocorreionews.com.br\/acervo-correio\/index.php?rest_route=%2Fwp%2Fv2%2Fmedia&parent=242330"}],"wp:term":[{"taxonomy":"category","embeddable":true,"href":"https:\/\/www.ocorreionews.com.br\/acervo-correio\/index.php?rest_route=%2Fwp%2Fv2%2Fcategories&post=242330"},{"taxonomy":"post_tag","embeddable":true,"href":"https:\/\/www.ocorreionews.com.br\/acervo-correio\/index.php?rest_route=%2Fwp%2Fv2%2Ftags&post=242330"}],"curies":[{"name":"wp","href":"https:\/\/api.w.org\/{rel}","templated":true}]}}