{"id":242332,"date":"2023-06-12T15:30:32","date_gmt":"2023-06-12T19:30:32","guid":{"rendered":"https:\/\/www.ocorreionews.com.br\/acervo-correio\/?p=242332"},"modified":"2023-06-12T15:30:32","modified_gmt":"2023-06-12T19:30:32","slug":"motorista-embriagado-colide-na-traseira-de-veiculo-que-aguardava-para-entrar-em-rotatoria-de-chapadao-do-sul","status":"publish","type":"post","link":"https:\/\/www.ocorreionews.com.br\/acervo-correio\/?p=242332","title":{"rendered":"Motorista embriagado colide na traseira de ve\u00edculo que aguardava para entrar em rotat\u00f3ria de Chapad\u00e3o do Sul"},"content":{"rendered":"<p>No inicio da noite deste domingo (11), um homem de 58 anos, foi preso por embriagues ao volante, depois de colidir seu ve\u00edculo na traseira de outro que aguardava para entrar em um rotat\u00f3ria de uma avenida em Chapad\u00e3o do Sul.<\/p>\n<p>De acordo com informa\u00e7\u00f5es do Boletim de Ocorr\u00eancia, por volta das 18h20min a pol\u00edcia Militar de Chapad\u00e3o do Sul, foi acionada para comparecer a uma ocorr\u00eancia de acidente de tr\u00e2nsito, onde o comunicante informou que estava aguardando sua vez para adentrar a rotat\u00f3ria na Avenida Mato Grosso do Sul, quando o autor que dirigia um Palio Weekendy colidiu na parte traseira do seu ve\u00edculo.<\/p>\n<p>O autor estava embriagado e ainda se negou fazer o teste de etilometro, dizendo ser amigo de policiais de outra regi\u00e3o e que \u201cisso n\u00e3o ia ficar assim\u201d, pois ele \u00e9 muito \u201cinfluente\u201d.<\/p>\n<p>Foi dado voz de pris\u00e3o ao mesmo e assim foi conduzido a Delegacia de Policia Civil para as medidas subsequentes.<\/p>\n","protected":false},"excerpt":{"rendered":"<p>No inicio da noite deste domingo (11), um homem de 58 anos, foi preso por embriagues ao volante, depois de colidir seu ve\u00edculo na traseira de outro que aguardava para entrar em um rotat\u00f3ria de uma avenida em Chapad\u00e3o do Sul. De acordo com informa\u00e7\u00f5es do Boletim de Ocorr\u00eancia, por volta das 18h20min a pol\u00edcia [&hellip;]<\/p>\n","protected":false},"author":5,"featured_media":98838,"comment_status":"closed","ping_status":"closed","sticky":false,"template":"","format":"standard","meta":{"footnotes":""},"categories":[23,38],"tags":[],"class_list":["post-242332","post","type-post","status-publish","format-standard","has-post-thumbnail","hentry","category-chapadao-do-sul","category-policia"],"_links":{"self":[{"href":"https:\/\/www.ocorreionews.com.br\/acervo-correio\/index.php?rest_route=\/wp\/v2\/posts\/242332","targetHints":{"allow":["GET"]}}],"collection":[{"href":"https:\/\/www.ocorreionews.com.br\/acervo-correio\/index.php?rest_route=\/wp\/v2\/posts"}],"about":[{"href":"https:\/\/www.ocorreionews.com.br\/acervo-correio\/index.php?rest_route=\/wp\/v2\/types\/post"}],"author":[{"embeddable":true,"href":"https:\/\/www.ocorreionews.com.br\/acervo-correio\/index.php?rest_route=\/wp\/v2\/users\/5"}],"replies":[{"embeddable":true,"href":"https:\/\/www.ocorreionews.com.br\/acervo-correio\/index.php?rest_route=%2Fwp%2Fv2%2Fcomments&post=242332"}],"version-history":[{"count":1,"href":"https:\/\/www.ocorreionews.com.br\/acervo-correio\/index.php?rest_route=\/wp\/v2\/posts\/242332\/revisions"}],"predecessor-version":[{"id":242350,"href":"https:\/\/www.ocorreionews.com.br\/acervo-correio\/index.php?rest_route=\/wp\/v2\/posts\/242332\/revisions\/242350"}],"wp:featuredmedia":[{"embeddable":true,"href":"https:\/\/www.ocorreionews.com.br\/acervo-correio\/index.php?rest_route=\/wp\/v2\/media\/98838"}],"wp:attachment":[{"href":"https:\/\/www.ocorreionews.com.br\/acervo-correio\/index.php?rest_route=%2Fwp%2Fv2%2Fmedia&parent=242332"}],"wp:term":[{"taxonomy":"category","embeddable":true,"href":"https:\/\/www.ocorreionews.com.br\/acervo-correio\/index.php?rest_route=%2Fwp%2Fv2%2Fcategories&post=242332"},{"taxonomy":"post_tag","embeddable":true,"href":"https:\/\/www.ocorreionews.com.br\/acervo-correio\/index.php?rest_route=%2Fwp%2Fv2%2Ftags&post=242332"}],"curies":[{"name":"wp","href":"https:\/\/api.w.org\/{rel}","templated":true}]}}