{"id":242343,"date":"2023-06-12T15:24:22","date_gmt":"2023-06-12T19:24:22","guid":{"rendered":"https:\/\/www.ocorreionews.com.br\/acervo-correio\/?p=242343"},"modified":"2023-06-12T15:24:22","modified_gmt":"2023-06-12T19:24:22","slug":"parceria-entre-prefeitura-senai-e-sebrae-garante-qualificacao-profissional-para-moradoras-de-paraiso","status":"publish","type":"post","link":"https:\/\/www.ocorreionews.com.br\/acervo-correio\/?p=242343","title":{"rendered":"Parceria entre Prefeitura, Senai e Sebrae garante qualifica\u00e7\u00e3o profissional para moradoras de Para\u00edso"},"content":{"rendered":"<p class=\"x_MsoNormal\">Encerrou na \u00faltima semana o Curso de Costura gratuito oferecido para a popula\u00e7\u00e3o de Para\u00edso das \u00c1guas por meio de parceria com o Sebrae e Senai de Mato Grosso do Sul. O curso foi mais uma a\u00e7\u00e3o do Programa Cidade Empreendedora, do qual Para\u00edso das \u00c1guas participa ativamente desde o in\u00edcio.<\/p>\n<p class=\"x_MsoNormal\">O curso teve a dura\u00e7\u00e3o de 7 dias e teve como objetivo ensinar um novo ramo de trabalho para as alunas que durante este per\u00edodo se dedicaram ao aprendizado.<\/p>\n<p><a href=\"https:\/\/www.ocorreionews.com.br\/acervo-correio\/wp-content\/uploads\/2023\/06\/curso-concluido-sebraes3.jpeg\"><img loading=\"lazy\" decoding=\"async\" class=\"alignnone size-full wp-image-242348\" src=\"https:\/\/www.ocorreionews.com.br\/acervo-correio\/wp-content\/uploads\/2023\/06\/curso-concluido-sebraes3.jpeg\" alt=\"\" width=\"1600\" height=\"721\" srcset=\"https:\/\/www.ocorreionews.com.br\/acervo-correio\/wp-content\/uploads\/2023\/06\/curso-concluido-sebraes3.jpeg 1600w, https:\/\/www.ocorreionews.com.br\/acervo-correio\/wp-content\/uploads\/2023\/06\/curso-concluido-sebraes3-300x135.jpeg 300w, https:\/\/www.ocorreionews.com.br\/acervo-correio\/wp-content\/uploads\/2023\/06\/curso-concluido-sebraes3-1024x461.jpeg 1024w, https:\/\/www.ocorreionews.com.br\/acervo-correio\/wp-content\/uploads\/2023\/06\/curso-concluido-sebraes3-768x346.jpeg 768w, https:\/\/www.ocorreionews.com.br\/acervo-correio\/wp-content\/uploads\/2023\/06\/curso-concluido-sebraes3-1536x692.jpeg 1536w\" sizes=\"auto, (max-width: 1600px) 100vw, 1600px\" \/><\/a><\/p>\n<p class=\"x_MsoNormal\">A mais experiente das alunas, Moralina C\u00e2ndida Garcia, 79 anos, conta o motivo de se inscrever no curso e participar de todas as etapas at\u00e9 o encerramento.<\/p>\n<p class=\"x_MsoNormal\">\u201cNa minha inf\u00e2ncia, aos 14 anos, aprendi a tra\u00e7ar os moldes e iniciei na costura. Depois fui trabalhar em outra \u00e1rea e acabei nunca mais costurando. Agora, j\u00e1 aposentada, vi no curso do Sebrae uma oportunidade para revisitar aquela \u00e9poca, reaprender a costurar, aprender a trabalhar com essas m\u00e1quinas mais modernas. Foram dias muito agrad\u00e1veis e de muito aprendizado\u201d, afirmou a professora aposentada.<\/p>\n<p><a href=\"https:\/\/www.ocorreionews.com.br\/acervo-correio\/wp-content\/uploads\/2023\/06\/curso-concluido-sebraes.jpeg\"><img loading=\"lazy\" decoding=\"async\" class=\"alignnone size-full wp-image-242345\" src=\"https:\/\/www.ocorreionews.com.br\/acervo-correio\/wp-content\/uploads\/2023\/06\/curso-concluido-sebraes.jpeg\" alt=\"\" width=\"1600\" height=\"720\" srcset=\"https:\/\/www.ocorreionews.com.br\/acervo-correio\/wp-content\/uploads\/2023\/06\/curso-concluido-sebraes.jpeg 1600w, https:\/\/www.ocorreionews.com.br\/acervo-correio\/wp-content\/uploads\/2023\/06\/curso-concluido-sebraes-300x135.jpeg 300w, https:\/\/www.ocorreionews.com.br\/acervo-correio\/wp-content\/uploads\/2023\/06\/curso-concluido-sebraes-1024x461.jpeg 1024w, https:\/\/www.ocorreionews.com.br\/acervo-correio\/wp-content\/uploads\/2023\/06\/curso-concluido-sebraes-768x346.jpeg 768w, https:\/\/www.ocorreionews.com.br\/acervo-correio\/wp-content\/uploads\/2023\/06\/curso-concluido-sebraes-1536x691.jpeg 1536w\" sizes=\"auto, (max-width: 1600px) 100vw, 1600px\" \/><\/a><\/p>\n<p class=\"x_MsoNormal\">De acordo com o prefeito de Para\u00edso das \u00c1guas, An\u00edzio de Andrade, a\u00e7\u00f5es que visem proporcionar qualifica\u00e7\u00e3o profissional e a oportunidade de aprender novos of\u00edcios devem ser sempre encorajadas e apoiadas pelo executivo municipal.<\/p>\n<p class=\"x_MsoNormal\">\u201cEstes cursos podem mudar as vidas das pessoas, outros dever\u00e3o vir em breve para nosso munic\u00edpio. A parceria da prefeitura com o Sebrae, Senai e Governo do Estado de Mato Grosso do Sul \u00e9 imprescind\u00edvel para o desenvolvimento de nosso munic\u00edpio\u201d, afirmou o prefeito.<\/p>\n<p class=\"x_MsoNormal\">No \u00faltimo dia de aula, as alunas receberam a visita do Prefeito An\u00edzio de Andrade e da Coordenadora de Pol\u00edticas P\u00fablicas para mulheres, Alexia Nogueira. Na ocasi\u00e3o as novas costureiras puderam contar para a equipe do executivo municipal suas experi\u00eancias durante o curso.<\/p>\n<p>Assecom<\/p>\n","protected":false},"excerpt":{"rendered":"<p>Encerrou na \u00faltima semana o Curso de Costura gratuito oferecido para a popula\u00e7\u00e3o de Para\u00edso das \u00c1guas por meio de parceria com o Sebrae e Senai de Mato Grosso do Sul. O curso foi mais uma a\u00e7\u00e3o do Programa Cidade Empreendedora, do qual Para\u00edso das \u00c1guas participa ativamente desde o in\u00edcio. O curso teve a [&hellip;]<\/p>\n","protected":false},"author":4,"featured_media":242341,"comment_status":"closed","ping_status":"closed","sticky":false,"template":"","format":"standard","meta":{"footnotes":""},"categories":[36],"tags":[],"class_list":["post-242343","post","type-post","status-publish","format-standard","has-post-thumbnail","hentry","category-paraiso-das-aguas"],"_links":{"self":[{"href":"https:\/\/www.ocorreionews.com.br\/acervo-correio\/index.php?rest_route=\/wp\/v2\/posts\/242343","targetHints":{"allow":["GET"]}}],"collection":[{"href":"https:\/\/www.ocorreionews.com.br\/acervo-correio\/index.php?rest_route=\/wp\/v2\/posts"}],"about":[{"href":"https:\/\/www.ocorreionews.com.br\/acervo-correio\/index.php?rest_route=\/wp\/v2\/types\/post"}],"author":[{"embeddable":true,"href":"https:\/\/www.ocorreionews.com.br\/acervo-correio\/index.php?rest_route=\/wp\/v2\/users\/4"}],"replies":[{"embeddable":true,"href":"https:\/\/www.ocorreionews.com.br\/acervo-correio\/index.php?rest_route=%2Fwp%2Fv2%2Fcomments&post=242343"}],"version-history":[{"count":1,"href":"https:\/\/www.ocorreionews.com.br\/acervo-correio\/index.php?rest_route=\/wp\/v2\/posts\/242343\/revisions"}],"predecessor-version":[{"id":242349,"href":"https:\/\/www.ocorreionews.com.br\/acervo-correio\/index.php?rest_route=\/wp\/v2\/posts\/242343\/revisions\/242349"}],"wp:featuredmedia":[{"embeddable":true,"href":"https:\/\/www.ocorreionews.com.br\/acervo-correio\/index.php?rest_route=\/wp\/v2\/media\/242341"}],"wp:attachment":[{"href":"https:\/\/www.ocorreionews.com.br\/acervo-correio\/index.php?rest_route=%2Fwp%2Fv2%2Fmedia&parent=242343"}],"wp:term":[{"taxonomy":"category","embeddable":true,"href":"https:\/\/www.ocorreionews.com.br\/acervo-correio\/index.php?rest_route=%2Fwp%2Fv2%2Fcategories&post=242343"},{"taxonomy":"post_tag","embeddable":true,"href":"https:\/\/www.ocorreionews.com.br\/acervo-correio\/index.php?rest_route=%2Fwp%2Fv2%2Ftags&post=242343"}],"curies":[{"name":"wp","href":"https:\/\/api.w.org\/{rel}","templated":true}]}}