{"id":242346,"date":"2023-06-12T15:37:59","date_gmt":"2023-06-12T19:37:59","guid":{"rendered":"https:\/\/www.ocorreionews.com.br\/acervo-correio\/?p=242346"},"modified":"2023-06-12T15:37:59","modified_gmt":"2023-06-12T19:37:59","slug":"policia-civil-recupera-bicicleta-furtada-no-centro-de-costa-rica","status":"publish","type":"post","link":"https:\/\/www.ocorreionews.com.br\/acervo-correio\/?p=242346","title":{"rendered":"Pol\u00edcia Civil recupera Bicicleta Furtada no centro de Costa Rica."},"content":{"rendered":"<p>A Se\u00e7\u00e3o de Investiga\u00e7\u00f5es Gerais &#8211; SIG da Pol\u00edcia Civil, por meio de dilig\u00eancias e investiga\u00e7\u00f5es, conseguiu recuperar uma bicicleta que havia sido furtada no dia 08 de junho de 2023, no centro de Costa Rica.<\/p>\n<p>E nesta segunda-feira (12), a equipe de investiga\u00e7\u00e3o, ap\u00f3s receber informa\u00e7\u00f5es pertinentes, deslocou-se at\u00e9 uma \u00e1rea pr\u00f3xima ao Clube do La\u00e7o, onde a bicicleta foi encontrada escondida em um matagal.<\/p>\n<p>A bicicleta recuperada foi identificada como sendo a mesma que havia sido furtada, conforme registrado no Boletim de Ocorr\u00eancia n\u00famero 886\/2023-DP-Costa Rica-MS. A bicicleta encontrava-se em bom estado de conserva\u00e7\u00e3o e foi devidamente apreendida, sendo entregue posteriormente ao seu leg\u00edtimo propriet\u00e1rio.<\/p>\n<p>O autor do furto foi devidamente identificado, e ser\u00e3o tomadas as provid\u00eancias necess\u00e1rias para seu interrogat\u00f3rio e indiciamento pelo crime cometido.<\/p>\n<p>A Pol\u00edcia Civil reitera seu compromisso com a investiga\u00e7\u00e3o e solu\u00e7\u00e3o de crimes, atuando de forma incans\u00e1vel para garantir a seguran\u00e7a e tranquilidade da popula\u00e7\u00e3o de Costa Rica.<\/p>\n<p>A popula\u00e7\u00e3o \u00e9 encorajada a contribuir com informa\u00e7\u00f5es sobre atividades criminosas, podendo fazer den\u00fancias an\u00f4nimas por meio do telefone 3247 6500, garantindo o anonimato e auxiliando nas investiga\u00e7\u00f5es.<\/p>\n<p>&nbsp;<\/p>\n<p>&nbsp;<\/p>\n<p>*Pol\u00edcia Civil<\/p>\n","protected":false},"excerpt":{"rendered":"<p>A Se\u00e7\u00e3o de Investiga\u00e7\u00f5es Gerais &#8211; SIG da Pol\u00edcia Civil, por meio de dilig\u00eancias e investiga\u00e7\u00f5es, conseguiu recuperar uma bicicleta que havia sido furtada no dia 08 de junho de 2023, no centro de Costa Rica. E nesta segunda-feira (12), a equipe de investiga\u00e7\u00e3o, ap\u00f3s receber informa\u00e7\u00f5es pertinentes, deslocou-se at\u00e9 uma \u00e1rea pr\u00f3xima ao Clube [&hellip;]<\/p>\n","protected":false},"author":5,"featured_media":242353,"comment_status":"closed","ping_status":"closed","sticky":false,"template":"","format":"standard","meta":{"footnotes":""},"categories":[25,38],"tags":[],"class_list":["post-242346","post","type-post","status-publish","format-standard","has-post-thumbnail","hentry","category-costa-rica","category-policia"],"_links":{"self":[{"href":"https:\/\/www.ocorreionews.com.br\/acervo-correio\/index.php?rest_route=\/wp\/v2\/posts\/242346","targetHints":{"allow":["GET"]}}],"collection":[{"href":"https:\/\/www.ocorreionews.com.br\/acervo-correio\/index.php?rest_route=\/wp\/v2\/posts"}],"about":[{"href":"https:\/\/www.ocorreionews.com.br\/acervo-correio\/index.php?rest_route=\/wp\/v2\/types\/post"}],"author":[{"embeddable":true,"href":"https:\/\/www.ocorreionews.com.br\/acervo-correio\/index.php?rest_route=\/wp\/v2\/users\/5"}],"replies":[{"embeddable":true,"href":"https:\/\/www.ocorreionews.com.br\/acervo-correio\/index.php?rest_route=%2Fwp%2Fv2%2Fcomments&post=242346"}],"version-history":[{"count":1,"href":"https:\/\/www.ocorreionews.com.br\/acervo-correio\/index.php?rest_route=\/wp\/v2\/posts\/242346\/revisions"}],"predecessor-version":[{"id":242354,"href":"https:\/\/www.ocorreionews.com.br\/acervo-correio\/index.php?rest_route=\/wp\/v2\/posts\/242346\/revisions\/242354"}],"wp:featuredmedia":[{"embeddable":true,"href":"https:\/\/www.ocorreionews.com.br\/acervo-correio\/index.php?rest_route=\/wp\/v2\/media\/242353"}],"wp:attachment":[{"href":"https:\/\/www.ocorreionews.com.br\/acervo-correio\/index.php?rest_route=%2Fwp%2Fv2%2Fmedia&parent=242346"}],"wp:term":[{"taxonomy":"category","embeddable":true,"href":"https:\/\/www.ocorreionews.com.br\/acervo-correio\/index.php?rest_route=%2Fwp%2Fv2%2Fcategories&post=242346"},{"taxonomy":"post_tag","embeddable":true,"href":"https:\/\/www.ocorreionews.com.br\/acervo-correio\/index.php?rest_route=%2Fwp%2Fv2%2Ftags&post=242346"}],"curies":[{"name":"wp","href":"https:\/\/api.w.org\/{rel}","templated":true}]}}